{"id":34409,"date":"2024-08-05T19:19:52","date_gmt":"2024-08-05T19:19:52","guid":{"rendered":"https:\/\/fpvoleibol.pt\/fpv\/?p=34409"},"modified":"2024-08-12T10:23:56","modified_gmt":"2024-08-12T10:23:56","slug":"sub-20-estreiam-se-com-triunfo-no-europeu","status":"publish","type":"post","link":"https:\/\/fpvoleibol.pt\/fpv\/2024\/08\/05\/sub-20-estreiam-se-com-triunfo-no-europeu\/","title":{"rendered":"SUB-20 ESTREIAM-SE COM TRIUNFO NO EUROPEU"},"content":{"rendered":"<p style=\"text-align: center;\"><strong><img loading=\"lazy\" decoding=\"async\" class=\"size-full wp-image-34413 aligncenter\" src=\"https:\/\/fpvoleibol.pt\/fpv\/wp-content\/uploads\/2024\/08\/u20fem_portugal_d.jpg\" alt=\"\" width=\"960\" height=\"570\" srcset=\"https:\/\/fpvoleibol.pt\/fpv\/wp-content\/uploads\/2024\/08\/u20fem_portugal_d.jpg 960w, https:\/\/fpvoleibol.pt\/fpv\/wp-content\/uploads\/2024\/08\/u20fem_portugal_d-300x178.jpg 300w, https:\/\/fpvoleibol.pt\/fpv\/wp-content\/uploads\/2024\/08\/u20fem_portugal_d-768x456.jpg 768w\" sizes=\"auto, (max-width: 960px) 100vw, 960px\" \/>Portugal faz a sua estreia hist\u00f3rica na fase final do #EuroVolleyU20W depois de vencer, de forma sensacional, todos os seus jogos nas eliminat\u00f3rias da 2.\u00aa Ronda, disputada em Barcelos.<\/strong><\/p>\n<p>A <strong>Selec\u00e7\u00e3o Nacional de Sub-20 Femininos,<\/strong> orientada por <strong>Jo\u00e3o Carronha<\/strong>, entrou hoje em for\u00e7a na Fase Final do <a href=\"https:\/\/www.cev.eu\/national-team\/age-group-championships\/u20w-2024\/#final-round\"><strong>Campeonato da Europa<\/strong><\/a>, vencendo na estreia a <span style=\"text-decoration: underline;\">Irlanda<\/span> por desnivelados <a href=\"https:\/\/www-old.cev.eu\/Competition-Area\/MatchStatistics.aspx?ID=73397\">3-0 (25-12, 25-8 e 25-11<\/a>), no jogo de estreia na Pool II, com sede na Irlanda (Dublin), onde Portugal vai defrontar ainda as selec\u00e7\u00f5es da S\u00e9rvia, Pol\u00f3nia, It\u00e1lia, Finl\u00e2ndia, Ch\u00e9quia e Ucr\u00e2nia.<br \/>\nA Pool I, organizada pela Bulg\u00e1ria (S\u00f3fia), \u00e9 ainda formada por Turquia, Cro\u00e1cia, Pa\u00edses Baixos, Eslov\u00e9nia, Espanha, B\u00e9lgica e Su\u00e9cia.<\/p>\n<p>Frente \u00e0s irlandesas, <strong>Ana Garrido, Joana Garcez <\/strong>e <strong>Ana Monteiro<\/strong>, respectivamente com 11, 9 e 8 pontos, cotaram-se como as melhores pontuadoras do jogo.\u00a0\u00a0Ver estat\u00edstica <a href=\"https:\/\/www-old.cev.eu\/Competition-Area\/MatchStatistics.aspx?ID=73397\">AQUI<\/a><\/p>\n<p style=\"text-align: center;\"><strong>Pedro Lopes Pinto<\/strong> \u00e9 o \u00e1rbitro portugu\u00eas presente no Campeonato da Europa.<\/p>\n<p style=\"text-align: center;\"><span style=\"text-decoration: underline;\"><strong><img loading=\"lazy\" decoding=\"async\" class=\"size-full wp-image-34414 aligncenter\" src=\"https:\/\/fpvoleibol.pt\/fpv\/wp-content\/uploads\/2024\/08\/u20fem_ita.jpg\" alt=\"\" width=\"960\" height=\"639\" srcset=\"https:\/\/fpvoleibol.pt\/fpv\/wp-content\/uploads\/2024\/08\/u20fem_ita.jpg 960w, https:\/\/fpvoleibol.pt\/fpv\/wp-content\/uploads\/2024\/08\/u20fem_ita-300x200.jpg 300w, https:\/\/fpvoleibol.pt\/fpv\/wp-content\/uploads\/2024\/08\/u20fem_ita-768x511.jpg 768w\" sizes=\"auto, (max-width: 960px) 100vw, 960px\" \/>Amanh\u00e3, ao final da manh\u00e3, as portuguesas defrontam as italianas, as actuais campe\u00e3s europeias, que hoje derrotaram (3-0: 25-21, 25-19 e 25-19) as checas.<\/strong><\/span><\/p>\n<p>As portuguesas, que conquistaram, invictas, o 1.\u00ba lugar da <a href=\"https:\/\/www.cev.eu\/national-team\/age-group-championships\/u20w-2024\/#2nd-round\"><strong>Pool E da 2.\u00aa Ronda de Qualifica\u00e7\u00e3o para o Campeonato da Europa de Sub-20 Femininos 2024<\/strong><\/a>, realizada no Pavilh\u00e3o Desportivo Col\u00e9gio La Salle, em Barcelos, n\u00e3o ter\u00e3o vida f\u00e1cil, pois ir\u00e3o defrontar a It\u00e1lia, campe\u00e3 europeia em t\u00edtulo (2022) e 3.\u00aa classificada no mundial de Sub-19 (2023), a S\u00e9rvia, vice-campe\u00e3 europeia, e a Pol\u00f3nia, 3.\u00ba classificada no \u00faltimo Europeu de Sub-19.<\/p>\n<p>Nas 16 selec\u00e7\u00f5es participantes, o destaque maior vai para as medalhadas com o ouro, a prata e o bronze no Europeu de Sub-19 em 2022, respectivamente a It\u00e1lia, a S\u00e9rvia e a Pol\u00f3nia, todas inseridas na Pool II, e para a Turquia e para a Cro\u00e1cia, respectivamente vice-campe\u00e3 e 5.\u00aa classificada no Mundial de Sub-19 em 2023, que pertencem \u00e0 Pool I.<\/p>\n<p>Os dois primeiros classificados de cada pool avan\u00e7am para as meias-finais, que ser\u00e3o disputadas na capital b\u00falgara, S\u00f3fia.<\/p>\n<p style=\"text-align: center;\"><span style=\"font-size: 10pt;\"><strong><img loading=\"lazy\" decoding=\"async\" class=\"size-full wp-image-31923 aligncenter\" src=\"https:\/\/fpvoleibol.pt\/fpv\/wp-content\/uploads\/2024\/04\/U20W_2024_DOL_Pools.jpg\" alt=\"\" width=\"960\" height=\"575\" srcset=\"https:\/\/fpvoleibol.pt\/fpv\/wp-content\/uploads\/2024\/04\/U20W_2024_DOL_Pools.jpg 960w, https:\/\/fpvoleibol.pt\/fpv\/wp-content\/uploads\/2024\/04\/U20W_2024_DOL_Pools-300x180.jpg 300w, https:\/\/fpvoleibol.pt\/fpv\/wp-content\/uploads\/2024\/04\/U20W_2024_DOL_Pools-768x460.jpg 768w\" sizes=\"auto, (max-width: 960px) 100vw, 960px\" \/>Tudo sobre a Pool E da 2.\u00aa Ronda em <a href=\"https:\/\/fpvoleibol.pt\/eurovolley2024-sub20\/\">https:\/\/fpvoleibol.pt\/eurovolley2024-sub20\/<\/a><\/strong><\/span><\/p>\n","protected":false},"excerpt":{"rendered":"<p>Portugal faz a sua estreia hist\u00f3rica na fase final do #EuroVolleyU20W depois de vencer, de forma sensacional, todos os seus jogos nas eliminat\u00f3rias da 2.\u00aa Ronda, disputada em Barcelos. A [&hellip;]<\/p>\n","protected":false},"author":2,"featured_media":34415,"comment_status":"open","ping_status":"open","sticky":false,"template":"","format":"standard","meta":{"_monsterinsights_skip_tracking":false,"_monsterinsights_sitenote_active":false,"_monsterinsights_sitenote_note":"","_monsterinsights_sitenote_category":0,"footnotes":""},"categories":[13,8],"tags":[119],"class_list":{"0":"post-34409","1":"post","2":"type-post","3":"status-publish","4":"format-standard","5":"has-post-thumbnail","7":"category-arbitragem","8":"category-voleibol","9":"tag-europeu-de-sub-20-femininos","10":"czr-hentry"},"aioseo_notices":[],"_links":{"self":[{"href":"https:\/\/fpvoleibol.pt\/fpv\/wp-json\/wp\/v2\/posts\/34409","targetHints":{"allow":["GET"]}}],"collection":[{"href":"https:\/\/fpvoleibol.pt\/fpv\/wp-json\/wp\/v2\/posts"}],"about":[{"href":"https:\/\/fpvoleibol.pt\/fpv\/wp-json\/wp\/v2\/types\/post"}],"author":[{"embeddable":true,"href":"https:\/\/fpvoleibol.pt\/fpv\/wp-json\/wp\/v2\/users\/2"}],"replies":[{"embeddable":true,"href":"https:\/\/fpvoleibol.pt\/fpv\/wp-json\/wp\/v2\/comments?post=34409"}],"version-history":[{"count":5,"href":"https:\/\/fpvoleibol.pt\/fpv\/wp-json\/wp\/v2\/posts\/34409\/revisions"}],"predecessor-version":[{"id":34476,"href":"https:\/\/fpvoleibol.pt\/fpv\/wp-json\/wp\/v2\/posts\/34409\/revisions\/34476"}],"wp:featuredmedia":[{"embeddable":true,"href":"https:\/\/fpvoleibol.pt\/fpv\/wp-json\/wp\/v2\/media\/34415"}],"wp:attachment":[{"href":"https:\/\/fpvoleibol.pt\/fpv\/wp-json\/wp\/v2\/media?parent=34409"}],"wp:term":[{"taxonomy":"category","embeddable":true,"href":"https:\/\/fpvoleibol.pt\/fpv\/wp-json\/wp\/v2\/categories?post=34409"},{"taxonomy":"post_tag","embeddable":true,"href":"https:\/\/fpvoleibol.pt\/fpv\/wp-json\/wp\/v2\/tags?post=34409"}],"curies":[{"name":"wp","href":"https:\/\/api.w.org\/{rel}","templated":true}]}}