{"id":33867,"date":"2024-07-02T20:47:37","date_gmt":"2024-07-02T20:47:37","guid":{"rendered":"https:\/\/fpvoleibol.pt\/fpv\/?p=33867"},"modified":"2024-07-03T11:03:52","modified_gmt":"2024-07-03T11:03:52","slug":"sub-22-portuguesas-enfrentam-polacas","status":"publish","type":"post","link":"https:\/\/fpvoleibol.pt\/fpv\/2024\/07\/02\/sub-22-portuguesas-enfrentam-polacas\/","title":{"rendered":"SUB-22 PORTUGUESAS ENFRENTAM POLACAS"},"content":{"rendered":"<p style=\"text-align: center;\"><span style=\"font-size: 10pt;\"><strong><img loading=\"lazy\" decoding=\"async\" class=\"size-full wp-image-33900 aligncenter\" src=\"https:\/\/fpvoleibol.pt\/fpv\/wp-content\/uploads\/2024\/07\/sub22fem_euro_porxservia_d1.jpg\" alt=\"\" width=\"960\" height=\"622\" srcset=\"https:\/\/fpvoleibol.pt\/fpv\/wp-content\/uploads\/2024\/07\/sub22fem_euro_porxservia_d1.jpg 960w, https:\/\/fpvoleibol.pt\/fpv\/wp-content\/uploads\/2024\/07\/sub22fem_euro_porxservia_d1-300x194.jpg 300w, https:\/\/fpvoleibol.pt\/fpv\/wp-content\/uploads\/2024\/07\/sub22fem_euro_porxservia_d1-768x498.jpg 768w\" sizes=\"auto, (max-width: 960px) 100vw, 960px\" \/>Selec\u00e7\u00e3o Nacional de Sub-22 Femininos defronta amanh\u00e3 a Pol\u00f3nia<br \/>\nno\u00a0<a href=\"https:\/\/www.cev.eu\/national-team\/age-group-championships\/u22w-2024\/#final-round\">Campeonato da Europa 2024<\/a>, a decorrer em Lecce, It\u00e1lia.<\/strong><\/span><\/p>\n<p>A S\u00e9rvia, vice-campe\u00e3 europeia, venceu hoje (<a href=\"https:\/\/www-old.cev.eu\/Competition-Area\/MatchStatistics.aspx?ID=72659\">3-0: 25-16, 25-12 e 25-19<\/a>) a <strong>Selec\u00e7\u00e3o Nacional de Sub-22 Femininos<\/strong>, orientada por <strong>Jo\u00e3o Santos<\/strong>, e mant\u00e9m-se invicta na lideran\u00e7a da Pool II, sediada no Palazzetto dello Sport de Copertino, em It\u00e1lia.<\/p>\n<p><strong>Marisa Pardal<\/strong>, com 15 pontos, e a s\u00e9rvia <span style=\"text-decoration: underline;\">Nevena Sajic<\/span>, com 12, foram as melhores pontuadoras do jogo. Ver estat\u00edstica <a href=\"https:\/\/www-old.cev.eu\/Competition-Area\/MatchStatistics.aspx?ID=72659\">AQUI<\/a><\/p>\n<p>Amanh\u00e3, pelas <a href=\"https:\/\/www.youtube.com\/@Federvolley.\">20h00<\/a>, e frente \u00e0s polacas \u2013 que hoje perderam (0-3: 17-25, 16-25 e 21-25) com as checas \u2013, as jovens lusitanas v\u00e3o tentar conseguir a primeira vit\u00f3ria na competi\u00e7\u00e3o. Ver jogo em directo <a href=\"https:\/\/www.youtube.com\/@Federvolley.\">aqui<\/a><\/p>\n<p><img loading=\"lazy\" decoding=\"async\" class=\"size-full wp-image-33898 aligncenter\" src=\"https:\/\/fpvoleibol.pt\/fpv\/wp-content\/uploads\/2024\/07\/sub22fem_euro_porxservia_d2.jpg\" alt=\"\" width=\"960\" height=\"640\" srcset=\"https:\/\/fpvoleibol.pt\/fpv\/wp-content\/uploads\/2024\/07\/sub22fem_euro_porxservia_d2.jpg 960w, https:\/\/fpvoleibol.pt\/fpv\/wp-content\/uploads\/2024\/07\/sub22fem_euro_porxservia_d2-300x200.jpg 300w, https:\/\/fpvoleibol.pt\/fpv\/wp-content\/uploads\/2024\/07\/sub22fem_euro_porxservia_d2-768x512.jpg 768w\" sizes=\"auto, (max-width: 960px) 100vw, 960px\" \/>Portugal est\u00e1 inserido na <span style=\"text-decoration: underline;\">Pool II<\/span>, juntamente com a S\u00e9rvia, vice-campe\u00e3 europeia, a Pol\u00f3nia, 4.\u00aa classificada no EuroVolley 2022, e a Ch\u00e9quia, ocupou o 10.\u00ba posto na classifica\u00e7\u00e3o final do \u00faltimo Europeu.<\/p>\n<p>S\u00e3o oito as selec\u00e7\u00f5es que disputam, de 1 a 6 de Julho, a segunda edi\u00e7\u00e3o do <em>#EuroVolleyU22W, <\/em>no Palazzetto Dello Sport \u00abSan Giuseppe da Copertino\u00bb, na prov\u00edncia de Lecce, na Ap\u00falia, o \u00abcalcanhar da bota\u00bb italiana.<br \/>\nA <strong>Pool I<\/strong> \u00e9 composta pela It\u00e1lia, anfitri\u00e3 da fase final e campe\u00e3 em t\u00edtulo, a Turquia, a Ucr\u00e2nia e a Let\u00f3nia.<br \/>\nA <strong>Pool II<\/strong> \u00e9 constitu\u00edda por S\u00e9rvia, Portugal, Pol\u00f3nia e Ch\u00e9quia.<\/p>\n<p>A Selec\u00e7\u00e3o Nacional de Sub-22 Femininos realizou em Barcelos, <a href=\"https:\/\/fpvoleibol.pt\/fpv\/2024\/06\/27\/sub-22-preparadas-para-as-batalhas-do-europeu\/\">onde foi recebida pela C\u00e2mara Municipal<\/a>, o est\u00e1gio de prepara\u00e7\u00e3o para a participa\u00e7\u00e3o na fase final do Campeonato da Europa.<\/p>\n<p>Tendo em vista a participa\u00e7\u00e3o no <a href=\"https:\/\/www.cev.eu\/national-team\/age-group-championships\/u22w-2024\/#final-round\">Campeonato da Europa<\/a> da categoria, a realizar entre 1 e 6 de Julho em It\u00e1lia, a equipa t\u00e9cnica da <strong>Selec\u00e7\u00e3o Nacional de Sub-22 Femininos<\/strong> convocou as seguintes 12 atletas:<\/p>\n<p style=\"text-align: center;\"><span style=\"background-color: #000000; color: #ffffff;\"><img loading=\"lazy\" decoding=\"async\" class=\"size-full wp-image-33854 aligncenter\" src=\"https:\/\/fpvoleibol.pt\/fpv\/wp-content\/uploads\/2024\/07\/snsub22fem_team_d1.jpg\" alt=\"\" width=\"960\" height=\"640\" srcset=\"https:\/\/fpvoleibol.pt\/fpv\/wp-content\/uploads\/2024\/07\/snsub22fem_team_d1.jpg 960w, https:\/\/fpvoleibol.pt\/fpv\/wp-content\/uploads\/2024\/07\/snsub22fem_team_d1-300x200.jpg 300w, https:\/\/fpvoleibol.pt\/fpv\/wp-content\/uploads\/2024\/07\/snsub22fem_team_d1-768x512.jpg 768w\" sizes=\"auto, (max-width: 960px) 100vw, 960px\" \/>COMITIVA<\/span><\/p>\n<p style=\"text-align: center;\"><span style=\"text-decoration: underline;\"><strong>AA S. Mamede<\/strong><\/span><br \/>\nMariana Santos<\/p>\n<p style=\"text-align: center;\"><span style=\"text-decoration: underline;\"><strong>Cast\u00ealo da Maia GC<\/strong><\/span><br \/>\nMargarida Santos<\/p>\n<p style=\"text-align: center;\"><span style=\"text-decoration: underline;\"><strong>FC Porto<\/strong><\/span><br \/>\nAna Monteiro<br \/>\nBruna Guedes<\/p>\n<p style=\"text-align: center;\"><span style=\"text-decoration: underline;\"><strong>Leix\u00f5es SC<\/strong><\/span><br \/>\nCarolina Costa<\/p>\n<p style=\"text-align: center;\"><span style=\"text-decoration: underline;\"><strong>SC Braga<\/strong><\/span><br \/>\nMaria Leonor Coelho<\/p>\n<p style=\"text-align: center;\"><span style=\"text-decoration: underline;\"><strong>SL Benfica<\/strong><\/span><br \/>\nAlice Clemente<br \/>\nJoana Garcez<br \/>\nMargarida Guerreiro<br \/>\nMariana Garcez<br \/>\nMarisa Pardal<\/p>\n<p style=\"text-align: center;\"><span style=\"text-decoration: underline;\"><strong>Vit\u00f3ria SC<\/strong><\/span><br \/>\nBruna Correia<\/p>\n<p style=\"text-align: center;\"><span style=\"text-decoration: underline;\"><strong>Team Manager<\/strong><\/span><br \/>\nArnaldo Rocha<\/p>\n<p style=\"text-align: center;\"><span style=\"text-decoration: underline;\"><strong>Treinador Principal<\/strong><\/span><br \/>\nJo\u00e3o Santos<\/p>\n<p style=\"text-align: center;\"><span style=\"text-decoration: underline;\"><strong>Treinador Adjunto<\/strong><\/span><br \/>\nBeatriz Santos<\/p>\n<p style=\"text-align: center;\"><span style=\"text-decoration: underline;\"><strong>Fisioterapeuta<\/strong><\/span><br \/>\nBruno Alves<\/p>\n<p><strong>NOTA<\/strong>: S\u00e3o j\u00e1 cinco as selec\u00e7\u00f5es nacionais que conseguiram o apuramento para as respectivas fases do Campeonato da Europa: Sub-18 Masculinos, Sub-20 Femininos, Sub-22 Femininos, Sub-22 Masculinos e Seniores Masculinos, sendo que a de Seniores Femininos ainda vai disputar a fase de qualifica\u00e7\u00e3o.<\/p>\n<p style=\"text-align: center;\"><strong>\u00c1rbitros portugueses em ac\u00e7\u00e3o<br \/>\nnas competi\u00e7\u00f5es internacionais<\/strong><\/p>\n<p><strong>Raquel Portela<\/strong><br \/>\nDelegada T\u00e9cnica Assistente de Voleibol nos Jogos 2024 da European University Sports Association (EUSA), a realizar nas cidades h\u00fangaras de Debrecen e Miskolc, de 7 a 17 de Julho.<br \/>\nCampeonato do Mundo de Sub-17 Femininos, em Lima, no Peru, de 17 a 24 de Agosto de 2024.<\/p>\n<p><strong>Pedro Pinto<\/strong><br \/>\nCampeonato do Mundo de Sub-17 Masculinos, em S\u00f3fia, na Bulg\u00e1ria, de 24 a 31 de Agosto de 2024.<br \/>\nCampeonato da Europa de Sub-20 Femininos, em S\u00f3fia (Bulg\u00e1ria) e Dublin (Irlanda), de 5 a 17 de Agosto de 2024.<\/p>\n<p><strong>Jos\u00e9 Caramez<\/strong><br \/>\nCampeonato da Europa de Sub-18 Masculinos, em S\u00f3fia e Plovdiv, na Bulg\u00e1ria, de 10 a 21 de Julho de 2024.<\/p>\n","protected":false},"excerpt":{"rendered":"<p>Selec\u00e7\u00e3o Nacional de Sub-22 Femininos defronta amanh\u00e3 a Pol\u00f3nia no\u00a0Campeonato da Europa 2024, a decorrer em Lecce, It\u00e1lia. A S\u00e9rvia, vice-campe\u00e3 europeia, venceu hoje (3-0: 25-16, 25-12 e 25-19) a [&hellip;]<\/p>\n","protected":false},"author":2,"featured_media":33899,"comment_status":"open","ping_status":"open","sticky":false,"template":"","format":"standard","meta":{"_monsterinsights_skip_tracking":false,"_monsterinsights_sitenote_active":false,"_monsterinsights_sitenote_note":"","_monsterinsights_sitenote_category":0,"footnotes":""},"categories":[13,8],"tags":[138,102],"class_list":{"0":"post-33867","1":"post","2":"type-post","3":"status-publish","4":"format-standard","5":"has-post-thumbnail","7":"category-arbitragem","8":"category-voleibol","9":"tag-europeu-de-sub-22-femininos","10":"tag-sub-22f2024","11":"czr-hentry"},"aioseo_notices":[],"_links":{"self":[{"href":"https:\/\/fpvoleibol.pt\/fpv\/wp-json\/wp\/v2\/posts\/33867","targetHints":{"allow":["GET"]}}],"collection":[{"href":"https:\/\/fpvoleibol.pt\/fpv\/wp-json\/wp\/v2\/posts"}],"about":[{"href":"https:\/\/fpvoleibol.pt\/fpv\/wp-json\/wp\/v2\/types\/post"}],"author":[{"embeddable":true,"href":"https:\/\/fpvoleibol.pt\/fpv\/wp-json\/wp\/v2\/users\/2"}],"replies":[{"embeddable":true,"href":"https:\/\/fpvoleibol.pt\/fpv\/wp-json\/wp\/v2\/comments?post=33867"}],"version-history":[{"count":4,"href":"https:\/\/fpvoleibol.pt\/fpv\/wp-json\/wp\/v2\/posts\/33867\/revisions"}],"predecessor-version":[{"id":33902,"href":"https:\/\/fpvoleibol.pt\/fpv\/wp-json\/wp\/v2\/posts\/33867\/revisions\/33902"}],"wp:featuredmedia":[{"embeddable":true,"href":"https:\/\/fpvoleibol.pt\/fpv\/wp-json\/wp\/v2\/media\/33899"}],"wp:attachment":[{"href":"https:\/\/fpvoleibol.pt\/fpv\/wp-json\/wp\/v2\/media?parent=33867"}],"wp:term":[{"taxonomy":"category","embeddable":true,"href":"https:\/\/fpvoleibol.pt\/fpv\/wp-json\/wp\/v2\/categories?post=33867"},{"taxonomy":"post_tag","embeddable":true,"href":"https:\/\/fpvoleibol.pt\/fpv\/wp-json\/wp\/v2\/tags?post=33867"}],"curies":[{"name":"wp","href":"https:\/\/api.w.org\/{rel}","templated":true}]}}