{"id":33742,"date":"2024-06-27T19:41:04","date_gmt":"2024-06-27T19:41:04","guid":{"rendered":"https:\/\/fpvoleibol.pt\/fpv\/?p=33742"},"modified":"2024-06-28T09:21:27","modified_gmt":"2024-06-28T09:21:27","slug":"medalha-de-prata-no-torneio-wevza","status":"publish","type":"post","link":"https:\/\/fpvoleibol.pt\/fpv\/2024\/06\/27\/medalha-de-prata-no-torneio-wevza\/","title":{"rendered":"MEDALHA DE PRATA NO TORNEIO WEVZA"},"content":{"rendered":"<p><img loading=\"lazy\" decoding=\"async\" class=\"size-full wp-image-33748 aligncenter\" src=\"https:\/\/fpvoleibol.pt\/fpv\/wp-content\/uploads\/2024\/06\/wevza_team_d.jpg\" alt=\"\" width=\"960\" height=\"570\" srcset=\"https:\/\/fpvoleibol.pt\/fpv\/wp-content\/uploads\/2024\/06\/wevza_team_d.jpg 960w, https:\/\/fpvoleibol.pt\/fpv\/wp-content\/uploads\/2024\/06\/wevza_team_d-300x178.jpg 300w, https:\/\/fpvoleibol.pt\/fpv\/wp-content\/uploads\/2024\/06\/wevza_team_d-768x456.jpg 768w\" sizes=\"auto, (max-width: 960px) 100vw, 960px\" \/>A <strong>Selec\u00e7\u00e3o Nacional de Sub-18 Masculinos<\/strong>, liderada por <strong>Diogo Rosa<\/strong>, foi medalhada com a prata no Torneio <a href=\"http:\/\/www.wevza.com\">WEVZA<\/a>* que terminou hoje no <span style=\"text-decoration: underline;\">Campo de la Juventud<\/span> da localidade espanhola de <strong>Palencia<\/strong>.<\/p>\n<p>Na final, Portugal defrontou a Espanha, que terminou invicta a competi\u00e7\u00e3o ao vencer (<a href=\"https:\/\/rfevb-web.dataproject.com\/MatchStatistics.aspx?mID=11636&amp;ID=134&amp;CID=318&amp;PID=163&amp;type=LegList\">3-0: 25-21, 25-15 e 25-23<\/a>) os nossos representantes.<br \/>\n<strong>C\u00e9sar Irache<\/strong> (MVP do torneio), com 18 pontos, e <strong>Ricardo Pedrosa<\/strong>, com 10, foram os melhores pontuadores de Espanha e Portugal. Ver estat\u00edstica <a href=\"https:\/\/rfevb-web.dataproject.com\/MatchStatistics.aspx?mID=11636&amp;ID=134&amp;CID=318&amp;PID=163&amp;type=LegList\">AQUI<\/a><\/p>\n<p style=\"text-align: center;\"><img loading=\"lazy\" decoding=\"async\" class=\"size-full wp-image-33749 aligncenter\" src=\"https:\/\/fpvoleibol.pt\/fpv\/wp-content\/uploads\/2024\/06\/wevza_sete.jpg\" alt=\"\" width=\"960\" height=\"571\" srcset=\"https:\/\/fpvoleibol.pt\/fpv\/wp-content\/uploads\/2024\/06\/wevza_sete.jpg 960w, https:\/\/fpvoleibol.pt\/fpv\/wp-content\/uploads\/2024\/06\/wevza_sete-300x178.jpg 300w, https:\/\/fpvoleibol.pt\/fpv\/wp-content\/uploads\/2024\/06\/wevza_sete-768x457.jpg 768w\" sizes=\"auto, (max-width: 960px) 100vw, 960px\" \/><span style=\"text-decoration: underline;\"><strong>O central Andr\u00e9 Leal (10) e o zona 4 Ricardo Pedrosa (11) fizeram parte do sete ideal do torneio.<\/strong><\/span><\/p>\n<p>Sobre o torneio, o <strong>Seleccionador Nacional Diogo Rosa<\/strong> salientou:<br \/>\n&#8220;<em>Encaramos este torneio como uma forma de ultimarmos a nossa prepara\u00e7\u00e3o para o Campeonato da Europa e encontr\u00e1mos aqui equipas interessantes, como a Espanha, que tem uma gera\u00e7\u00e3o bastante forte e que registou um resultado muito bom, no ano passado, no Europeu de Sub-17. <\/em><br \/>\n<em>Tem sido um crescimento como equipa e \u00e9 isso que queremos nestes jogos de prepara\u00e7\u00e3o, limpar as areias, encontrar algumas coisas que n\u00e3o conseguimos encontrar nas nossas semanas normais de treino, sobretudo em termos de oposi\u00e7\u00e3o, e ganhar ritmo competitivo e tem sido excelente nesse sentido pelo que podemos caracterizar de muito positivo o trabalho que temos vindo a desenvolver aqui, em Palencia.<\/em><br \/>\n<em>Foram embates bons para a nossa prepara\u00e7\u00e3o e no sentido daquilo que iremos encontrar e o que queremos fazer na fase final do Europeu. <\/em><br \/>\n<em>Vamos continuar a trabalhar para chegarmos \u00e0 Bulg\u00e1ria com uma selec\u00e7\u00e3o o mais competitiva poss\u00edvel<\/em>&#8220;.<\/p>\n<p><strong>Jos\u00e9 Barbosa<\/strong> (AV Braga) \u00e9 o \u00e1rbitro luso presente no torneio.<\/p>\n<p>Os portugueses est\u00e3o a preparar a sua participa\u00e7\u00e3o na <span style=\"text-decoration: underline;\">Fase Final do Campeonato da Europa<\/span>.<\/p>\n<p style=\"text-align: center;\">Todas as informa\u00e7\u00f5es sobre o torneio <a href=\"https:\/\/rfevb-web.dataproject.com\/CompetitionHome.aspx?ID=134\">AQUI<\/a><\/p>\n<p style=\"text-align: center;\"><span style=\"background-color: #000000; color: #ffffff;\"><img loading=\"lazy\" decoding=\"async\" class=\"size-full wp-image-33750 aligncenter\" src=\"https:\/\/fpvoleibol.pt\/fpv\/wp-content\/uploads\/2024\/06\/wevza_todos.jpg\" alt=\"\" width=\"960\" height=\"404\" srcset=\"https:\/\/fpvoleibol.pt\/fpv\/wp-content\/uploads\/2024\/06\/wevza_todos.jpg 960w, https:\/\/fpvoleibol.pt\/fpv\/wp-content\/uploads\/2024\/06\/wevza_todos-300x126.jpg 300w, https:\/\/fpvoleibol.pt\/fpv\/wp-content\/uploads\/2024\/06\/wevza_todos-768x323.jpg 768w\" sizes=\"auto, (max-width: 960px) 100vw, 960px\" \/>TORNEIO WEVZA<\/span><\/p>\n<p style=\"text-align: center;\"><strong>24.06.2024<\/strong><br \/>\n16h00 \u2013 <a href=\"https:\/\/rfevb-web.dataproject.com\/MatchStatistics.aspx?mID=11629&amp;ID=134&amp;CID=316&amp;PID=163&amp;type=LegList\">PORTUGAL x Espanha, 0-3<\/a> (22-25, 19-25 e 26-28)<br \/>\n18h00 \u2013 Pa\u00edses Baixos x Alemanha, 0-3 (16-25, 18-25 e 20-25)<\/p>\n<p style=\"text-align: center;\"><strong>25.06.2024<\/strong><br \/>\n16h00 \u2013 Espanha x Alemanha, 3-1 (30-32, 25-15, 25-22 e 25-18)<br \/>\n18h00 \u2013 PORTUGAL x Pa\u00edses Baixos, 3-0 (25-16, 25-20 e 26-24)<\/p>\n<p style=\"text-align: center;\"><strong>26.06.2024<\/strong><br \/>\n16h00 \u2013 Alemanha x PORTUGAL, 1-3 (20-25, 24-26, 25-21 e 21-25)<br \/>\n18h00 \u2013 Espanha x Pa\u00edses Baixos, 3-2 (23-25, 26-24, 16-25, 25-19 e 15-13)<\/p>\n<p style=\"text-align: center;\"><strong>27.06.2024<\/strong><br \/>\n16h00 \u2013 3.\u00ba e 4.\u00ba lugares: Alemanha x P. Baixos, 3-0 (25-18, 25-23 e 25-18)<br \/>\n18h00 \u2013 Final: Espanha x PORTUGAL, 3-0 (25-21, 25-15 e 25-23)<\/p>\n<p style=\"text-align: center;\"><span style=\"text-decoration: underline;\">Os jogos foram transmitidos em directo (via <em>streaming<\/em>) atrav\u00e9s deste <a href=\"https:\/\/www.youtube.com\/watch?v=qJ7EKLEgqUg\">LINK<\/a><\/span><\/p>\n<p>Tendo em vista a prepara\u00e7\u00e3o da <strong>Selec\u00e7\u00e3o Nacional de Sub-18 Masculinos<\/strong> para a <span style=\"text-decoration: underline;\">Fase Final do Campeonato da Europa<\/span>, a realizar de 10 a 21 de Julho de 2024 nas cidades b\u00falgaras de S\u00f3fia e Plovdiv, a equipa t\u00e9cnica liderada por <strong>Diogo Rosa<\/strong> tem efectuado treinos regulares na Escola Secund\u00e1ria Carolina Michaelis, no Porto, com os seguintes atletas:<\/p>\n<p style=\"text-align: center;\"><strong>AA Espinho<\/strong><br \/>\nJo\u00e3o M\u00e1ximo Fran\u00e7a<br \/>\nLu\u00eds Candeias<br \/>\nTiago Ferradaz<\/p>\n<p style=\"text-align: center;\"><strong>Cast\u00ealo da Maia GC<\/strong><br \/>\nAlexandre Cola\u00e7o<\/p>\n<p style=\"text-align: center;\"><strong>CV Oeiras<\/strong><br \/>\nLeandro Prey<br \/>\nPedro Abecasis<\/p>\n<p style=\"text-align: center;\"><strong>Esmoriz GC<br \/>\n<\/strong>Rafael Pinto<\/p>\n<p style=\"text-align: center;\"><strong>GC Vilacondense<\/strong><br \/>\nPedro Ferreira<\/p>\n<p style=\"text-align: center;\"><strong>Leix\u00f5es SC<\/strong><br \/>\nAndr\u00e9 Leal<br \/>\nFrancisco Pinho<br \/>\nGabriel Pereira<br \/>\nRodrigo Fernandes<\/p>\n<p style=\"text-align: center;\"><strong>SC Espinho<\/strong><br \/>\nMiguel Pedro Pereira<br \/>\nRicardo Pedrosa<br \/>\nVasco Dias Cardoso<\/p>\n<p style=\"text-align: center;\"><strong>SL Benfica<\/strong><br \/>\nDiogo Br\u00e1s<br \/>\nVasco Lopes<\/p>\n<p style=\"text-align: center;\"><strong>SO Marinhense<\/strong><br \/>\nAleksandr Barbazyak<\/p>\n<p style=\"text-align: center;\"><strong>VC Viana<\/strong><br \/>\nAfonso Felgueiras<br \/>\nDuarte Monteiro<\/p>\n<p>A Fase Final do Europeu de Sub-18 realiza-se nas cidades b\u00falgaras de S\u00f3fia e Plovdiv, de 10 a 21 de Julho de 2024, e Portugal integra o grupo do organizador (Pool I), constitu\u00eddo pelas selec\u00e7\u00f5es de Bulg\u00e1ria, Pol\u00f3nia, Fran\u00e7a, Turquia, Finl\u00e2ndia, \u00c1ustria e Ucr\u00e2nia.<\/p>\n<p>A Bulg\u00e1ria, que \u00e9 o anfitri\u00e3o do Europeu de Sub-18 e recebe tamb\u00e9m a primeira edi\u00e7\u00e3o do Mundial de Sub-17 (24 a 31 de Agosto), \u00e9 a actual vice-campe\u00e3 europeia de Sub-17 enquanto a Pol\u00f3nia foi 5.\u00ba classificada nessa competi\u00e7\u00e3o de 2023; a Fran\u00e7a foi vice-campe\u00e3 e a Bulg\u00e1ria foi 3.\u00aa classificada, a Pol\u00f3nia 8.\u00aa classificada e a Finl\u00e2ndia 10.\u00aa classificada no \u00faltimo Europeu de Sub-18, em 2022.<\/p>\n<p>A Pool II, igualmente constitu\u00edda por oito equipas, ser\u00e1 formada pela campe\u00e3 europeia It\u00e1lia, a Ch\u00e9quia, a B\u00e9lgica, a Eslov\u00e9nia, a Gr\u00e9cia, a Rom\u00e9nia, a Espanha e a Est\u00f3nia.<\/p>\n<p><strong>Diogo Rosa, Seleccionador Nacional<\/strong>, reconheceu:<br \/>\n&#8220;<em>Ser\u00e1 um grupo duro, certamente, mas foi isso que nos propusemos quando definimos como objectivo estar na fase final do Campeonato da Europa, o que significaria estar entre os melhores. <\/em><br \/>\n<em>\u00c9 isso mesmo que vamos encontrar. Vamos defrontar os melhores, mas esse tem de ser o nosso objectivo: andar a disputar as fases finais e lutar com as melhores selec\u00e7\u00f5es da Europa, tentando ganhar algum espa\u00e7o entre elas e, eventualmente, sedimentar um bocadinho a nossa posi\u00e7\u00e3o entre os melhores da Europa. Tem de ser esse o nosso objectivo.<\/em><br \/>\n<em>O nosso grupo saiu do apuramento com uma ambi\u00e7\u00e3o muito grande e uma vontade enorme de trabalhar e vamos aproveitar o tempo que temos para nos prepararmos o melhor poss\u00edvel. <\/em><br \/>\n<em>Nestes confrontos dur\u00edssimos que se avizinham, a nossa posi\u00e7\u00e3o vai continuar a ser essa: batermo-nos sempre pelos melhores resultados para trazer para Portugal a melhor classifica\u00e7\u00e3o poss\u00edvel<\/em>&#8220;.<\/p>\n<p><strong>*<span style=\"text-decoration: underline;\">WEVZA<\/span>: <span style=\"font-size: 8pt;\">Mais conhecida pela sigla WEVZA, a Western European Volleyball Zonal Association (Associa\u00e7\u00e3o Zonal de Voleibol do Oeste Europeu) foi constitu\u00edda no dia 26 de Setembro de 2013, integra oito pa\u00edses \u2013 Portugal, Espanha, Alemanha, B\u00e9lgica, It\u00e1lia, Holanda, Fran\u00e7a e Su\u00ed\u00e7a.<\/span><\/strong><br \/>\n<span style=\"font-size: 8pt;\"><strong>O objectivo primordial desta associa\u00e7\u00e3o zonal \u00e9 fortalecer e fomentar a organiza\u00e7\u00e3o de actividades desportivas, tanto de Voleibol como de Voleibol de Praia, com especial \u00eanfase nas categorias de forma\u00e7\u00e3o.<\/strong><\/span><br \/>\n<span style=\"font-size: 8pt;\"><strong>A Confedera\u00e7\u00e3o Europeia de Voleibol (CEV) conta com seis associa\u00e7\u00f5es zonais: a WEVZA (Europa Ocidental), a BVA (Balc\u00e3s), a EEVZA (Europa de Leste), a MEVZA (Europa Central), a NEVZA (Europa do Norte) e ainda a SCD (Divis\u00e3o dos Pequenos Pa\u00edses), da qual fazem parte Andorra, Chipre, Ilhas Faro\u00e9, Gibraltar, Gronel\u00e2ndia, Isl\u00e2ndia, Irlanda, Liechtenstein, Luxemburgo, Malta, M\u00f3naco, Irlanda do Norte, San Marino, Esc\u00f3cia e Pa\u00eds de Gales.<\/strong><\/span><\/p>\n<p style=\"text-align: center;\">Mais informa\u00e7\u00f5es:\u00a0<a href=\"http:\/\/wevza.com\/\" target=\"_blank\" rel=\"noopener noreferrer\">www.wevza.com<\/a><\/p>\n<p style=\"text-align: center;\"><img loading=\"lazy\" decoding=\"async\" class=\"size-full wp-image-32075 aligncenter\" src=\"https:\/\/fpvoleibol.pt\/fpv\/wp-content\/uploads\/2024\/04\/U18M2024DOL_Pools.jpg\" alt=\"\" width=\"960\" height=\"575\" srcset=\"https:\/\/fpvoleibol.pt\/fpv\/wp-content\/uploads\/2024\/04\/U18M2024DOL_Pools.jpg 960w, https:\/\/fpvoleibol.pt\/fpv\/wp-content\/uploads\/2024\/04\/U18M2024DOL_Pools-300x180.jpg 300w, https:\/\/fpvoleibol.pt\/fpv\/wp-content\/uploads\/2024\/04\/U18M2024DOL_Pools-768x460.jpg 768w\" sizes=\"auto, (max-width: 960px) 100vw, 960px\" \/><span style=\"text-decoration: underline; font-size: 10pt;\">A Fase Final do Europeu de Sub-18 masculinos realiza-se de 10 a 21 de Julho de 2024, nas cidades b\u00falgaras de S\u00f3fia e Plovdiv.<\/span><br \/>\n<span style=\"text-decoration: underline; font-size: 10pt;\">Apurados para a Fase Final: 16 selec\u00e7\u00f5es \u2013 a do pa\u00eds organizador (Bulg\u00e1ria), as vencedoras das 5 pools da 1.\u00aa Ronda e as 1.\u00aas e 2.\u00aas classificadas das 5 pools da 2.\u00aa Ronda.<\/span><\/p>\n<p>Com a qualifica\u00e7\u00e3o dos <strong>Sub-18 Masculinos<\/strong> para a fase final do Campeonato da Europa, subiu para cinco (e poder\u00e3o vir a ser seis*) as selec\u00e7\u00f5es nacionais que conseguiram o apuramento para as respectivas fases do Campeonato da Europa: Sub-18 Masculinos, Sub-20 Femininos, Sub-22 Femininos, Sub-22 Masculinos e Seniores Masculinos, sendo que a de Seniores Femininos ainda vai disputar a fase de qualifica\u00e7\u00e3o, em Agosto.<\/p>\n<p>A Fase Final do Europeu de <strong>Sub-18 masculinos<\/strong> realiza-se de 10 a 21 de Julho de 2024, nas cidades b\u00falgaras de S\u00f3fia e Plovdiv.<\/p>\n<p>Ap\u00f3s uma qualifica\u00e7\u00e3o in\u00e9dita, conquistada em Barcelos, a <strong>Selec\u00e7\u00e3o Nacional de Sub-20 Femininos<\/strong> vai defrontar as selec\u00e7\u00f5es da Irlanda, S\u00e9rvia, Pol\u00f3nia, It\u00e1lia, Finl\u00e2ndia, Ch\u00e9quia, Ucr\u00e2nia na Pool II, com sede na Irlanda, de 5 a 17 de Agosto de 2024.<\/p>\n<p>A <strong>Selec\u00e7\u00e3o Nacional de Sub-22 Femininos<\/strong> enfrenta a S\u00e9rvia, vice-campe\u00e3 europeia, a Pol\u00f3nia, 4.\u00aa classificada no EuroVolley 2022, e a Ch\u00e9quia, ocupou o 10.\u00ba posto no \u00faltimo Europeu, na fase final do <a href=\"https:\/\/www.cev.eu\/national-team\/age-group-championships\/u22w-2024\/#final-round\"><strong>Campeonato da Europa 2024<\/strong><\/a>, a realizar entre 1 e 6 de Julho em It\u00e1lia.<\/p>\n<p>A <strong>Selec\u00e7\u00e3o Nacional de Sub-22 Masculinos<\/strong> vai defrontar as suas cong\u00e9neres de It\u00e1lia, Fran\u00e7a e Ch\u00e9quia na fase final do <a href=\"https:\/\/www.cev.eu\/national-team\/age-group-championships\/u22m-2024\/\">Campeonato da Europa 2024<\/a>, agendada para os dias 9 a 14 de Julho do ano corrente, nas cidades neerlandesas de Groningen e Alperdoorn.<\/p>\n<p>A <strong>Selec\u00e7\u00e3o Nacional de Seniores Masculinos<\/strong> garantiu j\u00e1 \u2013 sem passar pela fase de qualifica\u00e7\u00e3o \u2013 a presen\u00e7a na fase final do pr\u00f3ximo <strong>Campeonato da Europa<\/strong>, que ser\u00e1 realizada em 2026 em quatro pa\u00edses: Rom\u00e9nia, Bulg\u00e1ria, Finl\u00e2ndia e It\u00e1lia.<br \/>\nA <strong>Selec\u00e7\u00e3o Nacional <\/strong>vai disputar, pela quarta vez consecutiva, a fase final do <strong>Campeonato da Europa<\/strong>, marcando presen\u00e7a pela oitava vez: edi\u00e7\u00f5es de 1948, 1951, 2005, 2011, 2019, 2021, 2023 e 2026.<\/p>\n<p style=\"text-align: center;\"><strong>\u00c1rbitros portugueses em ac\u00e7\u00e3o<br \/>\nnos Europeus e Mundiais<\/strong><\/p>\n<p><strong>Jos\u00e9 Barbosa<\/strong><br \/>\nTorneio WEVZA de Sub-18 Masculinos, na cidade espanhola de Palencia, de 24 a 27 de Junho de 2024.<\/p>\n<p><strong>Raquel Portela<\/strong><br \/>\nDelegada T\u00e9cnica Assistente de Voleibol nos Jogos 2024 da European University Sports Association (EUSA), a realizar nas cidades h\u00fangaras de Debrecen e Miskolc, de 7 a 17 de Julho.<br \/>\nCampeonato do Mundo de Sub-17 Femininos, em Lima, no Peru, de 17 a 24 de Agosto de 2024.<\/p>\n<p><strong>Pedro Pinto<\/strong><br \/>\nCampeonato do Mundo de Sub-17 Masculinos, em S\u00f3fia, na Bulg\u00e1ria, de 24 a 31 de Agosto de 2024.<br \/>\nCampeonato da Europa de Sub-20 Femininos, em S\u00f3fia (Bulg\u00e1ria) e Dublin (Irlanda), de 5 a 17 de Agosto de 2024.<\/p>\n<p><strong>Jos\u00e9 Caramez<\/strong><br \/>\nCampeonato da Europa de Sub-18 Masculinos, em S\u00f3fia e Plovdiv, na Bulg\u00e1ria, de 10 a 21 de Julho de 2024.<\/p>\n","protected":false},"excerpt":{"rendered":"<p>A Selec\u00e7\u00e3o Nacional de Sub-18 Masculinos, liderada por Diogo Rosa, foi medalhada com a prata no Torneio WEVZA* que terminou hoje no Campo de la Juventud da localidade espanhola de [&hellip;]<\/p>\n","protected":false},"author":2,"featured_media":33747,"comment_status":"open","ping_status":"open","sticky":false,"template":"","format":"standard","meta":{"_monsterinsights_skip_tracking":false,"_monsterinsights_sitenote_active":false,"_monsterinsights_sitenote_note":"","_monsterinsights_sitenote_category":0,"footnotes":""},"categories":[13,8],"tags":[103,50],"class_list":{"0":"post-33742","1":"post","2":"type-post","3":"status-publish","4":"format-standard","5":"has-post-thumbnail","7":"category-arbitragem","8":"category-voleibol","9":"tag-epoca-2023-2024","10":"tag-wevza","11":"czr-hentry"},"aioseo_notices":[],"_links":{"self":[{"href":"https:\/\/fpvoleibol.pt\/fpv\/wp-json\/wp\/v2\/posts\/33742","targetHints":{"allow":["GET"]}}],"collection":[{"href":"https:\/\/fpvoleibol.pt\/fpv\/wp-json\/wp\/v2\/posts"}],"about":[{"href":"https:\/\/fpvoleibol.pt\/fpv\/wp-json\/wp\/v2\/types\/post"}],"author":[{"embeddable":true,"href":"https:\/\/fpvoleibol.pt\/fpv\/wp-json\/wp\/v2\/users\/2"}],"replies":[{"embeddable":true,"href":"https:\/\/fpvoleibol.pt\/fpv\/wp-json\/wp\/v2\/comments?post=33742"}],"version-history":[{"count":7,"href":"https:\/\/fpvoleibol.pt\/fpv\/wp-json\/wp\/v2\/posts\/33742\/revisions"}],"predecessor-version":[{"id":33756,"href":"https:\/\/fpvoleibol.pt\/fpv\/wp-json\/wp\/v2\/posts\/33742\/revisions\/33756"}],"wp:featuredmedia":[{"embeddable":true,"href":"https:\/\/fpvoleibol.pt\/fpv\/wp-json\/wp\/v2\/media\/33747"}],"wp:attachment":[{"href":"https:\/\/fpvoleibol.pt\/fpv\/wp-json\/wp\/v2\/media?parent=33742"}],"wp:term":[{"taxonomy":"category","embeddable":true,"href":"https:\/\/fpvoleibol.pt\/fpv\/wp-json\/wp\/v2\/categories?post=33742"},{"taxonomy":"post_tag","embeddable":true,"href":"https:\/\/fpvoleibol.pt\/fpv\/wp-json\/wp\/v2\/tags?post=33742"}],"curies":[{"name":"wp","href":"https:\/\/api.w.org\/{rel}","templated":true}]}}