{"id":33712,"date":"2024-06-28T08:38:41","date_gmt":"2024-06-28T08:38:41","guid":{"rendered":"https:\/\/fpvoleibol.pt\/fpv\/?p=33712"},"modified":"2024-07-01T16:49:16","modified_gmt":"2024-07-01T16:49:16","slug":"apostadas-em-fazer-historia","status":"publish","type":"post","link":"https:\/\/fpvoleibol.pt\/fpv\/2024\/06\/28\/apostadas-em-fazer-historia\/","title":{"rendered":"APOSTADAS EM FAZER HIST\u00d3RIA"},"content":{"rendered":"<p style=\"text-align: center;\"><strong><img loading=\"lazy\" decoding=\"async\" class=\"size-full wp-image-33717 aligncenter\" src=\"https:\/\/fpvoleibol.pt\/fpv\/wp-content\/uploads\/2024\/06\/sub22fem_saud.jpg\" alt=\"\" width=\"960\" height=\"540\" srcset=\"https:\/\/fpvoleibol.pt\/fpv\/wp-content\/uploads\/2024\/06\/sub22fem_saud.jpg 960w, https:\/\/fpvoleibol.pt\/fpv\/wp-content\/uploads\/2024\/06\/sub22fem_saud-300x169.jpg 300w, https:\/\/fpvoleibol.pt\/fpv\/wp-content\/uploads\/2024\/06\/sub22fem_saud-768x432.jpg 768w, https:\/\/fpvoleibol.pt\/fpv\/wp-content\/uploads\/2024\/06\/sub22fem_saud-528x297.jpg 528w\" sizes=\"auto, (max-width: 960px) 100vw, 960px\" \/>Selec\u00e7\u00e3o Nacional de Sub-22 Femininos ambiciosa na fase final<br \/>\ndo <a href=\"https:\/\/www.cev.eu\/national-team\/age-group-championships\/u22w-2024\/#final-round\">Campeonato da Europa 2024<\/a>, a realizar entre 1 e 6 de Julho.<\/strong><\/p>\n<p>A <strong>Selec\u00e7\u00e3o Nacional de Sub-22 Femininos<\/strong>, orientada por <strong>Jo\u00e3o Santos<\/strong>, vai disputar a fase final do Campeonato da Europa de Sub-22 Femininos com um objectivo bem definido: o apuramento hist\u00f3rico para as meias-finais, pese embora estar inserida na <span style=\"text-decoration: underline;\">Pool II<\/span>, onde ir\u00e1 defrontar oponentes de peso: a S\u00e9rvia, vice-campe\u00e3 europeia, a Pol\u00f3nia, 4.\u00aa classificada no EuroVolley 2022, no qual a Ch\u00e9quia ocupou o 10.\u00ba posto na classifica\u00e7\u00e3o final.<\/p>\n<p>A Selec\u00e7\u00e3o Nacional disputa os tr\u00eas jogos da fase de grupos (dias 1, 2 e 3 de Julho) sempre \u00e0s 20h00 portuguesas. Ver <em>live streaming<\/em> <a href=\"https:\/\/www.youtube.com\/watch?v=xZT5nfFvRyM\">aqui<\/a><\/p>\n<p>&#8220;<em>O nosso objetivo passa por conseguir um apuramento hist\u00f3rico para as meias-finais da competi\u00e7\u00e3o. \u00c9 um cen\u00e1rio extremamente ambicioso por ser a primeira vez que participamos numa fase final e por termos no grupo dois candidatos \u00e0 vit\u00f3ria final da prova. N\u00e3o obstante as dificuldades que iremos encontrar, confiamos na nossa prepara\u00e7\u00e3o, na for\u00e7a do nosso grupo e estamos confiantes que conseguiremos lutar pela vit\u00f3ria em todos os jogos<\/em>&#8220;, salienta <strong>Jo\u00e3o Santos<\/strong>, adiantando:<br \/>\n&#8220;<em>Julgamos que o que poder\u00e1 fazer diferen\u00e7a com equipas deste n\u00edvel ser\u00e1 a forma como conseguirmos servir. As tr\u00eas equipas que iremos defrontar t\u00eam caracter\u00edsticas bem semelhantes: s\u00e3o muito fortes no ataque, com atletas bastante altas, mas que de alguma forma sofrem na recep\u00e7\u00e3o. Se conseguimos pressionar o suficiente o sideout delas, acreditamos que conseguiremos equilibrar os <\/em><em>jogos. S\u00e9rvia e Pol\u00f3nia, pelos resultados que obtiveram na \u00faltima fase final, pelos seus hist\u00f3ricos na modalidade partem como favoritas, mas tamb\u00e9m nos queremos meter nas contas finais<\/em>&#8220;.<\/p>\n<p>E quais s\u00e3o para o <strong>Seleccionador Nacional<\/strong> os argumentos das suas pupilas?<br \/>\n&#8220;<em>Acreditamos que a nossa principal for\u00e7a seja o nosso colectivo. O grupo \u00e9 constitu\u00eddo por atletas que est\u00e3o inseridas nos trabalhos das selec\u00e7\u00f5es h\u00e1 v\u00e1rios anos, que j\u00e1 competiram internacionalmente muitas vezes juntas e t\u00eam conseguido v\u00e1rios resultados de destaque. Al\u00e9m do esp\u00edrito de grupo, destacamos tamb\u00e9m a capacidade de trabalhar destas atletas e a sua ambi\u00e7\u00e3o em querer sempre mais e melhor<\/em>&#8220;.<\/p>\n<p><img loading=\"lazy\" decoding=\"async\" class=\"size-full wp-image-33715 aligncenter\" src=\"https:\/\/fpvoleibol.pt\/fpv\/wp-content\/uploads\/2024\/06\/joao_santos_sub22f.jpg\" alt=\"\" width=\"960\" height=\"640\" srcset=\"https:\/\/fpvoleibol.pt\/fpv\/wp-content\/uploads\/2024\/06\/joao_santos_sub22f.jpg 960w, https:\/\/fpvoleibol.pt\/fpv\/wp-content\/uploads\/2024\/06\/joao_santos_sub22f-300x200.jpg 300w, https:\/\/fpvoleibol.pt\/fpv\/wp-content\/uploads\/2024\/06\/joao_santos_sub22f-768x512.jpg 768w\" sizes=\"auto, (max-width: 960px) 100vw, 960px\" \/>A <strong>Selec\u00e7\u00e3o Nacional de Sub-22 Femininos<\/strong>, orientada por <strong>Jo\u00e3o Santos<\/strong>, parte amanh\u00e3 (11h25 do Porto) para a localidade italiana do Copertino, onde vai disputar a fase final do Campeonato da Europa de Sub-22 Femininos.<\/p>\n<p>S\u00e3o oito as selec\u00e7\u00f5es que disputam, de 1 a 6 de Julho, a segunda edi\u00e7\u00e3o do <em>#EuroVolleyU22W, <\/em>no Palazzetto Dello Sport \u00abSan Giuseppe da Copertino\u00bb, na prov\u00edncia de Lecce, na Ap\u00falia, o \u00abcalcanhar da bota\u00bb italiana.<br \/>\nA <strong>Pool I<\/strong> \u00e9 composta pela It\u00e1lia, anfitri\u00e3 da fase final e campe\u00e3 em t\u00edtulo, a Turquia, a Ucr\u00e2nia e a Let\u00f3nia.<br \/>\nA <strong>Pool II<\/strong> \u00e9 constitu\u00edda por S\u00e9rvia, Portugal, Pol\u00f3nia e Ch\u00e9quia.<\/p>\n<p>A Selec\u00e7\u00e3o Nacional de Sub-22 Femininos realizou em Barcelos, <a href=\"https:\/\/fpvoleibol.pt\/fpv\/2024\/06\/27\/sub-22-preparadas-para-as-batalhas-do-europeu\/\">onde foi recebida pela C\u00e2mara Municipal<\/a>, o est\u00e1gio de prepara\u00e7\u00e3o para a participa\u00e7\u00e3o na fase final do Campeonato da Europa.<\/p>\n<p>Tendo em vista a participa\u00e7\u00e3o no <a href=\"https:\/\/www.cev.eu\/national-team\/age-group-championships\/u22w-2024\/#final-round\">Campeonato da Europa<\/a> da categoria, a realizar entre 1 e 6 de Julho em It\u00e1lia, a equipa t\u00e9cnica da <strong>Selec\u00e7\u00e3o Nacional de Sub-22 Femininos<\/strong> convocou as seguintes 12 atletas:<\/p>\n<p style=\"text-align: center;\"><span style=\"background-color: #000000; color: #ffffff;\"><img loading=\"lazy\" decoding=\"async\" class=\"size-full wp-image-33790 aligncenter\" src=\"https:\/\/fpvoleibol.pt\/fpv\/wp-content\/uploads\/2024\/06\/sub22_europeu_comitiva.jpg\" alt=\"\" width=\"960\" height=\"750\" srcset=\"https:\/\/fpvoleibol.pt\/fpv\/wp-content\/uploads\/2024\/06\/sub22_europeu_comitiva.jpg 960w, https:\/\/fpvoleibol.pt\/fpv\/wp-content\/uploads\/2024\/06\/sub22_europeu_comitiva-300x234.jpg 300w, https:\/\/fpvoleibol.pt\/fpv\/wp-content\/uploads\/2024\/06\/sub22_europeu_comitiva-768x600.jpg 768w\" sizes=\"auto, (max-width: 960px) 100vw, 960px\" \/>COMITIVA<\/span><\/p>\n<p style=\"text-align: center;\"><span style=\"text-decoration: underline;\"><strong>AA S. Mamede<\/strong><\/span><br \/>\nMariana Santos<\/p>\n<p style=\"text-align: center;\"><span style=\"text-decoration: underline;\"><strong>Cast\u00ealo da Maia GC<\/strong><\/span><br \/>\nMargarida Santos<\/p>\n<p style=\"text-align: center;\"><span style=\"text-decoration: underline;\"><strong>FC Porto<\/strong><\/span><br \/>\nAna Monteiro<br \/>\nBruna Guedes<\/p>\n<p style=\"text-align: center;\"><span style=\"text-decoration: underline;\"><strong>Leix\u00f5es SC<\/strong><\/span><br \/>\nCarolina Costa<\/p>\n<p style=\"text-align: center;\"><span style=\"text-decoration: underline;\"><strong>SC Braga<\/strong><\/span><br \/>\nMaria Leonor Coelho<\/p>\n<p style=\"text-align: center;\"><span style=\"text-decoration: underline;\"><strong>SL Benfica<\/strong><\/span><br \/>\nAlice Clemente<br \/>\nJoana Garcez<br \/>\nMargarida Guerreiro<br \/>\nMariana Garcez<br \/>\nMarisa Pardal<\/p>\n<p style=\"text-align: center;\"><span style=\"text-decoration: underline;\"><strong>Vit\u00f3ria SC<\/strong><\/span><br \/>\nBruna Correia<\/p>\n<p style=\"text-align: center;\"><span style=\"text-decoration: underline;\"><strong>Team Manager<\/strong><\/span><br \/>\nArnaldo Rocha<\/p>\n<p style=\"text-align: center;\"><span style=\"text-decoration: underline;\"><strong>Treinador Principal<\/strong><\/span><br \/>\nJo\u00e3o Santos<\/p>\n<p style=\"text-align: center;\"><span style=\"text-decoration: underline;\"><strong>Treinador Adjunto<\/strong><\/span><br \/>\nBeatriz Santos<\/p>\n<p style=\"text-align: center;\"><span style=\"text-decoration: underline;\"><strong>Fisioterapeuta<\/strong><\/span><br \/>\nBruno Alves<\/p>\n<p><strong>NOTA<\/strong>: S\u00e3o j\u00e1 cinco as selec\u00e7\u00f5es nacionais que conseguiram o apuramento para as respectivas fases do Campeonato da Europa: Sub-18 Masculinos, Sub-20 Femininos, Sub-22 Femininos, Sub-22 Masculinos e Seniores Masculinos, sendo que a de Seniores Femininos ainda vai disputar a fase de qualifica\u00e7\u00e3o.<\/p>\n<p style=\"text-align: center;\"><strong>\u00c1rbitros portugueses em ac\u00e7\u00e3o<br \/>\nnas competi\u00e7\u00f5es internacionais<\/strong><\/p>\n<p><strong>Raquel Portela<\/strong><br \/>\nDelegada T\u00e9cnica Assistente de Voleibol nos Jogos 2024 da European University Sports Association (EUSA), a realizar nas cidades h\u00fangaras de Debrecen e Miskolc, de 7 a 17 de Julho.<br \/>\nCampeonato do Mundo de Sub-17 Femininos, em Lima, no Peru, de 17 a 24 de Agosto de 2024.<\/p>\n<p><strong>Pedro Pinto<\/strong><br \/>\nCampeonato do Mundo de Sub-17 Masculinos, em S\u00f3fia, na Bulg\u00e1ria, de 24 a 31 de Agosto de 2024.<br \/>\nCampeonato da Europa de Sub-20 Femininos, em S\u00f3fia (Bulg\u00e1ria) e Dublin (Irlanda), de 5 a 17 de Agosto de 2024.<\/p>\n<p><strong>Jos\u00e9 Caramez<\/strong><br \/>\nCampeonato da Europa de Sub-18 Masculinos, em S\u00f3fia e Plovdiv, na Bulg\u00e1ria, de 10 a 21 de Julho de 2024.<\/p>\n","protected":false},"excerpt":{"rendered":"<p>Selec\u00e7\u00e3o Nacional de Sub-22 Femininos ambiciosa na fase final do Campeonato da Europa 2024, a realizar entre 1 e 6 de Julho. A Selec\u00e7\u00e3o Nacional de Sub-22 Femininos, orientada por [&hellip;]<\/p>\n","protected":false},"author":2,"featured_media":33718,"comment_status":"open","ping_status":"open","sticky":false,"template":"","format":"standard","meta":{"_monsterinsights_skip_tracking":false,"_monsterinsights_sitenote_active":false,"_monsterinsights_sitenote_note":"","_monsterinsights_sitenote_category":0,"footnotes":""},"categories":[13,8],"tags":[103,138],"class_list":{"0":"post-33712","1":"post","2":"type-post","3":"status-publish","4":"format-standard","5":"has-post-thumbnail","7":"category-arbitragem","8":"category-voleibol","9":"tag-epoca-2023-2024","10":"tag-europeu-de-sub-22-femininos","11":"czr-hentry"},"aioseo_notices":[],"_links":{"self":[{"href":"https:\/\/fpvoleibol.pt\/fpv\/wp-json\/wp\/v2\/posts\/33712","targetHints":{"allow":["GET"]}}],"collection":[{"href":"https:\/\/fpvoleibol.pt\/fpv\/wp-json\/wp\/v2\/posts"}],"about":[{"href":"https:\/\/fpvoleibol.pt\/fpv\/wp-json\/wp\/v2\/types\/post"}],"author":[{"embeddable":true,"href":"https:\/\/fpvoleibol.pt\/fpv\/wp-json\/wp\/v2\/users\/2"}],"replies":[{"embeddable":true,"href":"https:\/\/fpvoleibol.pt\/fpv\/wp-json\/wp\/v2\/comments?post=33712"}],"version-history":[{"count":11,"href":"https:\/\/fpvoleibol.pt\/fpv\/wp-json\/wp\/v2\/posts\/33712\/revisions"}],"predecessor-version":[{"id":33851,"href":"https:\/\/fpvoleibol.pt\/fpv\/wp-json\/wp\/v2\/posts\/33712\/revisions\/33851"}],"wp:featuredmedia":[{"embeddable":true,"href":"https:\/\/fpvoleibol.pt\/fpv\/wp-json\/wp\/v2\/media\/33718"}],"wp:attachment":[{"href":"https:\/\/fpvoleibol.pt\/fpv\/wp-json\/wp\/v2\/media?parent=33712"}],"wp:term":[{"taxonomy":"category","embeddable":true,"href":"https:\/\/fpvoleibol.pt\/fpv\/wp-json\/wp\/v2\/categories?post=33712"},{"taxonomy":"post_tag","embeddable":true,"href":"https:\/\/fpvoleibol.pt\/fpv\/wp-json\/wp\/v2\/tags?post=33712"}],"curies":[{"name":"wp","href":"https:\/\/api.w.org\/{rel}","templated":true}]}}