{"id":33705,"date":"2024-06-27T15:14:23","date_gmt":"2024-06-27T15:14:23","guid":{"rendered":"https:\/\/fpvoleibol.pt\/fpv\/?p=33705"},"modified":"2024-08-08T11:30:28","modified_gmt":"2024-08-08T11:30:28","slug":"pedrosa-e-campos-disputam-europeu-em-agosto","status":"publish","type":"post","link":"https:\/\/fpvoleibol.pt\/fpv\/2024\/06\/27\/pedrosa-e-campos-disputam-europeu-em-agosto\/","title":{"rendered":"PEDROSA E CAMPOS DISPUTAM EUROPEU EM AGOSTO"},"content":{"rendered":"<p style=\"text-align: center;\"><strong><img loading=\"lazy\" decoding=\"async\" class=\"size-full wp-image-33522 aligncenter\" src=\"https:\/\/fpvoleibol.pt\/fpv\/wp-content\/uploads\/2024\/06\/TNVP_jphc_d1.jpg\" alt=\"\" width=\"960\" height=\"640\" srcset=\"https:\/\/fpvoleibol.pt\/fpv\/wp-content\/uploads\/2024\/06\/TNVP_jphc_d1.jpg 960w, https:\/\/fpvoleibol.pt\/fpv\/wp-content\/uploads\/2024\/06\/TNVP_jphc_d1-300x200.jpg 300w, https:\/\/fpvoleibol.pt\/fpv\/wp-content\/uploads\/2024\/06\/TNVP_jphc_d1-768x512.jpg 768w\" sizes=\"auto, (max-width: 960px) 100vw, 960px\" \/>Jo\u00e3o Pedrosa e Hugo Campos v\u00e3o disputar o CEV EuroBeachVolley<\/strong><\/p>\n<p>A dupla <strong>Jo\u00e3o Pedrosa\/Hugo Campos<\/strong> vai representar Portugal no <a href=\"https:\/\/eurobeachvolley.cev.eu\/en\/2024\/men\/\">Campeonato da Europa de Seniores em Voleibol de Praia<\/a>, que ser\u00e1 disputado em Haia, Arnhem e Apeldoorn, nos Pa\u00edses Baixos, entre os dias 14 e 18 de Agosto de 2024. Ver pools e calend\u00e1rio <a href=\"https:\/\/eurobeachvolley.cev.eu\/en\/2024\/men\/#matches\">AQUI<\/a><\/p>\n<p>Inseridos no Quadro Principal deste campeonato continental, os bicampe\u00f5es nacionais v\u00e3o assim disputar o seu primeiro Europeu de seniores, sendo que nesta edi\u00e7\u00e3o encontrar\u00e3o as melhores duplas europeias e mundiais, como \u00e9 o caso da sueca David Ahman\/Jonatan Hellvig, considerada a melhor dupla da actualidade. Os n\u00f3rdicos, que venceram o Beach Pro Tour Elite16 de Espinho, s\u00e3o bicampe\u00f5es europeus, vice-campe\u00f5es mundiais, vencedores do Circuito Mundial em 2023 e s\u00e3o apontados como favoritos \u00e0s medalhas nos Jogos Ol\u00edmpicos de Paris 2024.<br \/>\nPara al\u00e9m dos jovens <em>vikings<\/em>, h\u00e1 que ter em considera\u00e7\u00e3o os noruegueses Anders Berntsen Mol e Christian Sandlie S\u00f8rum, os alem\u00e3es Nils Ehlers e Clemens Wickler, os neerlandeses Steven van de Velde\/Matthew Immers e Stefan Boermans\/Yorick de Groot ou os franceses Youssef Krou e Arnaud Gauthier-Rat, que asseguraram recentemente a presen\u00e7a nos Jogos Ol\u00edmpicos de Paris 2024 ao vencerem a Ta\u00e7a das Na\u00e7\u00f5es de Voleibol de Praia, depois de eliminarem as duplas lusas Jo\u00e3o Pedrosa\/Hugo Campos e Gon\u00e7alo Sousa\/Tom\u00e1s Sousa.<\/p>\n<p>A participa\u00e7\u00e3o no Europeu \u00e9 um excelente pr\u00e9mio e incentivo para Pedrosa e Campos, orientados pelo Seleccionador Nacional <strong>Ricardo Rocha<\/strong>, que almejam uma presen\u00e7a numa edi\u00e7\u00e3o dos Jogos Ol\u00edmpicos e t\u00eam percorrido um caminho recheado de bons resultados nos \u00faltimos anos: a medalha de bronze alcan\u00e7ada nos <a href=\"https:\/\/heraklion23.gr\/\">Jogos do Mediterr\u00e2neo<\/a>\u00a0pelos bicampe\u00f5es nacionais juntou-se \u00e0 medalha de ouro conquistada no Beach Pro Tour Challenge de Edmonton (Canad\u00e1), etapa do Circuito Mundial de 2023, naquela que foi a primeira vez que a dupla portuguesa subiu ao lugar mais alto do p\u00f3dio numa etapa Challenge do Beach Pro Tour.<br \/>\nUm marco no percurso dos bicampe\u00f5es nacionais em t\u00edtulo e campe\u00f5es mundiais universit\u00e1rios na caminhada que encetaram h\u00e1 poucos anos ao optarem pela pr\u00e1tica do Voleibol de Praia ao longo de todo o ano, no que s\u00e3o apoiados pela Federa\u00e7\u00e3o Portuguesa de Voleibol (FPV).<\/p>\n<p><strong>Sandra Deveza <\/strong>\u00e9 a \u00e1rbitra portuguesa que estar\u00e1 presente no Campeonato da Europa de Seniores Masculinos.<\/p>\n<p style=\"text-align: center;\"><strong><img loading=\"lazy\" decoding=\"async\" class=\"size-full wp-image-33441 aligncenter\" src=\"https:\/\/fpvoleibol.pt\/fpv\/wp-content\/uploads\/2024\/06\/VP_tacadasncacoes_team.jpg\" alt=\"\" width=\"960\" height=\"540\" srcset=\"https:\/\/fpvoleibol.pt\/fpv\/wp-content\/uploads\/2024\/06\/VP_tacadasncacoes_team.jpg 960w, https:\/\/fpvoleibol.pt\/fpv\/wp-content\/uploads\/2024\/06\/VP_tacadasncacoes_team-300x169.jpg 300w, https:\/\/fpvoleibol.pt\/fpv\/wp-content\/uploads\/2024\/06\/VP_tacadasncacoes_team-768x432.jpg 768w, https:\/\/fpvoleibol.pt\/fpv\/wp-content\/uploads\/2024\/06\/VP_tacadasncacoes_team-528x297.jpg 528w\" sizes=\"auto, (max-width: 960px) 100vw, 960px\" \/><\/strong><strong>\u00c1rbitros portugueses em ac\u00e7\u00e3o<br \/>\nno Voleibol de Praia<\/strong><\/p>\n<p><strong>Jos\u00e9 Casanova<\/strong><br \/>\nComit\u00e9 de Controlo dos Jogos Ol\u00edmpicos 2024, em Paris (Fran\u00e7a), de 27 de Julho a 10 de Agosto.<\/p>\n<p><strong>Avelino Azevedo<\/strong><br \/>\nDelegado de Arbitragem nas fases finais dos Campeonatos da Europa de Seniores Masculinos e Femininos, de 13 a 18 de Agosto, nos Pa\u00edses Baixos.<\/p>\n<p><strong>Rui Carvalho<br \/>\n<\/strong>Finais da Ta\u00e7a das Na\u00e7\u00f5es, em Jurmala, na Let\u00f3nia, de 13 a 16 de Junho.<br \/>\nJogos Ol\u00edmpicos 2024, em Paris (Fran\u00e7a), de 27 de Julho a 10 de Agosto.<\/p>\n<p><strong>Sandra Deveza<br \/>\n<\/strong>Beach Pro Tour Elite16 Gstaad, na Su\u00ed\u00e7a, de 3 a 7 de Julho.<br \/>\nFinais do Campeonato da Europa de Seniores Masculinos, de 14 a 18 de Agosto, nos Pa\u00edses Baixos.<br \/>\nBPT Elite16 Hamburgo, na Alemanha, de 21 a 25 de Agosto de 2024.<\/p>\n<p style=\"text-align: center;\">Mais informa\u00e7\u00f5es: <a href=\"http:\/\/www.cev.eu\">www.cev.eu<\/a><\/p>\n","protected":false},"excerpt":{"rendered":"<p>Jo\u00e3o Pedrosa e Hugo Campos v\u00e3o disputar o CEV EuroBeachVolley A dupla Jo\u00e3o Pedrosa\/Hugo Campos vai representar Portugal no Campeonato da Europa de Seniores em Voleibol de Praia, que ser\u00e1 [&hellip;]<\/p>\n","protected":false},"author":2,"featured_media":33708,"comment_status":"open","ping_status":"open","sticky":false,"template":"","format":"standard","meta":{"_monsterinsights_skip_tracking":false,"_monsterinsights_sitenote_active":false,"_monsterinsights_sitenote_note":"","_monsterinsights_sitenote_category":0,"footnotes":""},"categories":[13,9],"tags":[74,137],"class_list":{"0":"post-33705","1":"post","2":"type-post","3":"status-publish","4":"format-standard","5":"has-post-thumbnail","7":"category-arbitragem","8":"category-voleibol-de-praia","9":"tag-beach-pro-tour","10":"tag-europeu-seniores-vp","11":"czr-hentry"},"aioseo_notices":[],"_links":{"self":[{"href":"https:\/\/fpvoleibol.pt\/fpv\/wp-json\/wp\/v2\/posts\/33705","targetHints":{"allow":["GET"]}}],"collection":[{"href":"https:\/\/fpvoleibol.pt\/fpv\/wp-json\/wp\/v2\/posts"}],"about":[{"href":"https:\/\/fpvoleibol.pt\/fpv\/wp-json\/wp\/v2\/types\/post"}],"author":[{"embeddable":true,"href":"https:\/\/fpvoleibol.pt\/fpv\/wp-json\/wp\/v2\/users\/2"}],"replies":[{"embeddable":true,"href":"https:\/\/fpvoleibol.pt\/fpv\/wp-json\/wp\/v2\/comments?post=33705"}],"version-history":[{"count":5,"href":"https:\/\/fpvoleibol.pt\/fpv\/wp-json\/wp\/v2\/posts\/33705\/revisions"}],"predecessor-version":[{"id":34426,"href":"https:\/\/fpvoleibol.pt\/fpv\/wp-json\/wp\/v2\/posts\/33705\/revisions\/34426"}],"wp:featuredmedia":[{"embeddable":true,"href":"https:\/\/fpvoleibol.pt\/fpv\/wp-json\/wp\/v2\/media\/33708"}],"wp:attachment":[{"href":"https:\/\/fpvoleibol.pt\/fpv\/wp-json\/wp\/v2\/media?parent=33705"}],"wp:term":[{"taxonomy":"category","embeddable":true,"href":"https:\/\/fpvoleibol.pt\/fpv\/wp-json\/wp\/v2\/categories?post=33705"},{"taxonomy":"post_tag","embeddable":true,"href":"https:\/\/fpvoleibol.pt\/fpv\/wp-json\/wp\/v2\/tags?post=33705"}],"curies":[{"name":"wp","href":"https:\/\/api.w.org\/{rel}","templated":true}]}}