{"id":33629,"date":"2024-06-23T17:10:32","date_gmt":"2024-06-23T17:10:32","guid":{"rendered":"https:\/\/fpvoleibol.pt\/fpv\/?p=33629"},"modified":"2024-06-26T13:11:43","modified_gmt":"2024-06-26T13:11:43","slug":"pombeiro-cardoso-e-daniela-raquel-vencem-na-congida","status":"publish","type":"post","link":"https:\/\/fpvoleibol.pt\/fpv\/2024\/06\/23\/pombeiro-cardoso-e-daniela-raquel-vencem-na-congida\/","title":{"rendered":"POMBEIRO\/CARDOSO E DANIELA\/RAQUEL VENCEM NA CONGIDA"},"content":{"rendered":"<p><img loading=\"lazy\" decoding=\"async\" class=\"size-full wp-image-33636 aligncenter\" src=\"https:\/\/fpvoleibol.pt\/fpv\/wp-content\/uploads\/2024\/06\/vp_clk_podio_02.jpg\" alt=\"\" width=\"960\" height=\"640\" srcset=\"https:\/\/fpvoleibol.pt\/fpv\/wp-content\/uploads\/2024\/06\/vp_clk_podio_02.jpg 960w, https:\/\/fpvoleibol.pt\/fpv\/wp-content\/uploads\/2024\/06\/vp_clk_podio_02-300x200.jpg 300w, https:\/\/fpvoleibol.pt\/fpv\/wp-content\/uploads\/2024\/06\/vp_clk_podio_02-768x512.jpg 768w\" sizes=\"auto, (max-width: 960px) 100vw, 960px\" \/>As duplas <strong>Francisco Pombeiro\/Gabriel Cardoso <\/strong>e<strong> Daniela Loureiro\/Raquel Lacerda<\/strong> estrearam-se da melhor forma no <a href=\"https:\/\/fpvoleibol.pt\/cnvp2024\/\"><strong>Circuito Lipton Kombucha<\/strong><\/a> 2024 ao vencerem hoje a 1.\u00aa etapa da competi\u00e7\u00e3o, disputada na Praia da Congida, em Freixo de Espada \u00e0 Cinta.<\/p>\n<p>As duplas bicampe\u00e3s nacionais <strong>Hugo Campos\/<\/strong><strong>Jo\u00e3o Nuno Pedrosa<\/strong> (masculinos) e <strong>Beatriz Pinheiro\/<\/strong><strong>In\u00eas Castro<\/strong> (femininos) defendem o t\u00edtulo rubricado no <a href=\"https:\/\/fpvoleibol.pt\/cnvp2023\/\">ano passado<\/a> e j\u00e1 sabem que a concorr\u00eancia vai ser forte.<\/p>\n<p><strong>Daniela Loureiro e Raquel Lacerda<\/strong> superaram, na final de femininos, Beatriz Pinheiro e In\u00eas Castro por 2-0 (21-17 e 21-19).<br \/>\nEm terceiro lugar ficou a dupla Mariana Maia e Carolina Maia, que derrotou (2-1: 21-12, 17-21 e 15-13) In\u00eas Pereira e Ana Afonso.<\/p>\n<p><img loading=\"lazy\" decoding=\"async\" class=\"size-full wp-image-33634 aligncenter\" src=\"https:\/\/fpvoleibol.pt\/fpv\/wp-content\/uploads\/2024\/06\/vp_clk_podio_01.jpg\" alt=\"\" width=\"960\" height=\"640\" srcset=\"https:\/\/fpvoleibol.pt\/fpv\/wp-content\/uploads\/2024\/06\/vp_clk_podio_01.jpg 960w, https:\/\/fpvoleibol.pt\/fpv\/wp-content\/uploads\/2024\/06\/vp_clk_podio_01-300x200.jpg 300w, https:\/\/fpvoleibol.pt\/fpv\/wp-content\/uploads\/2024\/06\/vp_clk_podio_01-768x512.jpg 768w\" sizes=\"auto, (max-width: 960px) 100vw, 960px\" \/>Em masculinos, <strong>Francisco Pombeiro e Gabriel Cardoso<\/strong> impuseram-se (2-0: 21-13 e 21-18) aos irm\u00e3os Gon\u00e7alo e Tom\u00e1s Sousa no jogo decisivo.<br \/>\nOs bicampe\u00f5es nacionais Jo\u00e3o Pedrosa e Hugo Campos, que tinham perdido (1-2) nas meias-finais com os seus colegas da Selec\u00e7\u00e3o Nacional, Gon\u00e7alo e Tom\u00e1s Sousa, asseguraram o \u00faltimo lugar no p\u00f3dio ao vencerem (2-0: 21-13 e 21-17) Guilherme Maia\/Filipe Leite.<\/p>\n<p>Jogos e declara\u00e7\u00f5es dos vencedores em <a href=\"https:\/\/www.youtube.com\/@VoleiTVPortugal\">https:\/\/www.youtube.com\/@VoleiTVPortugal<\/a><\/p>\n<p>As pr\u00f3ximas etapas ser\u00e3o disputadas no <span style=\"text-decoration: underline;\">Largo da Feira, em Barcelos<\/span>. A de femininos de 4 a 7 de Julho e a de masculinos de 11 a 14 de Julho.<\/p>\n<p><img loading=\"lazy\" decoding=\"async\" class=\"size-full wp-image-33633 aligncenter\" src=\"https:\/\/fpvoleibol.pt\/fpv\/wp-content\/uploads\/2024\/06\/vp_clk_congida.jpg\" alt=\"\" width=\"960\" height=\"540\" srcset=\"https:\/\/fpvoleibol.pt\/fpv\/wp-content\/uploads\/2024\/06\/vp_clk_congida.jpg 960w, https:\/\/fpvoleibol.pt\/fpv\/wp-content\/uploads\/2024\/06\/vp_clk_congida-300x169.jpg 300w, https:\/\/fpvoleibol.pt\/fpv\/wp-content\/uploads\/2024\/06\/vp_clk_congida-768x432.jpg 768w, https:\/\/fpvoleibol.pt\/fpv\/wp-content\/uploads\/2024\/06\/vp_clk_congida-528x297.jpg 528w\" sizes=\"auto, (max-width: 960px) 100vw, 960px\" \/>O \u00a0<a href=\"https:\/\/fpvoleibol.pt\/cnvp2024\/\"><strong>Circuito Lipton Kombucha<\/strong><\/a>, que re\u00fane as melhores duplas de seniores masculinos e femininos, <em>arrancou<\/em> na na Praia fluvial da Congida, distinguida como \u00abPraia com Qualidade de Ouro\u00bb em 2023 e situada em Freixo de Espada \u00e0 Cinta, no distrito de Bragan\u00e7a.<\/p>\n<p>As duplas bicampe\u00e3s nacionais <strong>Hugo Campos\/<\/strong><strong>Jo\u00e3o Nuno Pedrosa<\/strong> (masculinos) e <strong>Beatriz Pinheiro\/<\/strong><strong>In\u00eas Castro<\/strong> (femininos) defendem o t\u00edtulo rubricado no <a href=\"https:\/\/fpvoleibol.pt\/cnvp2023\/\">ano passado<\/a>.<\/p>\n<p>Em masculinos, e para conquistarem o <em>tri<\/em>, <a href=\"https:\/\/www.fivb.com\/players\/players-database\/player\/164474\"><strong>Pedrosa <\/strong>e <strong>Campos<\/strong><\/a> \u2013 campe\u00f5es mundiais universit\u00e1rios e medalha de bronze na <a href=\"https:\/\/fpvoleibol.pt\/fpv\/2024\/06\/16\/sonho-olimpico-adiado-para-los-angeles-2028\/\">Ta\u00e7a das Na\u00e7\u00f5es<\/a> \u2013 ter\u00e3o de bater a (forte) concorr\u00eancia de <a href=\"https:\/\/www.fivb.com\/players\/players-database\/player\/182788\">Gon\u00e7alo Sousa\/Tom\u00e1s Sousa<\/a>, vice-campe\u00f5es nacionais em 2023 e seus companheiros de Selec\u00e7\u00e3o, de Francisco Pombeiro\/Gabriel Cardoso, 3.\u00bas classificados no ano passado, e <a href=\"https:\/\/www.fivb.com\/players\/players-database\/player\/169663\">Guilherme Maia\/Filipe Leite<\/a>, 4.\u00bas classificados em 2023 e vice-campe\u00f5es em 2022, ano em que foram 9.\u00bas classificados no Europeu de Sub-22, entre outros candidatos a ocupar os lugares cimeiros.<\/p>\n<p>Em femininos, e na luta pela revalida\u00e7\u00e3o do ceptro nacional, as bicampe\u00e3s em t\u00edtulo enfrentar\u00e3o uma concorr\u00eancia igualmente ambiciosa e competitiva.<br \/>\n\u00c0 partida, perfilam-se como as advers\u00e1rias mais complicadas para <a href=\"https:\/\/www.fivb.com\/players\/players-database\/player\/146919\"><strong>Beatriz e In\u00eas<\/strong><\/a> as duplas de Maria Val\u00e9rio\/Maria Tavares, vice-campe\u00e3s em 2023, <a href=\"https:\/\/www.fivb.com\/players\/players-database\/player\/143326\">Mariana e Carolina Maia<\/a>, Daniela Loureiro\/Raquel Lacerda ou a dupla formada por <a href=\"https:\/\/www.fivb.com\/players\/players-database\/player\/145834\">In\u00eas Pereira<\/a> e Ana Afonso, campe\u00e3s nacionais de clubes em 2024.<\/p>\n<p>Ao todo, haver\u00e1 sete etapas, sendo que a 7.\u00aa Etapa ser\u00e1 considerada a Final do <strong>CNVP 2024<\/strong> e ter\u00e1 lugar na Praia de Esmoriz, nos dias 9, 10 e 11 de Agosto.<\/p>\n<p style=\"text-align: center;\">As finais ser\u00e3o transmitidas em directo na <a href=\"https:\/\/www.volei.tv\/\">Volei TV<\/a> \u2013 ver <em>Playlist<\/em> <a href=\"https:\/\/www.youtube.com\/playlist?list=PLZj9Hth2JEaCeMwqXjPh5ZorDusuG3qXA\">AQUI<\/a> \u2013 e n&#8217; A Bola TV.<\/p>\n<p style=\"text-align: center;\"><img loading=\"lazy\" decoding=\"async\" class=\"alignnone size-full wp-image-33586\" src=\"https:\/\/fpvoleibol.pt\/fpv\/wp-content\/uploads\/2024\/06\/poster_cnvp_2024_freixo_dd.jpg\" alt=\"\" width=\"960\" height=\"1357\" srcset=\"https:\/\/fpvoleibol.pt\/fpv\/wp-content\/uploads\/2024\/06\/poster_cnvp_2024_freixo_dd.jpg 960w, https:\/\/fpvoleibol.pt\/fpv\/wp-content\/uploads\/2024\/06\/poster_cnvp_2024_freixo_dd-212x300.jpg 212w, https:\/\/fpvoleibol.pt\/fpv\/wp-content\/uploads\/2024\/06\/poster_cnvp_2024_freixo_dd-724x1024.jpg 724w, https:\/\/fpvoleibol.pt\/fpv\/wp-content\/uploads\/2024\/06\/poster_cnvp_2024_freixo_dd-768x1086.jpg 768w\" sizes=\"auto, (max-width: 960px) 100vw, 960px\" \/><\/p>\n<p style=\"text-align: center;\"><span style=\"background-color: #000000; color: #ffffff;\">CIRCUITO DE VOLEIBOL DE PRAIA 2023\/2024<br \/>\n<strong>CIRCUITO LIPTON KOMBUCHA<br \/>\n(Transmiss\u00f5es televisivas)<\/strong><\/span><\/p>\n<p style=\"text-align: center;\"><span style=\"text-decoration: underline; background-color: #000000; color: #ffffff;\"><strong>23 de Junho &#8211; <\/strong>1.\u00aa Etapa, Freixo de Espada \u00e0 Cinta, Praia da Congida<\/span><\/p>\n<p style=\"text-align: center;\"><strong>13h00<\/strong>\u00a0\u2013 Jogo de atribui\u00e7\u00e3o do 3.\u00ba e 4.\u00ba lugares \u2013 Femininos<br \/>\n<strong>14h00<\/strong>\u00a0\u2013 Jogo de atribui\u00e7\u00e3o do 3.\u00ba e 4.\u00ba lugares \u2013 Masculinos<\/p>\n<p style=\"text-align: center;\"><strong>15h00<\/strong>\u00a0\u2013 Final de Femininos<br \/>\n<strong>16h00<\/strong> \u2013 Final de Masculinos<\/p>\n<p style=\"text-align: center;\"><span style=\"text-decoration: underline; background-color: #000000; color: #ffffff;\"><strong>7 de Julho &#8211;\u00a0<\/strong>2.\u00aa Etapa (s\u00f3 Femininos), Barcelos, Largo da Feira<\/span><\/p>\n<p style=\"text-align: center;\"><strong>15h00<\/strong> \u2013 Jogo de atribui\u00e7\u00e3o do 3.\u00ba e 4.\u00ba lugares<br \/>\n<strong>16h00<\/strong> \u2013 Final<\/p>\n<p style=\"text-align: center;\"><span style=\"text-decoration: underline; background-color: #000000; color: #ffffff;\"><strong>14 de Julho &#8211;\u00a0<\/strong>3.\u00aa Etapa (s\u00f3 Masculinos), Barcelos, Largo da Feira<\/span><\/p>\n<p style=\"text-align: center;\"><strong>15h00<\/strong> \u2013 Jogo de atribui\u00e7\u00e3o do 3.\u00ba e 4.\u00ba lugares<br \/>\n<strong>16h00<\/strong> \u2013 Final<\/p>\n<p style=\"text-align: center;\"><span style=\"text-decoration: underline; background-color: #000000; color: #ffffff;\"><strong>21 de Julho &#8211;\u00a0<\/strong>4.\u00aa Etapa, Lisboa, Terreiro das Missas<\/span><\/p>\n<p style=\"text-align: center;\"><strong>13h00<\/strong>\u00a0\u2013 Jogo de atribui\u00e7\u00e3o do 3.\u00ba e 4.\u00ba lugares \u2013 Femininos<br \/>\n<strong>14h00<\/strong>\u00a0\u2013 Jogo de atribui\u00e7\u00e3o do 3.\u00ba e 4.\u00ba lugares \u2013 Masculinos<\/p>\n<p style=\"text-align: center;\"><strong>15h00<\/strong>\u00a0\u2013 Final de Femininos<br \/>\n<strong>16h00<\/strong> \u2013 Final de Masculinos<\/p>\n<p style=\"text-align: center;\"><span style=\"text-decoration: underline; background-color: #000000; color: #ffffff;\"><strong>28 de Julho &#8211;\u00a0<\/strong>5.\u00aa Etapa, Porto, Praia Internacional<\/span><\/p>\n<p style=\"text-align: center;\"><strong>13h00<\/strong>\u00a0\u2013 Jogo de atribui\u00e7\u00e3o do 3.\u00ba e 4.\u00ba lugares \u2013 Femininos<br \/>\n<strong>14h00<\/strong>\u00a0\u2013 Jogo de atribui\u00e7\u00e3o do 3.\u00ba e 4.\u00ba lugares \u2013 Masculinos<\/p>\n<p style=\"text-align: center;\"><strong>15h00<\/strong>\u00a0\u2013 Final de Femininos<br \/>\n<strong>16h00<\/strong> \u2013 Final de Masculinos<\/p>\n<p style=\"text-align: center;\"><span style=\"text-decoration: underline; background-color: #000000; color: #ffffff;\"><strong>4 de Agosto<\/strong>\u00a0<strong>&#8211;<\/strong> 6.\u00aa Etapa, Portim\u00e3o, Praia da Rocha<\/span><\/p>\n<p style=\"text-align: center;\"><strong>13h00<\/strong>\u00a0\u2013 Jogo de atribui\u00e7\u00e3o do 3.\u00ba e 4.\u00ba lugares \u2013 Femininos<br \/>\n<strong>14h00<\/strong>\u00a0\u2013 Jogo de atribui\u00e7\u00e3o do 3.\u00ba e 4.\u00ba lugares \u2013 Masculinos<\/p>\n<p style=\"text-align: center;\"><strong>15h00<\/strong>\u00a0\u2013 Final de Femininos<br \/>\n<strong>16h00<\/strong> \u2013 Final de Masculinos<\/p>\n<p style=\"text-align: center;\"><span style=\"text-decoration: underline; background-color: #000000; color: #ffffff;\"><strong>FINAL<\/strong><\/span><\/p>\n<p style=\"text-align: center;\"><span style=\"text-decoration: underline; background-color: #000000; color: #ffffff;\"><strong>11 de Agosto<\/strong> <strong>&#8211;<\/strong> 7.\u00aa Etapa,<strong>\u00a0<\/strong>Praia de Esmoriz<\/span><\/p>\n<p style=\"text-align: center;\"><strong>13h00<\/strong>\u00a0\u2013 Jogo de atribui\u00e7\u00e3o do 3.\u00ba e 4.\u00ba lugares \u2013 Femininos<br \/>\n<strong>14h00<\/strong>\u00a0\u2013 Jogo de atribui\u00e7\u00e3o do 3.\u00ba e 4.\u00ba lugares \u2013 Masculinos<\/p>\n<p style=\"text-align: center;\"><strong>15h00<\/strong>\u00a0\u2013 Final de Femininos<br \/>\n<strong>16h00<\/strong> \u2013 Final de Masculinos<\/p>\n<p style=\"text-align: center;\"><span style=\"text-decoration: underline;\"><strong>Todas as informa\u00e7\u00f5es em <a href=\"https:\/\/fpvoleibol.pt\/cnvp2024\">https:\/\/fpvoleibol.pt\/cnvp2024<\/a><\/strong><\/span><\/p>\n<p style=\"text-align: center;\"><span style=\"background-color: #000000; color: #ffffff;\">Em 2023<\/span><\/p>\n<p><img loading=\"lazy\" decoding=\"async\" class=\"size-full wp-image-26833 aligncenter\" src=\"https:\/\/fpvoleibol.pt\/fpv\/wp-content\/uploads\/2023\/08\/cnvp2023_portimao_podio_d.jpg\" alt=\"\" width=\"960\" height=\"718\" srcset=\"https:\/\/fpvoleibol.pt\/fpv\/wp-content\/uploads\/2023\/08\/cnvp2023_portimao_podio_d.jpg 960w, https:\/\/fpvoleibol.pt\/fpv\/wp-content\/uploads\/2023\/08\/cnvp2023_portimao_podio_d-300x224.jpg 300w, https:\/\/fpvoleibol.pt\/fpv\/wp-content\/uploads\/2023\/08\/cnvp2023_portimao_podio_d-768x574.jpg 768w\" sizes=\"auto, (max-width: 960px) 100vw, 960px\" \/>Em 2023, as duplas <strong>Hugo Campos\/Jo\u00e3o Nuno Pedrosa<\/strong> e <strong>Beatriz Pinheiro<\/strong>\/<strong>In\u00eas Castro<\/strong> sagraram-se bicampe\u00e3s nacionais de Voleibol de Praia ao vencerem a sexta e \u00faltima etapa do Campeonato Nacional de Voleibol de Praia (CNVP), disputada na Praia da Rocha, em Portim\u00e3o, Algarve.<\/p>\n<p>Em masculinos, Campos\/Pedrosa, dupla apoiada pela FPV e campe\u00e3 universit\u00e1ria em t\u00edtulo, revalidou o t\u00edtulo nacional ao superar (2-0: 21-13 e 21-11) Gon\u00e7alo Sousa e Tom\u00e1s Sousa na final.<br \/>\nEm 3.\u00ba lugar ficaram Gabriel Cardoso e Francisco Pombeiro, que derrotaram (2-0: 21-19 e 21-14) Guilherme Maia\/Filipe Leite.<\/p>\n<p>Em femininos, Beatriz e In\u00eas revalidaram o t\u00edtulo depois de se superiorizarem (2-1: 21-14, 20-22 e 15-7) a Maria Val\u00e9rio e Maria Tavares. Ao \u00faltimo degrau do p\u00f3dio subiram Raquel Lacerda\/Eunice Almeida, que venceram (2-0: 21-18 e 21-17) as irm\u00e3s Carolina e Margarida Maia.<\/p>\n<p>A\u00a06.\u00aa e derradeira etapa do Campeonato Nacional de Voleibol de Praia (CNVP 2023) disputou-se na Praia da Rocha, em Portim\u00e3o, numa organiza\u00e7\u00e3o da Federa\u00e7\u00e3o Portuguesa de Voleibol em colabora\u00e7\u00e3o com a C\u00e2mara Municipal de Portim\u00e3o.<br \/>\nAs finais foram transmitidas em directo na <a href=\"https:\/\/www.volei.tv\/\">Volei TV<\/a>\u00a0e n&#8217; A Bola TV.<\/p>\n<p style=\"text-align: center;\">Ver lista dos anteriores <a href=\"https:\/\/fpvoleibol.pt\/fpv\/wp-content\/uploads\/2023\/08\/Voleibol_de_Praia_Vencedores_Podios_2023.pdf\">campe\u00f5es nacionais de Voleibol de Praia AQUI<\/a><\/p>\n","protected":false},"excerpt":{"rendered":"<p>As duplas Francisco Pombeiro\/Gabriel Cardoso e Daniela Loureiro\/Raquel Lacerda estrearam-se da melhor forma no Circuito Lipton Kombucha 2024 ao vencerem hoje a 1.\u00aa etapa da competi\u00e7\u00e3o, disputada na Praia da [&hellip;]<\/p>\n","protected":false},"author":2,"featured_media":33635,"comment_status":"open","ping_status":"open","sticky":false,"template":"","format":"standard","meta":{"_monsterinsights_skip_tracking":false,"_monsterinsights_sitenote_active":false,"_monsterinsights_sitenote_note":"","_monsterinsights_sitenote_category":0,"footnotes":""},"categories":[9,31],"tags":[135,103],"class_list":{"0":"post-33629","1":"post","2":"type-post","3":"status-publish","4":"format-standard","5":"has-post-thumbnail","7":"category-voleibol-de-praia","8":"category-voleitv","9":"tag-cnvp2024","10":"tag-epoca-2023-2024","11":"czr-hentry"},"aioseo_notices":[],"_links":{"self":[{"href":"https:\/\/fpvoleibol.pt\/fpv\/wp-json\/wp\/v2\/posts\/33629","targetHints":{"allow":["GET"]}}],"collection":[{"href":"https:\/\/fpvoleibol.pt\/fpv\/wp-json\/wp\/v2\/posts"}],"about":[{"href":"https:\/\/fpvoleibol.pt\/fpv\/wp-json\/wp\/v2\/types\/post"}],"author":[{"embeddable":true,"href":"https:\/\/fpvoleibol.pt\/fpv\/wp-json\/wp\/v2\/users\/2"}],"replies":[{"embeddable":true,"href":"https:\/\/fpvoleibol.pt\/fpv\/wp-json\/wp\/v2\/comments?post=33629"}],"version-history":[{"count":7,"href":"https:\/\/fpvoleibol.pt\/fpv\/wp-json\/wp\/v2\/posts\/33629\/revisions"}],"predecessor-version":[{"id":33674,"href":"https:\/\/fpvoleibol.pt\/fpv\/wp-json\/wp\/v2\/posts\/33629\/revisions\/33674"}],"wp:featuredmedia":[{"embeddable":true,"href":"https:\/\/fpvoleibol.pt\/fpv\/wp-json\/wp\/v2\/media\/33635"}],"wp:attachment":[{"href":"https:\/\/fpvoleibol.pt\/fpv\/wp-json\/wp\/v2\/media?parent=33629"}],"wp:term":[{"taxonomy":"category","embeddable":true,"href":"https:\/\/fpvoleibol.pt\/fpv\/wp-json\/wp\/v2\/categories?post=33629"},{"taxonomy":"post_tag","embeddable":true,"href":"https:\/\/fpvoleibol.pt\/fpv\/wp-json\/wp\/v2\/tags?post=33629"}],"curies":[{"name":"wp","href":"https:\/\/api.w.org\/{rel}","templated":true}]}}