{"id":3357,"date":"2021-02-15T12:49:16","date_gmt":"2021-02-15T11:49:16","guid":{"rendered":"https:\/\/fpvoleibol.pt\/fpv\/?p=3357"},"modified":"2021-02-17T16:14:24","modified_gmt":"2021-02-17T15:14:24","slug":"arbitro-portugues-nos-quartos-da-liga-dos-campeoes","status":"publish","type":"post","link":"https:\/\/fpvoleibol.pt\/fpv\/2021\/02\/15\/arbitro-portugues-nos-quartos-da-liga-dos-campeoes\/","title":{"rendered":"\u00c1RBITRO PORTUGU\u00caS NOS \u00abQUARTOS\u00bb DA LIGA DOS CAMPE\u00d5ES"},"content":{"rendered":"<p><img loading=\"lazy\" decoding=\"async\" class=\"alignnone size-full wp-image-3358\" src=\"https:\/\/fpvoleibol.pt\/fpv\/wp-content\/uploads\/2021\/02\/ricardoferreira_960.jpg\" alt=\"\" width=\"960\" height=\"540\" srcset=\"https:\/\/fpvoleibol.pt\/fpv\/wp-content\/uploads\/2021\/02\/ricardoferreira_960.jpg 960w, https:\/\/fpvoleibol.pt\/fpv\/wp-content\/uploads\/2021\/02\/ricardoferreira_960-300x169.jpg 300w, https:\/\/fpvoleibol.pt\/fpv\/wp-content\/uploads\/2021\/02\/ricardoferreira_960-768x432.jpg 768w, https:\/\/fpvoleibol.pt\/fpv\/wp-content\/uploads\/2021\/02\/ricardoferreira_960-528x297.jpg 528w\" sizes=\"auto, (max-width: 960px) 100vw, 960px\" \/><\/p>\n<p>O \u00e1rbitro portugu\u00eas <strong>Ricardo Ferreira<\/strong> vai <em>apitar<\/em>, em Floren\u00e7a, o jogo entre as italianas do Savino Del Bene Scandicci e do A. Carraro Imoco Conegliano, relativo \u00e0 1.\u00aa m\u00e3o dos quartos-de-final da <a href=\"https:\/\/championsleague.cev.eu\/en\/\">Liga do Campe\u00f5es &#8211; femininos<\/a>, a principal competi\u00e7\u00e3o europeia de clubes, a disputar no dia 24 de Fevereiro.<\/p>\n<p style=\"text-align: center;\"><span style=\"text-decoration: underline;\"><strong>Jogos da 1.\u00aa m\u00e3o dos 1\/4 final &#8211; femininos (23 a 25 de Fevereiro)<\/strong><\/span><\/p>\n<p>Fenerbah\u00e7e Opet Istanbul (Turquia) x Igor Gorgonzola Novara (It\u00e1lia)<br \/>\nSavino Del Bene Scandicci (It\u00e1lia) x A. Carraro Imoco Conegliano (It\u00e1lia) &#8211; 1.\u00ba \u00e1rbitro: Ricardo Ferreira<br \/>\nGrupa Azoty Chemik Police (Pol\u00f3nia) x VakifBank Istanbul (Turquia)<br \/>\nUnet e-work Busto Arsizio (It\u00e1lia) x Eczacibasi VitrA Istanbul (Turquia)<\/p>\n<p>Todos os jogos dos quartos-de-final da principal competi\u00e7\u00e3o europeia de clubes ser\u00e3o transmitidos (<em>live streaming<\/em>) pela EuroVolley.TV.<\/p>\n<p>Na Ta\u00e7a CEV &#8211; femininos, <strong>Pedro Pinto<\/strong> ser\u00e1 o 2.\u00ba \u00e1rbitro do jogo da 1.\u00aa m\u00e3o das meias-finais entre as gaulesas do Berziers Angels e as turcas do Galatasaray HDI Istanbul, no dia 23 de Fevereiro, em Fran\u00e7a.<\/p>\n<p><img loading=\"lazy\" decoding=\"async\" class=\"alignnone size-full wp-image-3360\" src=\"https:\/\/fpvoleibol.pt\/fpv\/wp-content\/uploads\/2021\/02\/ERC_CEV-.jpg\" alt=\"\" width=\"960\" height=\"540\" srcset=\"https:\/\/fpvoleibol.pt\/fpv\/wp-content\/uploads\/2021\/02\/ERC_CEV-.jpg 960w, https:\/\/fpvoleibol.pt\/fpv\/wp-content\/uploads\/2021\/02\/ERC_CEV--300x169.jpg 300w, https:\/\/fpvoleibol.pt\/fpv\/wp-content\/uploads\/2021\/02\/ERC_CEV--768x432.jpg 768w, https:\/\/fpvoleibol.pt\/fpv\/wp-content\/uploads\/2021\/02\/ERC_CEV--528x297.jpg 528w\" sizes=\"auto, (max-width: 960px) 100vw, 960px\" \/><\/p>\n<p>Entretanto, na sexta-feira, naquela que foi a primeira reuni\u00e3o do per\u00edodo 2020-2024 realizada por videoconfer\u00eancia \u2013 e que contou com a participa\u00e7\u00e3o de <strong>Avelino Azevedo<\/strong>, Presidente da Comiss\u00e3o de Arbitragem da Federa\u00e7\u00e3o Portuguesa de Voleibol \u2013, os membros da Comiss\u00e3o Europeia de Arbitragem (ERC) debateram uma s\u00e9rie de projectos educacionais e outras ac\u00e7\u00f5es que v\u00e3o ajudar a crescer e a desenvolver a pr\u00f3xima gera\u00e7\u00e3o de \u00e1rbitros de elite do Voleibol.<\/p>\n<p>O trabalho do ERC ir\u00e1 <em>centrar-se<\/em> num grupo de \u00e1rbitros europeus jovens e talentosos prestes a ingressar na Academia de \u00c1rbitros \u2013 curso ministrado pela Federa\u00e7\u00e3o Internacional de Voleibol (FIVB) \u2013 agendado, em data a definir, para o M\u00e9xico.<br \/>\nEnquanto trabalha no plano estrat\u00e9gico para 2020-2024, o ERC continuar\u00e1 a fomentar o interc\u00e2mbio e uma interac\u00e7\u00e3o cont\u00ednua e produtiva com as Comiss\u00f5es de Arbitragem das 56 Federa\u00e7\u00f5es Nacionais da Confedera\u00e7\u00e3o Europeia de Voleibol (CEV).<\/p>\n","protected":false},"excerpt":{"rendered":"<p>O \u00e1rbitro portugu\u00eas Ricardo Ferreira vai apitar, em Floren\u00e7a, o jogo entre as italianas do Savino Del Bene Scandicci e do A. Carraro Imoco Conegliano, relativo \u00e0 1.\u00aa m\u00e3o dos [&hellip;]<\/p>\n","protected":false},"author":2,"featured_media":3359,"comment_status":"open","ping_status":"open","sticky":false,"template":"","format":"standard","meta":{"_monsterinsights_skip_tracking":false,"_monsterinsights_sitenote_active":false,"_monsterinsights_sitenote_note":"","_monsterinsights_sitenote_category":0,"footnotes":""},"categories":[13,8],"tags":[],"class_list":{"0":"post-3357","1":"post","2":"type-post","3":"status-publish","4":"format-standard","5":"has-post-thumbnail","7":"category-arbitragem","8":"category-voleibol","9":"czr-hentry"},"aioseo_notices":[],"_links":{"self":[{"href":"https:\/\/fpvoleibol.pt\/fpv\/wp-json\/wp\/v2\/posts\/3357","targetHints":{"allow":["GET"]}}],"collection":[{"href":"https:\/\/fpvoleibol.pt\/fpv\/wp-json\/wp\/v2\/posts"}],"about":[{"href":"https:\/\/fpvoleibol.pt\/fpv\/wp-json\/wp\/v2\/types\/post"}],"author":[{"embeddable":true,"href":"https:\/\/fpvoleibol.pt\/fpv\/wp-json\/wp\/v2\/users\/2"}],"replies":[{"embeddable":true,"href":"https:\/\/fpvoleibol.pt\/fpv\/wp-json\/wp\/v2\/comments?post=3357"}],"version-history":[{"count":4,"href":"https:\/\/fpvoleibol.pt\/fpv\/wp-json\/wp\/v2\/posts\/3357\/revisions"}],"predecessor-version":[{"id":3409,"href":"https:\/\/fpvoleibol.pt\/fpv\/wp-json\/wp\/v2\/posts\/3357\/revisions\/3409"}],"wp:featuredmedia":[{"embeddable":true,"href":"https:\/\/fpvoleibol.pt\/fpv\/wp-json\/wp\/v2\/media\/3359"}],"wp:attachment":[{"href":"https:\/\/fpvoleibol.pt\/fpv\/wp-json\/wp\/v2\/media?parent=3357"}],"wp:term":[{"taxonomy":"category","embeddable":true,"href":"https:\/\/fpvoleibol.pt\/fpv\/wp-json\/wp\/v2\/categories?post=3357"},{"taxonomy":"post_tag","embeddable":true,"href":"https:\/\/fpvoleibol.pt\/fpv\/wp-json\/wp\/v2\/tags?post=3357"}],"curies":[{"name":"wp","href":"https:\/\/api.w.org\/{rel}","templated":true}]}}