{"id":33539,"date":"2024-06-16T11:26:25","date_gmt":"2024-06-16T11:26:25","guid":{"rendered":"https:\/\/fpvoleibol.pt\/fpv\/?p=33539"},"modified":"2024-09-13T11:30:05","modified_gmt":"2024-09-13T11:30:05","slug":"sonho-olimpico-adiado-para-los-angeles-2028","status":"publish","type":"post","link":"https:\/\/fpvoleibol.pt\/fpv\/2024\/06\/16\/sonho-olimpico-adiado-para-los-angeles-2028\/","title":{"rendered":"SONHO OL\u00cdMPICO ADIADO PARA LOS ANGELES 2028"},"content":{"rendered":"<p style=\"text-align: center;\"><strong><img loading=\"lazy\" decoding=\"async\" class=\"size-full wp-image-33544 aligncenter\" src=\"https:\/\/fpvoleibol.pt\/fpv\/wp-content\/uploads\/2024\/06\/TNVP_sousas_jurmala_d.jpg\" alt=\"\" width=\"960\" height=\"640\" srcset=\"https:\/\/fpvoleibol.pt\/fpv\/wp-content\/uploads\/2024\/06\/TNVP_sousas_jurmala_d.jpg 960w, https:\/\/fpvoleibol.pt\/fpv\/wp-content\/uploads\/2024\/06\/TNVP_sousas_jurmala_d-300x200.jpg 300w, https:\/\/fpvoleibol.pt\/fpv\/wp-content\/uploads\/2024\/06\/TNVP_sousas_jurmala_d-768x512.jpg 768w\" sizes=\"auto, (max-width: 960px) 100vw, 960px\" \/>Infelizmente, querer n\u00e3o basta e Portugal n\u00e3o conseguiu realizar o sonho ol\u00edmpico de Paris 2024, algo que esteve muito perto de acontecer em Jurmala, na Let\u00f3nia. As duplas portuguesas Jo\u00e3o Pedrosa\/Hugo Campos e Gon\u00e7alo Sousa\/Tom\u00e1s Sousa s\u00f3 foram travadas, e no \u00faltimo dia da <a href=\"https:\/\/www.cev.eu\/beach\/nations-cup\/2024\/nations-cup-final\/\">fase final da Ta\u00e7a das Na\u00e7\u00f5es<\/a> de Voleibol de Praia, pelos irredut\u00edveis gauleses nas meias-finais. Um sonho que, todavia, n\u00e3o acabou; fica apenas adiado para os Jogos Ol\u00edmpicos de Los Angeles, a disputar em 2028 nos Estados Unidos da Am\u00e9rica.<\/strong><\/p>\n<p style=\"text-align: left;\">A tarefa era herc\u00falea: a Ta\u00e7a das Na\u00e7\u00f5es s\u00f3 garantia ao pa\u00eds vencedor a presen\u00e7a nos Jogos Ol\u00edmpicos Paris 2024.<\/p>\n<p>Como aconteceu sempre nesta competi\u00e7\u00e3o Gon\u00e7alo Sousa e Tom\u00e1s Sousa foram os primeiros a entrar em ac\u00e7\u00e3o, frente a R\u00e9mi Bassereau e Julien Lyneel.<br \/>\nProcurando entrar <em>logo a matar<\/em>, os irm\u00e3os Sousa venceram o primeiro set nas vantagens, mas a derrota no segundo (por 24-26) acabou por ditar a sorte do jogo e os franceses acabaram por triunfar por 2-1 (21-23, 26-24 e 15-8).<\/p>\n<p>&#8220;<em>Em rela\u00e7\u00e3o a este jogo, o Gon\u00e7alo e o Tom\u00e1s est\u00e3o de parab\u00e9ns. Apesar de terem perdido, conseguiram mostrar finalmente o seu Voleibol e aquilo que sabem fazer. Logo desde o in\u00edcio do jogo, puseram a dupla francesa muito desconfort\u00e1vel, com uma boa estrat\u00e9gia de servi\u00e7o, jogando com muita calma na rela\u00e7\u00e3o entre o bloco e a defesa, concentrando-se apenas naquilo que conseguiriam fazer. <\/em><br \/>\n<em>Come\u00e7\u00e1mos sempre na frente, mas foi uma pena n\u00e3o termos conseguido fechar o set, com, salvo erro, tr\u00eas match-points. \u00c9 frustrante perder assim, mas a este n\u00edvel a diferen\u00e7a entre as duplas \u00e9 m\u00ednima e os sets s\u00e3o decididos em pormenores. N\u00e3o fomos ponderados no final do set na nossa estrat\u00e9gia de servi\u00e7o e uma ou outra m\u00e1 op\u00e7\u00e3o ditou o resultado final do segundo parcial.<\/em><br \/>\n<em>Na negra, quebr\u00e1mos fisicamente e os franceses foram superiores, mas o Gon\u00e7alo e o Tom\u00e1s est\u00e3o de parab\u00e9ns porque, n\u00e3o tendo ainda muitas competi\u00e7\u00f5es nas pernas, sendo inexperientes a este n\u00edvel, finalmente conseguiram soltar-se e mostrar todo o seu potencial.<\/em><br \/>\n<em>Contudo, perdemos a oportunidade de, pelos menos, for\u00e7ar um Golden Set, acontecesse o que acontecesse no segundo jogo. Ou seja, se tiv\u00e9ssemos ganho este jogo, entrar\u00edamos no segundo com algum conforto, algo que ainda n\u00e3o t\u00ednhamos tido nesta competi\u00e7\u00e3o<\/em>&#8220;, salientou o Seleccionador Nacional <strong>Ricardo Rocha<\/strong>.<\/p>\n<p><img loading=\"lazy\" decoding=\"async\" class=\"size-full wp-image-33542 aligncenter\" src=\"https:\/\/fpvoleibol.pt\/fpv\/wp-content\/uploads\/2024\/06\/TNVP_pedrosacampos_jurmala_d.jpg\" alt=\"\" width=\"960\" height=\"640\" srcset=\"https:\/\/fpvoleibol.pt\/fpv\/wp-content\/uploads\/2024\/06\/TNVP_pedrosacampos_jurmala_d.jpg 960w, https:\/\/fpvoleibol.pt\/fpv\/wp-content\/uploads\/2024\/06\/TNVP_pedrosacampos_jurmala_d-300x200.jpg 300w, https:\/\/fpvoleibol.pt\/fpv\/wp-content\/uploads\/2024\/06\/TNVP_pedrosacampos_jurmala_d-768x512.jpg 768w\" sizes=\"auto, (max-width: 960px) 100vw, 960px\" \/>Seguidamente, e ap\u00f3s uma maratona extenuante rumo \u00e0 final \u2013 ao todo, os bicampe\u00f5es nacionais disputaram 12 sets, em apenas tr\u00eas dias \u2013, Jo\u00e3o Pedrosa e Hugo Campos defrontaram a melhor dupla gaulesa, formada por T\u00e9o Rotar\/Arnaud Gauthier-Rat.<br \/>\nN\u00e3o obstante a r\u00e9plica dada, os franceses triunfaram por 2-0 (21-18 e 21-13), apurando-se para a final.<\/p>\n<p>&#8220;<em>O Jo\u00e3o e o Hugo sabiam que ia ser um jogo muito dif\u00edcil, no qual teriam de jogar muito bem, mas acabou por ser um jogo em que n\u00e3o soubemos lidar muito bem com o servi\u00e7o, principalmente o do blocador, que nos causou muitos problemas, nem com o bloco advers\u00e1rio e tornou-se muito complicado receber com a tranquilidade e o conforto necess\u00e1rios para usufruir das melhores condi\u00e7\u00f5es no ataque, principalmente perante um bloco t\u00e3o alto como o do blocador franc\u00eas, que fez um grande jogo, e n\u00e3o conseguimos apresentar o n\u00edvel que temos exibido at\u00e9 aqui.<\/em><br \/>\n<em>Gostaria de deixar uma nota a estes quatro rapazes porque a frustra\u00e7\u00e3o e a tristeza que sentimos agora \u00e9 culpa deles. \u00c9 culpa deles porque eles \u00e9 que nos fizeram acreditar e nos fizeram estar no \u00faltimo dia de qualifica\u00e7\u00e3o ol\u00edmpica, a n\u00f3s e a todo o Voleibol portugu\u00eas, com um esperan\u00e7a que ningu\u00e9m pensaria ter no in\u00edcio da competi\u00e7\u00e3o. <\/em><br \/>\n<em>A Ta\u00e7a das Na\u00e7\u00f5es \u00e9 uma competi\u00e7\u00e3o muito dif\u00edcil, em que os pa\u00edses v\u00eam muito bem preparados e muito fortes e s\u00f3 um \u00e9 que passa e por isso a margem de erro \u00e9 inexistente.<\/em><br \/>\n<em>Est\u00e3o de parab\u00e9ns porque conseguiram fazer-nos acreditar at\u00e9 ao fim e provar, mais uma vez, que conseguimos estar na elite do Voleibol mundial.<\/em><br \/>\n<em>Agora s\u00f3 nos resta lamber as feridas, como se costuma dizer, e continuar a trabalhar e lutar pelos pr\u00f3ximos objectivos. O que n\u00e3o nos mata, torna-nos mais fortes e n\u00f3s vamos continuar cada vez mais fortes a lutar sempre juntos, que \u00e9 o mais importante<\/em>&#8220;, concluiu <strong>Ricardo Rocha<\/strong>.<\/p>\n<p><img loading=\"lazy\" decoding=\"async\" class=\"size-full wp-image-33559 aligncenter\" src=\"https:\/\/fpvoleibol.pt\/fpv\/wp-content\/uploads\/2024\/06\/ruicarvalho_tnvp.jpg\" alt=\"\" width=\"960\" height=\"640\" srcset=\"https:\/\/fpvoleibol.pt\/fpv\/wp-content\/uploads\/2024\/06\/ruicarvalho_tnvp.jpg 960w, https:\/\/fpvoleibol.pt\/fpv\/wp-content\/uploads\/2024\/06\/ruicarvalho_tnvp-300x200.jpg 300w, https:\/\/fpvoleibol.pt\/fpv\/wp-content\/uploads\/2024\/06\/ruicarvalho_tnvp-768x512.jpg 768w\" sizes=\"auto, (max-width: 960px) 100vw, 960px\" \/>A Fran\u00e7a haveria mostrar que tinha as duplas mais fortes, vencendo a \u00c1ustria no Golden Set, numa final arbitrada pelo portugu\u00eas <strong>Rui Carvalho<\/strong> e pelo grego Charalampos Papadogoulas.<\/p>\n<p>O caminho da dupla Jo\u00e3o Nuno Pedrosa\/Hugo Campos tem sido recheado de bons resultados nos \u00faltimos anos: a medalha de bronze alcan\u00e7ada nos <a href=\"https:\/\/heraklion23.gr\/\">Jogos do Mediterr\u00e2neo<\/a>\u00a0pelos bicampe\u00f5es nacionais juntou-se \u00e0 medalha de ouro conquistada no Beach Pro Tour Challenge de Edmonton (Canad\u00e1), etapa do Circuito Mundial de 2023, naquela que foi a primeira vez que a dupla portuguesa subiu ao lugar mais alto do p\u00f3dio numa etapa Challenge do Beach Pro Tour.<br \/>\nUm marco no percurso dos bicampe\u00f5es nacionais em t\u00edtulo e campe\u00f5es mundiais universit\u00e1rios na caminhada que encetaram h\u00e1 poucos anos ao optarem pela pr\u00e1tica do Voleibol de Praia ao longo de todo o ano, no que s\u00e3o apoiados pela Federa\u00e7\u00e3o Portuguesa de Voleibol (FPV).<\/p>\n<p>A Ta\u00e7a das Na\u00e7\u00f5es tem um formato de competi\u00e7\u00e3o peculiar que promove <em>batalhas entre pa\u00edses<\/em>. Cada na\u00e7\u00e3o \u00e9 representada por duas duplas e os duelos disputam-se <em>\u00e0 melhor de tr\u00eas<\/em>, sendo a decis\u00e3o, se necess\u00e1rio, encontrada atrav\u00e9s de um <em>golden set<\/em> (set de desempate) de 15 pontos.<\/p>\n<p>Ap\u00f3s ter acolhido as edi\u00e7\u00f5es de 2017 e 2020 do Campeonato da Europa de Voleibol de Praia, Jurmala, na Let\u00f3nia, recebe a fase final da Ta\u00e7a das Na\u00e7\u00f5es, competi\u00e7\u00e3o que garante aos\u00a0 vencedores (em masculinos e femininos) a presen\u00e7a nos Jogos Ol\u00edmpicos Paris 2024.<\/p>\n<p>De referir que foi precisamente na mais famosa est\u00e2ncia balnear let\u00e3 que, em <a href=\"https:\/\/www-old.cev.eu\/BeachVolley-Area\/CompetitionNews.aspx?NewsID=21014&amp;ID=777\">1996<\/a>, a dupla portuguesa formada por <span style=\"text-decoration: underline;\">Jorge Alves e Jo\u00e3o Silva, foi vice-campe\u00e3 europeia de Sub-20<\/span>.<\/p>\n<p>Em 2023, as selec\u00e7\u00f5es portuguesas de Voleibol de Praia disputaram as Pools de qualifica\u00e7\u00e3o, mas n\u00e3o conseguiram o apuramento para a fase final.<br \/>\nEm masculinos, <strong>Jo\u00e3o Pedrosa\/Hugo Campos<\/strong>\u00a0e <strong>Guilherme Maia\/Filipe Leite<\/strong> classificaram-se no 3.\u00ba lugar da Pool G da <a href=\"https:\/\/www.cev.eu\/beach\/nations-cup\/2023\/qualifiers-men\/pool-g-budapest-hun\">Ta\u00e7a das Na\u00e7\u00f5es<\/a>, disputada na cidade de Budapeste, capital da Hungria.<br \/>\nNas meias-finais, Jo\u00e3o Pedrosa e Hugo Campos, campe\u00f5es nacionais em t\u00edtulo, n\u00e3o conseguiram superar (0-2: 20-22 e 17-21) Attila Str\u00e9li\/Art\u00far Haj\u00f3s, o mesmo acontecendo (1-2: 21-16, 11-21 e 11-15) com Guilherme Maia e Filipe Leite, vice-campe\u00f5es nacionais, relativamente a Csan\u00e1d Petik\/Domonkos D\u00f3czi.<\/p>\n<p style=\"text-align: center;\"><strong><img loading=\"lazy\" decoding=\"async\" class=\"size-full wp-image-33441 aligncenter\" src=\"https:\/\/fpvoleibol.pt\/fpv\/wp-content\/uploads\/2024\/06\/VP_tacadasncacoes_team.jpg\" alt=\"\" width=\"960\" height=\"540\" srcset=\"https:\/\/fpvoleibol.pt\/fpv\/wp-content\/uploads\/2024\/06\/VP_tacadasncacoes_team.jpg 960w, https:\/\/fpvoleibol.pt\/fpv\/wp-content\/uploads\/2024\/06\/VP_tacadasncacoes_team-300x169.jpg 300w, https:\/\/fpvoleibol.pt\/fpv\/wp-content\/uploads\/2024\/06\/VP_tacadasncacoes_team-768x432.jpg 768w, https:\/\/fpvoleibol.pt\/fpv\/wp-content\/uploads\/2024\/06\/VP_tacadasncacoes_team-528x297.jpg 528w\" sizes=\"auto, (max-width: 960px) 100vw, 960px\" \/><\/strong><strong>\u00c1rbitros portugueses em ac\u00e7\u00e3o<br \/>\nno Voleibol de Praia<\/strong><\/p>\n<p><strong>Jos\u00e9 Casanova<\/strong><br \/>\nComit\u00e9 de Controlo dos Jogos Ol\u00edmpicos 2024, em Paris (Fran\u00e7a), de 27 de Julho a 10 de Agosto.<\/p>\n<p><strong>Avelino Azevedo<\/strong><br \/>\nDelegado de Arbitragem nas fases finais dos Campeonatos da Europa de Seniores Masculinos e Femininos, de 13 a 18 de Agosto, nos Pa\u00edses Baixos.<\/p>\n<p><strong>Rui Carvalho<br \/>\n<\/strong>Finais da Ta\u00e7a das Na\u00e7\u00f5es, em Jurmala, na Let\u00f3nia, de 13 a 16 de Junho.<br \/>\nJogos Ol\u00edmpicos 2024, em Paris (Fran\u00e7a), de 27 de Julho a 10 de Agosto.<\/p>\n<p><strong>Sandra Deveza<br \/>\n<\/strong>Beach Pro Tour Elite16 Gstaad, na Su\u00ed\u00e7a, de 3 a 7 de Julho.<br \/>\nFinais do Campeonato da Europa de Seniores Masculinos, de 14 a 18 de Agosto, nos Pa\u00edses Baixos.<br \/>\nBPT Elite16 Hamburgo, na Alemanha, de 21 a 25 de Agosto de 2024.<\/p>\n<p style=\"text-align: center;\">Mais informa\u00e7\u00f5es: <a href=\"http:\/\/www.cev.eu\">www.cev.eu<\/a><\/p>\n","protected":false},"excerpt":{"rendered":"<p>Infelizmente, querer n\u00e3o basta e Portugal n\u00e3o conseguiu realizar o sonho ol\u00edmpico de Paris 2024, algo que esteve muito perto de acontecer em Jurmala, na Let\u00f3nia. As duplas portuguesas Jo\u00e3o [&hellip;]<\/p>\n","protected":false},"author":2,"featured_media":33543,"comment_status":"open","ping_status":"open","sticky":false,"template":"","format":"standard","meta":{"_monsterinsights_skip_tracking":false,"_monsterinsights_sitenote_active":false,"_monsterinsights_sitenote_note":"","_monsterinsights_sitenote_category":0,"footnotes":""},"categories":[13,9],"tags":[103,86],"class_list":{"0":"post-33539","1":"post","2":"type-post","3":"status-publish","4":"format-standard","5":"has-post-thumbnail","7":"category-arbitragem","8":"category-voleibol-de-praia","9":"tag-epoca-2023-2024","10":"tag-taca-das-nacoes-v-praia","11":"czr-hentry"},"aioseo_notices":[],"_links":{"self":[{"href":"https:\/\/fpvoleibol.pt\/fpv\/wp-json\/wp\/v2\/posts\/33539","targetHints":{"allow":["GET"]}}],"collection":[{"href":"https:\/\/fpvoleibol.pt\/fpv\/wp-json\/wp\/v2\/posts"}],"about":[{"href":"https:\/\/fpvoleibol.pt\/fpv\/wp-json\/wp\/v2\/types\/post"}],"author":[{"embeddable":true,"href":"https:\/\/fpvoleibol.pt\/fpv\/wp-json\/wp\/v2\/users\/2"}],"replies":[{"embeddable":true,"href":"https:\/\/fpvoleibol.pt\/fpv\/wp-json\/wp\/v2\/comments?post=33539"}],"version-history":[{"count":7,"href":"https:\/\/fpvoleibol.pt\/fpv\/wp-json\/wp\/v2\/posts\/33539\/revisions"}],"predecessor-version":[{"id":35307,"href":"https:\/\/fpvoleibol.pt\/fpv\/wp-json\/wp\/v2\/posts\/33539\/revisions\/35307"}],"wp:featuredmedia":[{"embeddable":true,"href":"https:\/\/fpvoleibol.pt\/fpv\/wp-json\/wp\/v2\/media\/33543"}],"wp:attachment":[{"href":"https:\/\/fpvoleibol.pt\/fpv\/wp-json\/wp\/v2\/media?parent=33539"}],"wp:term":[{"taxonomy":"category","embeddable":true,"href":"https:\/\/fpvoleibol.pt\/fpv\/wp-json\/wp\/v2\/categories?post=33539"},{"taxonomy":"post_tag","embeddable":true,"href":"https:\/\/fpvoleibol.pt\/fpv\/wp-json\/wp\/v2\/tags?post=33539"}],"curies":[{"name":"wp","href":"https:\/\/api.w.org\/{rel}","templated":true}]}}