{"id":3267,"date":"2021-02-09T09:56:35","date_gmt":"2021-02-09T08:56:35","guid":{"rendered":"https:\/\/fpvoleibol.pt\/fpv\/?p=3267"},"modified":"2022-02-03T16:11:27","modified_gmt":"2022-02-03T15:11:27","slug":"voleibol-de-parabens%f0%9f%8e%82","status":"publish","type":"post","link":"https:\/\/fpvoleibol.pt\/fpv\/2021\/02\/09\/voleibol-de-parabens%f0%9f%8e%82\/","title":{"rendered":"VOLEIBOL DE PARAB\u00c9NS!\ud83c\udf82"},"content":{"rendered":"<p><img loading=\"lazy\" decoding=\"async\" class=\"alignnone size-full wp-image-3272\" src=\"https:\/\/fpvoleibol.pt\/fpv\/wp-content\/uploads\/2021\/02\/voleibol_anivers_d.jpg\" alt=\"\" width=\"960\" height=\"540\" srcset=\"https:\/\/fpvoleibol.pt\/fpv\/wp-content\/uploads\/2021\/02\/voleibol_anivers_d.jpg 960w, https:\/\/fpvoleibol.pt\/fpv\/wp-content\/uploads\/2021\/02\/voleibol_anivers_d-300x169.jpg 300w, https:\/\/fpvoleibol.pt\/fpv\/wp-content\/uploads\/2021\/02\/voleibol_anivers_d-768x432.jpg 768w, https:\/\/fpvoleibol.pt\/fpv\/wp-content\/uploads\/2021\/02\/voleibol_anivers_d-528x297.jpg 528w\" sizes=\"auto, (max-width: 960px) 100vw, 960px\" \/><\/p>\n<p>O Voleibol faz hoje 126 anos.<br \/>\nCriado pelo norte-americano William George Morgan em 9 de Fevereiro de 1895, o Voleibol foi introduzido em Portugal pelas tropas norte-americanas que estiveram estacionadas nas ilhas dos A\u00e7ores durante a I Grande Guerra Mundial. [Ver Hist\u00f3ria do Voleibol]<\/p>\n<p>A Federa\u00e7\u00e3o Portuguesa de Voleibol, actualmente sediada no Porto, nasceu no dia 7 de Abril de 1947 em Lisboa e, nesse mesmo ano, foi uma das fundadoras da Federa\u00e7\u00e3o Internacional de Voleibol (FIVB).<\/p>\n<p>O primeiro Congresso Mundial da FIVB realizou-se em Paris no dia 18 de Abril de 1947 e nele participaram 14 pa\u00edses: B\u00e9lgica, Brasil, Checoslov\u00e1quia, Fran\u00e7a, Holanda, Israel, It\u00e1lia, L\u00edbano, Pol\u00f3nia, Portugal, Rom\u00e9nia, Turquia, Uruguai e Estados Unidos da Am\u00e9rica.<br \/>\nO franc\u00eas Paul Libaud foi eleito o primeiro Presidente.<\/p>\n<p>O facto de a modalidade ter crescido exponencialmente ao longo dos anos ficou bem patente no 29.\u00ba Congresso Mundial organizado em Portugal e que acolheu Timor-Leste na grande fam\u00edlia do Voleibol. Volvidos 57 anos da realiza\u00e7\u00e3o do primeiro congresso, estiveram presentes no Porto representantes das ent\u00e3o 218 federa\u00e7\u00f5es filiadas na FIVB.<\/p>\n<p><img loading=\"lazy\" decoding=\"async\" class=\"alignnone size-full wp-image-3271\" src=\"https:\/\/fpvoleibol.pt\/fpv\/wp-content\/uploads\/2021\/02\/voleibol_aniv_d2.jpg\" alt=\"\" width=\"960\" height=\"509\" srcset=\"https:\/\/fpvoleibol.pt\/fpv\/wp-content\/uploads\/2021\/02\/voleibol_aniv_d2.jpg 960w, https:\/\/fpvoleibol.pt\/fpv\/wp-content\/uploads\/2021\/02\/voleibol_aniv_d2-300x159.jpg 300w, https:\/\/fpvoleibol.pt\/fpv\/wp-content\/uploads\/2021\/02\/voleibol_aniv_d2-768x407.jpg 768w\" sizes=\"auto, (max-width: 960px) 100vw, 960px\" \/><\/p>\n<p>No ano em que se comemora o 126.\u00ba anivers\u00e1rio do Voleibol, a FIVB tem filiadas 5 Confedera\u00e7\u00f5es Continentais, que, no total, compreendem 222 federa\u00e7\u00f5es nacionais: \u00c1frica, \u00c1sia, Europa, NORCECA e Am\u00e9rica do Sul.<\/p>\n<p>Informa\u00e7\u00f5es adicionais: <a href=\"https:\/\/fpvoleibol.pt\/fpv\/\">www.fpvoleibol.pt<\/a> \/ <a href=\"http:\/\/www.fivb.com\">www.fivb.com<\/a>\u00a0\/<a href=\"http:\/\/www.cev.eu\"> www.cev.eu<\/a> \/ <a href=\"http:\/\/www.facebook.com\/fpvoleibol\">www.facebook.com\/fpvoleibol<\/a><\/p>\n","protected":false},"excerpt":{"rendered":"<p>O Voleibol faz hoje 126 anos. Criado pelo norte-americano William George Morgan em 9 de Fevereiro de 1895, o Voleibol foi introduzido em Portugal pelas tropas norte-americanas que estiveram estacionadas [&hellip;]<\/p>\n","protected":false},"author":2,"featured_media":3270,"comment_status":"open","ping_status":"open","sticky":false,"template":"","format":"standard","meta":{"_monsterinsights_skip_tracking":false,"_monsterinsights_sitenote_active":false,"_monsterinsights_sitenote_note":"","_monsterinsights_sitenote_category":0,"footnotes":""},"categories":[20,8],"tags":[],"class_list":{"0":"post-3267","1":"post","2":"type-post","3":"status-publish","4":"format-standard","5":"has-post-thumbnail","7":"category-destaque","8":"category-voleibol","9":"czr-hentry"},"aioseo_notices":[],"_links":{"self":[{"href":"https:\/\/fpvoleibol.pt\/fpv\/wp-json\/wp\/v2\/posts\/3267","targetHints":{"allow":["GET"]}}],"collection":[{"href":"https:\/\/fpvoleibol.pt\/fpv\/wp-json\/wp\/v2\/posts"}],"about":[{"href":"https:\/\/fpvoleibol.pt\/fpv\/wp-json\/wp\/v2\/types\/post"}],"author":[{"embeddable":true,"href":"https:\/\/fpvoleibol.pt\/fpv\/wp-json\/wp\/v2\/users\/2"}],"replies":[{"embeddable":true,"href":"https:\/\/fpvoleibol.pt\/fpv\/wp-json\/wp\/v2\/comments?post=3267"}],"version-history":[{"count":6,"href":"https:\/\/fpvoleibol.pt\/fpv\/wp-json\/wp\/v2\/posts\/3267\/revisions"}],"predecessor-version":[{"id":12935,"href":"https:\/\/fpvoleibol.pt\/fpv\/wp-json\/wp\/v2\/posts\/3267\/revisions\/12935"}],"wp:featuredmedia":[{"embeddable":true,"href":"https:\/\/fpvoleibol.pt\/fpv\/wp-json\/wp\/v2\/media\/3270"}],"wp:attachment":[{"href":"https:\/\/fpvoleibol.pt\/fpv\/wp-json\/wp\/v2\/media?parent=3267"}],"wp:term":[{"taxonomy":"category","embeddable":true,"href":"https:\/\/fpvoleibol.pt\/fpv\/wp-json\/wp\/v2\/categories?post=3267"},{"taxonomy":"post_tag","embeddable":true,"href":"https:\/\/fpvoleibol.pt\/fpv\/wp-json\/wp\/v2\/tags?post=3267"}],"curies":[{"name":"wp","href":"https:\/\/api.w.org\/{rel}","templated":true}]}}