{"id":32530,"date":"2024-05-14T10:10:26","date_gmt":"2024-05-14T10:10:26","guid":{"rendered":"https:\/\/fpvoleibol.pt\/fpv\/?p=32530"},"modified":"2024-05-14T10:10:26","modified_gmt":"2024-05-14T10:10:26","slug":"taca-das-nacoes-portugueses-na-turquia","status":"publish","type":"post","link":"https:\/\/fpvoleibol.pt\/fpv\/2024\/05\/14\/taca-das-nacoes-portugueses-na-turquia\/","title":{"rendered":"TA\u00c7A DAS NA\u00c7\u00d5ES: PORTUGUESES NA TURQUIA"},"content":{"rendered":"<p><img loading=\"lazy\" decoding=\"async\" class=\"size-full wp-image-32559 aligncenter\" src=\"https:\/\/fpvoleibol.pt\/fpv\/wp-content\/uploads\/2024\/05\/VP2023_podium_mas.jpg\" alt=\"\" width=\"960\" height=\"630\" srcset=\"https:\/\/fpvoleibol.pt\/fpv\/wp-content\/uploads\/2024\/05\/VP2023_podium_mas.jpg 960w, https:\/\/fpvoleibol.pt\/fpv\/wp-content\/uploads\/2024\/05\/VP2023_podium_mas-300x197.jpg 300w, https:\/\/fpvoleibol.pt\/fpv\/wp-content\/uploads\/2024\/05\/VP2023_podium_mas-768x504.jpg 768w\" sizes=\"auto, (max-width: 960px) 100vw, 960px\" \/>Os bicampe\u00f5es nacionais <strong>Jo\u00e3o Pedrosa\/Hugo Campos<\/strong> e os <em>vice<\/em> <strong>Gon\u00e7alo Sousa\/Tom\u00e1s Sousa<\/strong> formam as duplas portuguesas que ir\u00e3o competir, em masculinos, na fase preliminar da CEV Beach Volley Nations Cup 2024 (Ta\u00e7a das Na\u00e7\u00f5es de Voleibol de Praia), uma competi\u00e7\u00e3o que apura para os Jogos Ol\u00edmpicos de Paris 2024.<\/p>\n<p>Os representantes do nosso Pa\u00eds v\u00e3o integrar a <a href=\"https:\/\/www.cev.eu\/beach\/nations-cup\/2024\/preliminary-phase\/balikesir-mw\/men\/#matches\">Pool D \u2013 a disputar de 17 a 19 de Maio na localidade turca de Balikesir<\/a> \u2013 juntamente com a Turquia, a Pol\u00f3nia, a Rom\u00e9nia, a Eslov\u00e1quia e a Esc\u00f3cia.<\/p>\n<p>A comitiva portuguesa, liderada pelo treinador <strong>Ricardo Rocha<\/strong>, parte amanh\u00e3 para a Turquia, e leva consigo &#8220;<em>a ambi\u00e7\u00e3o e a vontade de triunfar<\/em>&#8221; que se alicer\u00e7am no trabalho realizado at\u00e9 agora, como referiram os <em>porta-vozes<\/em> das duplas.<\/p>\n<p><strong>Pedrosa\u00a0<\/strong>e\u00a0<strong>Campos<\/strong>\u00a0est\u00e3o a tentar entrar com for\u00e7a na nova \u00e9poca do<a href=\"https:\/\/pt.volleyballworld.com\/beachvolleyball\/competitions\/beach-pro-tour\/2024\/#Elite\">\u00a0Circuito Mundial de Voleibol de Praia (FIVB Beach Pro Tour)<\/a>, depois do importante 21.\u00ba lugar alcan\u00e7ado este ano no BPT Elite16 de Doha.<br \/>\nO caminho da dupla lusa, que almeja uma presen\u00e7a nos Jogos Ol\u00edmpicos de Paris 2024, tem sido recheado de bons resultados nos \u00faltimos anos: a medalha de bronze alcan\u00e7ada nos <a href=\"https:\/\/heraklion23.gr\/\">Jogos do Mediterr\u00e2neo<\/a>\u00a0pelos bicampe\u00f5es nacionais juntou-se \u00e0 medalha de ouro conquistada no Beach Pro Tour Challenge de Edmonton (Canad\u00e1), etapa do Circuito Mundial de 2023, naquela que foi a primeira vez que a dupla portuguesa subiu ao lugar mais alto do p\u00f3dio numa etapa Challenge do Beach Pro Tour.<br \/>\nUm marco no percurso dos bicampe\u00f5es nacionais em t\u00edtulo e campe\u00f5es mundiais universit\u00e1rios na caminhada que encetaram h\u00e1 poucos anos ao optarem pela pr\u00e1tica do Voleibol de Praia ao longo de todo o ano, no que s\u00e3o apoiados pela Federa\u00e7\u00e3o Portuguesa de Voleibol (FPV).<\/p>\n<p>&#8220;<em>Esta pode ser a \u00faltima oportunidade que temos de nos classificarmos para os Jogos Ol\u00edmpicos, portanto, sem d\u00favida que vamos dar o nosso melhor para tentarmos estar na fase final da Ta\u00e7a das Na\u00e7\u00f5es e depois, quem sabe, garantir um lugar em Paris 2024<\/em>&#8221; \u2013 <strong>Jo\u00e3o Pedrosa<\/strong>.<\/p>\n<p>Por seu turno, os irm\u00e3os <strong>Gon\u00e7alo e Tom\u00e1s Sousa<\/strong> s\u00e3o a nova aposta \u201c<em>forte<\/em>\u201d da Federa\u00e7\u00e3o Portuguesa de Voleibol para os Jogos Ol\u00edmpicos de Los Angeles, a disputar em 2028 nos Estados Unidos da Am\u00e9rica.<br \/>\nOs dois atletas, <strong>Gon\u00e7alo Sousa<\/strong>, de 23 anos, e <strong>Tom\u00e1s Sousa<\/strong>, de 19, firmaram recentemente uma parceria com a FPV que tem como objectivo conseguir colocar a jovem dupla de irm\u00e3os na 34.\u00aa edi\u00e7\u00e3o dos Jogos Ol\u00edmpicos de Ver\u00e3o.<\/p>\n<p>&#8220;<em>Finalmente chegou a nossa primeira competi\u00e7\u00e3o! Trabalh\u00e1mos arduamente durante tr\u00eas meses para representar o nosso Pa\u00eds ao mais alto n\u00edvel. Sabemos que esta \u00e9 uma hip\u00f3tese de termos a nossa bandeira representada nos Jogos Ol\u00edmpicos, e por isso entraremos em campo com muita vontade de vencer<\/em>&#8221; \u2013 <strong>Gon\u00e7alo Sousa<\/strong>.<\/p>\n<p style=\"text-align: center;\"><img loading=\"lazy\" decoding=\"async\" class=\"size-full wp-image-19291 aligncenter\" src=\"https:\/\/fpvoleibol.pt\/fpv\/wp-content\/uploads\/2022\/09\/MU_pedrosacampos.jpg\" alt=\"\" width=\"1000\" height=\"667\" srcset=\"https:\/\/fpvoleibol.pt\/fpv\/wp-content\/uploads\/2022\/09\/MU_pedrosacampos.jpg 1000w, https:\/\/fpvoleibol.pt\/fpv\/wp-content\/uploads\/2022\/09\/MU_pedrosacampos-300x200.jpg 300w, https:\/\/fpvoleibol.pt\/fpv\/wp-content\/uploads\/2022\/09\/MU_pedrosacampos-768x512.jpg 768w\" sizes=\"auto, (max-width: 1000px) 100vw, 1000px\" \/><span style=\"text-decoration: underline;\">Ver os jogos <a href=\"https:\/\/www.cev.eu\/beach\/nations-cup\/2024\/preliminary-phase\/balikesir-mw\/men\/#teams\">AQUI<\/a> e mais informa\u00e7\u00f5es <a href=\"https:\/\/www.cev.eu\/media\/fjmfdllc\/2023-2024-cev-beach-volley-nations-cup_off-communication-no1-6.pdf\">AQUI<\/a><\/span><\/p>\n<p>A Ta\u00e7a das Na\u00e7\u00f5es tem um formato de competi\u00e7\u00e3o peculiar que promove <em>batalhas entre pa\u00edses<\/em>. Cada na\u00e7\u00e3o \u00e9 representada por duas duplas e os duelos disputam-se <em>\u00e0 melhor de tr\u00eas<\/em>, sendo a decis\u00e3o, se necess\u00e1rio, encontrada atrav\u00e9s de um <em>golden set<\/em> (set de desempate) de 15 pontos.<\/p>\n<p style=\"text-align: center;\"><span style=\"background-color: #000000; color: #ffffff;\"><img loading=\"lazy\" decoding=\"async\" class=\"size-full wp-image-31649 aligncenter\" src=\"https:\/\/fpvoleibol.pt\/fpv\/wp-content\/uploads\/2024\/04\/nationscup2024_pools_m.jpg\" alt=\"\" width=\"960\" height=\"540\" srcset=\"https:\/\/fpvoleibol.pt\/fpv\/wp-content\/uploads\/2024\/04\/nationscup2024_pools_m.jpg 960w, https:\/\/fpvoleibol.pt\/fpv\/wp-content\/uploads\/2024\/04\/nationscup2024_pools_m-300x169.jpg 300w, https:\/\/fpvoleibol.pt\/fpv\/wp-content\/uploads\/2024\/04\/nationscup2024_pools_m-768x432.jpg 768w, https:\/\/fpvoleibol.pt\/fpv\/wp-content\/uploads\/2024\/04\/nationscup2024_pools_m-528x297.jpg 528w\" sizes=\"auto, (max-width: 960px) 100vw, 960px\" \/>DUPLAS<\/span><\/p>\n<p><span style=\"text-decoration: underline; background-color: #000000; color: #ffffff;\"><strong>Pol\u00f3nia<br \/>\n<\/strong><\/span>Piotr Kantor\/Jakub Zdybek<br \/>\nMaciej Rudol\/Filip Lejawa<\/p>\n<p><span style=\"background-color: #000000; color: #ffffff;\">Portugal<\/span><br \/>\nJo\u00e3o Pedrosa\/Hugo Campos<br \/>\nGon\u00e7alo Sousa\/Tom\u00e1s Sousa<\/p>\n<p><span style=\"background-color: #000000; color: #ffffff;\">Rom\u00e9nia<\/span><br \/>\nConstantin Bratosin\/Valentin Hupoiu<br \/>\nAndrei Grigore\/Eduard Popa<\/p>\n<p><span style=\"background-color: #000000; color: #ffffff;\">Esc\u00f3cia<\/span><br \/>\nRoss McKelvie\/James McHardy<br \/>\nLewis Mexson\/Bem McHardy<\/p>\n<p><span style=\"background-color: #000000; color: #ffffff;\">Eslov\u00e1quia<\/span><br \/>\nMarek Jany\/Dominik Jancok<br \/>\nLubos Nemec\/Adrian Petruf<\/p>\n<p><span style=\"background-color: #000000; color: #ffffff;\">Turquia<\/span><br \/>\nHuseyin Mermer\/Sacit Kurt<br \/>\nYusuf Ozdemir\/Batuhan Kuru<\/p>\n<p><img loading=\"lazy\" decoding=\"async\" class=\"size-full wp-image-32531 aligncenter\" src=\"https:\/\/fpvoleibol.pt\/fpv\/wp-content\/uploads\/2024\/05\/tnvp2024fem_dup.jpg\" alt=\"\" width=\"960\" height=\"500\" srcset=\"https:\/\/fpvoleibol.pt\/fpv\/wp-content\/uploads\/2024\/05\/tnvp2024fem_dup.jpg 960w, https:\/\/fpvoleibol.pt\/fpv\/wp-content\/uploads\/2024\/05\/tnvp2024fem_dup-300x156.jpg 300w, https:\/\/fpvoleibol.pt\/fpv\/wp-content\/uploads\/2024\/05\/tnvp2024fem_dup-768x400.jpg 768w\" sizes=\"auto, (max-width: 960px) 100vw, 960px\" \/>Em femininos, as duplas portuguesas <span style=\"text-decoration: underline;\">Beatriz Pinheiro\/In\u00eas Castro e Margarida Santos\/Carolina Maia<\/span>, que foram acompanhadas pelo<span style=\"text-decoration: underline;\"> treinador Janu\u00e1rio Alvar<\/span>, alcan\u00e7aram o 3.\u00ba lugar na Pool D, disputada em Bibinje (Cro\u00e1cia) nos dias 10, 11 e 12 de Maio, depois de contarem com a concorr\u00eancia da Ucr\u00e2nia (vencedora), B\u00e9lgica (finalista), Esc\u00f3cia, Hungria e Cro\u00e1cia. Ver os jogos <a href=\"https:\/\/www.cev.eu\/beach\/nations-cup\/2024\/preliminary-phase\/bibinje-w\/#matches\">AQUI<\/a> e mais informa\u00e7\u00f5es <a href=\"https:\/\/www.cev.eu\/media\/fjmfdllc\/2023-2024-cev-beach-volley-nations-cup_off-communication-no1-6.pdf\">AQUI<\/a><\/p>\n<p>Esta edi\u00e7\u00e3o da <strong>CEV Beach Volley Nations Cup<\/strong> ganha ainda mais import\u00e2ncia pois representa um dos caminhos pelos quais um pa\u00eds poder\u00e1 garantir uma (muito cobi\u00e7ada) presen\u00e7a nos Jogos Ol\u00edmpicos de Paris 2024.<\/p>\n<p>Jurmala, na Let\u00f3nia, ir\u00e1 receber a fase final da Ta\u00e7a das Na\u00e7\u00f5es, ap\u00f3s ter acolhido as edi\u00e7\u00f5es de 2017 e 2020 do Campeonato da Europa de Voleibol de Praia.<br \/>\nDe referir que foi precisamente na mais famosa est\u00e2ncia balnear let\u00e3 que, em <a href=\"https:\/\/www-old.cev.eu\/BeachVolley-Area\/CompetitionNews.aspx?NewsID=21014&amp;ID=777\">1996<\/a>, a dupla portuguesa formada por <span style=\"text-decoration: underline;\">Jorge Alves e Jo\u00e3o Silva, foi vice-campe\u00e3 europeia de Sub-20<\/span>.<\/p>\n<p>Em 2023, as selec\u00e7\u00f5es portuguesas de Voleibol de Praia disputaram as Pools de qualifica\u00e7\u00e3o, mas n\u00e3o conseguiram o apuramento para a fase final.<br \/>\nEm masculinos, <strong>Jo\u00e3o Pedrosa\/Hugo Campos<\/strong>\u00a0e <strong>Guilherme Maia\/Filipe Leite<\/strong> classificaram-se no 3.\u00ba lugar da Pool G da <a href=\"https:\/\/www.cev.eu\/beach\/nations-cup\/2023\/qualifiers-men\/pool-g-budapest-hun\">Ta\u00e7a das Na\u00e7\u00f5es<\/a>, disputada na cidade de Budapeste, capital da Hungria.<br \/>\nNas meias-finais, Jo\u00e3o Pedrosa e Hugo Campos, campe\u00f5es nacionais em t\u00edtulo, n\u00e3o conseguiram superar (0-2: 20-22 e 17-21) Attila Str\u00e9li\/Art\u00far Haj\u00f3s, o mesmo acontecendo (1-2: 21-16, 11-21 e 11-15) com Guilherme Maia e Filipe Leite, vice-campe\u00f5es nacionais, relativamente a Csan\u00e1d Petik\/Domonkos D\u00f3czi.<br \/>\nEm <a href=\"https:\/\/fpvoleibol.pt\/fpv\/2023\/05\/26\/duelo-espanha-x-franca-na-taca-das-nacoes\/\">femininos<\/a>, <strong>Beatriz Pinheiro\/In\u00eas Castro <\/strong>e<strong> Ana Monteiro\/Margarida Santos<\/strong>, respectivamente campe\u00e3s e vice-campe\u00e3s nacionais em t\u00edtulo, disputaram na cidade grega de Heraklion a <a href=\"https:\/\/fpvoleibol.pt\/fpv\/2023\/05\/26\/duelo-espanha-x-franca-na-taca-das-nacoes\/\">Pool E de apuramento para a fase final da Ta\u00e7a das Na\u00e7\u00f5es<\/a>.<br \/>\nAs duplas lusitanas foram afastadas da final pelas experientes espanholas Liliana Steiner\/Paula Guti\u00e9rrez e Maria Carro\/Angela Lobato, respectivamente: <strong>Beatriz Pinheiro\/<\/strong><strong>In\u00eas Castro<\/strong>\u00a0(2-1: 22-20, 16-21 e 15-12)\u00a0e\u00a0<strong>Ana Monteiro\/<\/strong><strong>Margarida Santos<\/strong>\u00a0(2-0: 21-14 e 21-12).<\/p>\n<p style=\"text-align: center;\"><strong>\u00c1rbitros portugueses em ac\u00e7\u00e3o<br \/>\nnas competi\u00e7\u00f5es de\u00a0<\/strong><strong>Voleibol de Praia<\/strong><\/p>\n<p><strong>Jos\u00e9 Casanova<\/strong><br \/>\nComit\u00e9 de Controlo dos Jogos Ol\u00edmpicos 2024, em Paris (Fran\u00e7a), de 27 de Julho a 10 de Agosto.<\/p>\n<p><strong>Avelino Azevedo<\/strong><br \/>\nDelegado de Arbitragem nas fases finais dos Campeonatos da Europa de Seniores Masculinos e Femininos, de 13 a 18 de Agosto, nos Pa\u00edses Baixos.<\/p>\n<p><strong>Rui Carvalho<br \/>\n<\/strong>Final da Ta\u00e7a das Na\u00e7\u00f5es \u2013 Masculinos, em Jurmala, na Let\u00f3nia, de 13 a 16 de Junho.<br \/>\nBeach Pro Tour Elite16 de Espinho, de 22 a 26 de Maio.<br \/>\nBeach Pro Tour Elite16 de Ostrava, na Ch\u00e9quia, de 4 a 9 de Junho.<br \/>\nJogos Ol\u00edmpicos 2024, em Paris (Fran\u00e7a), de 27 de Julho a 10 de Agosto.<\/p>\n<p><strong>Sandra Deveza<br \/>\n<\/strong>Beach Pro Tour Elite16 de Espinho, de 22 a 26 de Maio.<br \/>\nBeach Pro Tour Elite16 Gstaad, na Su\u00ed\u00e7a, de 3 a 7 de Julho.<br \/>\nFinais do Campeonato da Europa de Seniores Masculinos, de 14 a 18 de Agosto, nos Pa\u00edses Baixos.<br \/>\nBPT Elite16 Hamburgo, na Alemanha, de 21 a 25 de Agosto de 2024.<\/p>\n<p style=\"text-align: center;\">Mais informa\u00e7\u00f5es: <a href=\"http:\/\/www.cev.eu\">www.cev.eu<\/a><\/p>\n","protected":false},"excerpt":{"rendered":"<p>Os bicampe\u00f5es nacionais Jo\u00e3o Pedrosa\/Hugo Campos e os vice Gon\u00e7alo Sousa\/Tom\u00e1s Sousa formam as duplas portuguesas que ir\u00e3o competir, em masculinos, na fase preliminar da CEV Beach Volley Nations Cup [&hellip;]<\/p>\n","protected":false},"author":2,"featured_media":32572,"comment_status":"open","ping_status":"open","sticky":false,"template":"","format":"standard","meta":{"_monsterinsights_skip_tracking":false,"_monsterinsights_sitenote_active":false,"_monsterinsights_sitenote_note":"","_monsterinsights_sitenote_category":0,"footnotes":""},"categories":[13,9],"tags":[103,86],"class_list":{"0":"post-32530","1":"post","2":"type-post","3":"status-publish","4":"format-standard","5":"has-post-thumbnail","7":"category-arbitragem","8":"category-voleibol-de-praia","9":"tag-epoca-2023-2024","10":"tag-taca-das-nacoes-v-praia","11":"czr-hentry"},"aioseo_notices":[],"_links":{"self":[{"href":"https:\/\/fpvoleibol.pt\/fpv\/wp-json\/wp\/v2\/posts\/32530","targetHints":{"allow":["GET"]}}],"collection":[{"href":"https:\/\/fpvoleibol.pt\/fpv\/wp-json\/wp\/v2\/posts"}],"about":[{"href":"https:\/\/fpvoleibol.pt\/fpv\/wp-json\/wp\/v2\/types\/post"}],"author":[{"embeddable":true,"href":"https:\/\/fpvoleibol.pt\/fpv\/wp-json\/wp\/v2\/users\/2"}],"replies":[{"embeddable":true,"href":"https:\/\/fpvoleibol.pt\/fpv\/wp-json\/wp\/v2\/comments?post=32530"}],"version-history":[{"count":7,"href":"https:\/\/fpvoleibol.pt\/fpv\/wp-json\/wp\/v2\/posts\/32530\/revisions"}],"predecessor-version":[{"id":32564,"href":"https:\/\/fpvoleibol.pt\/fpv\/wp-json\/wp\/v2\/posts\/32530\/revisions\/32564"}],"wp:featuredmedia":[{"embeddable":true,"href":"https:\/\/fpvoleibol.pt\/fpv\/wp-json\/wp\/v2\/media\/32572"}],"wp:attachment":[{"href":"https:\/\/fpvoleibol.pt\/fpv\/wp-json\/wp\/v2\/media?parent=32530"}],"wp:term":[{"taxonomy":"category","embeddable":true,"href":"https:\/\/fpvoleibol.pt\/fpv\/wp-json\/wp\/v2\/categories?post=32530"},{"taxonomy":"post_tag","embeddable":true,"href":"https:\/\/fpvoleibol.pt\/fpv\/wp-json\/wp\/v2\/tags?post=32530"}],"curies":[{"name":"wp","href":"https:\/\/api.w.org\/{rel}","templated":true}]}}