{"id":3241,"date":"2021-02-05T16:45:23","date_gmt":"2021-02-05T15:45:23","guid":{"rendered":"https:\/\/fpvoleibol.pt\/fpv\/?p=3241"},"modified":"2021-05-03T16:04:46","modified_gmt":"2021-05-03T15:04:46","slug":"treinos-regulares-de-sub-16-femininos-2","status":"publish","type":"post","link":"https:\/\/fpvoleibol.pt\/fpv\/2021\/02\/05\/treinos-regulares-de-sub-16-femininos-2\/","title":{"rendered":"TREINOS REGULARES DE SUB-16 FEMININOS"},"content":{"rendered":"<p><img loading=\"lazy\" decoding=\"async\" class=\"alignnone size-full wp-image-2796\" src=\"https:\/\/fpvoleibol.pt\/fpv\/wp-content\/uploads\/2020\/12\/ruipedrosilva-sub17femininos_te2.jpg\" alt=\"\" width=\"960\" height=\"539\" srcset=\"https:\/\/fpvoleibol.pt\/fpv\/wp-content\/uploads\/2020\/12\/ruipedrosilva-sub17femininos_te2.jpg 960w, https:\/\/fpvoleibol.pt\/fpv\/wp-content\/uploads\/2020\/12\/ruipedrosilva-sub17femininos_te2-300x168.jpg 300w, https:\/\/fpvoleibol.pt\/fpv\/wp-content\/uploads\/2020\/12\/ruipedrosilva-sub17femininos_te2-768x431.jpg 768w, https:\/\/fpvoleibol.pt\/fpv\/wp-content\/uploads\/2020\/12\/ruipedrosilva-sub17femininos_te2-528x297.jpg 528w\" sizes=\"auto, (max-width: 960px) 100vw, 960px\" \/><\/p>\n<p>Tendo em vista a prepara\u00e7\u00e3o da <strong>Selec\u00e7\u00e3o Nacional de Sub-16 Femininos<\/strong> para o <span style=\"text-decoration: underline;\">Torneio da WEVZA \u2013 de qualifica\u00e7\u00e3o para o Campeonato da Europa da categoria,<\/span> a disputar em Mar\u00e7o de 2021 em <strong>Fran\u00e7a<\/strong> \u2013 e no seguimento do <a href=\"https:\/\/www.facebook.com\/fpvoleibol\/videos\/2891971931071289\">est\u00e1gio <\/a>e dos treinos de observa\u00e7\u00e3o j\u00e1 realizados, a equipa t\u00e9cnica liderada por Rui Pedro Silva convocou as seguintes atletas para treinos regulares, a iniciar no dia 8 de Fevereiro:<\/p>\n<p><span style=\"text-decoration: underline;\"><strong>Convocadas<\/strong><\/span><\/p>\n<p><strong>AA S. Mamede<\/strong><br \/>\nMariana Almeida<\/p>\n<p><strong>AJM\/FC Porto<\/strong><br \/>\nEma Torres<br \/>\nMariana Marques<br \/>\nMaria Jo\u00e3o Peres<\/p>\n<p><strong>Boavista FC<\/strong><br \/>\nRita Ben\u00eddeo<br \/>\nFrancisca Guedes<\/p>\n<p><strong>Cast\u00ealo da Maia GC<\/strong><br \/>\nIn\u00eas Campos<br \/>\nLuna Nunes<\/p>\n<p><strong>GC Vilacondense<\/strong><br \/>\nLia Forman<\/p>\n<p><strong>Leix\u00f5es SC<\/strong><br \/>\nFrancisca Pelicano Ferreira<br \/>\nBeatriz Cerveira<\/p>\n<p><strong>SC Braga<\/strong><br \/>\nLeonor Coelho<br \/>\nMaria Rita Mello<\/p>\n<p><strong>VC Viana<\/strong><br \/>\nMaria Amaral<\/p>\n<p><strong>Lus\u00f3fona VC<\/strong><br \/>\nCarolina Paradela<\/p>\n<p><strong>Madeira Torres<\/strong><br \/>\nMarta Aleixo<\/p>\n<p><strong>Sintra V\u00f3lei<\/strong><br \/>\nMatilde Quit\u00e9rio Ferreira<\/p>\n<p>Os treinos regulares realizam-se de segunda a quinta-feira (18h00 \u00e0s 21h30)* e no s\u00e1bado (9h00 \u00e0s 12h30) na Escola Secund\u00e1ria Rodrigues de Freitas, no Porto.<br \/>\n<strong><span style=\"font-size: 8pt;\">*Os hor\u00e1rios dos treinos poder\u00e3o sofrer altera\u00e7\u00f5es de acordo com o hor\u00e1rio escolar das atletas.<\/span><\/strong><\/p>\n<p style=\"font-weight: 400; text-align: left;\">Os treinos desta selec\u00e7\u00e3o integram-se na prepara\u00e7\u00e3o para as competi\u00e7\u00f5es da <strong>Associa\u00e7\u00e3o Zonal de Voleibol do Oeste Europeu<\/strong> (Western European Volleyball Zonal Association).\u00a0<strong>Ver v\u00eddeo do est\u00e1gio de prepara\u00e7\u00e3o<\/strong> <a href=\"https:\/\/www.facebook.com\/fpvoleibol\/videos\/2891971931071289\">aqui<\/a><\/p>\n<p style=\"font-weight: 400; text-align: left;\">Mais conhecida pela sigla WEVZA, a <strong>Associa\u00e7\u00e3o Zonal de Voleibol do Oeste Europeu <\/strong>foi constitu\u00edda no dia 26 de Setembro de 2013, integra oito pa\u00edses \u2013 Portugal, Espanha, Alemanha, B\u00e9lgica, It\u00e1lia, Holanda, Fran\u00e7a e Su\u00ed\u00e7a \u2013 e tem actualmente como Presidente o portugu\u00eas Vicente Ara\u00fajo, Presidente da FPV, e como Vice-Presidentes o franc\u00eas Eric Tanguy, Presidente da Federa\u00e7\u00e3o Francesa, e o belga Claude Kriescher, representante da Federa\u00e7\u00e3o Belga.<\/p>\n<p class=\"auto-style2\" style=\"text-align: left;\" align=\"justify\">O objectivo primordial desta associa\u00e7\u00e3o zonal \u00e9 fortalecer e fomentar a organiza\u00e7\u00e3o de actividades desportivas, tanto de Voleibol como de Voleibol de Praia, com especial \u00eanfase nas categorias de forma\u00e7\u00e3o.<\/p>\n<p class=\"auto-style2\" align=\"justify\">A Confedera\u00e7\u00e3o Europeia de Voleibol (CEV) conta com seis associa\u00e7\u00f5es zonais: a WEVZA (Europa Ocidental), a BVA (Balc\u00e3s), a EEVZA (Europa de Leste), a MEVZA (Europa Central), a NEVZA (Europa do Norte) e ainda a SCD (Divis\u00e3o dos Pequenos Pa\u00edses), da qual fazem parte Andorra, Chipre, Ilhas Faro\u00e9, Gibraltar, Gronel\u00e2ndia, Isl\u00e2ndia, Irlanda, Liechtenstein, Luxemburgo, Malta, M\u00f3naco, Irlanda do Norte, San Marino, Esc\u00f3cia e Pa\u00eds de Gales.<\/p>\n<p>As Selec\u00e7\u00f5es Nacionais de forma\u00e7\u00e3o participar\u00e3o em 2021 nas seguintes competi\u00e7\u00f5es:<\/p>\n<p><strong>Sub-17 Masculinos<\/strong><br \/>\n\u2013 1.\u00aa Ronda de Apuamento para o Europeu de Sub-17 &#8211; Torneio WEVZA, na Alemanha;<br \/>\n\u2013 Eventual participa\u00e7\u00e3o na 2.\u00aa Ronda da Qualifica\u00e7\u00e3o para o Europeu de Sub-17;<br \/>\n\u2013 Eventual presen\u00e7a na Fase Final do Campeonato da Europa de Sub-17, em Junho\/Julho<\/p>\n<p><strong>Sub-16 Femininos<\/strong><br \/>\n\u2013 Torneio WEVZA \u2013 1.\u00aa Ronda de Apuramento para o Europeu de Sub-16, na Holanda;<br \/>\n\u2013 Eventual participa\u00e7\u00e3o na 2.\u00aa Ronda da Qualifica\u00e7\u00e3o para o Europeu de Sub-16;<br \/>\n\u2013 Eventual presen\u00e7a na Fase Final do Campeonato da Europa de Sub-16, em Junho\/Julho.<\/p>\n<p>Estas selec\u00e7\u00f5es de cadetes masculinos e femininos est\u00e3o j\u00e1 em fase de prepara\u00e7\u00e3o.<br \/>\nA primeira na Escola Secund\u00e1ria Carolina Michaelis e a de femininos na Escola Secund\u00e1ria Rodrigues de Freitas, no Porto.<\/p>\n<p><strong>Sub-19 Masculinos<\/strong><br \/>\n\u2013 Torneio WEVZA, em Junho\/Julho, a disputar em Fran\u00e7a<\/p>\n<p><strong>Sub-18 Femininos<\/strong><br \/>\n\u2013 Em Junho\/Julho, participa\u00e7\u00e3o no Torneio WEVZA, a realizar na B\u00e9lgica<\/p>\n<p>Mais informa\u00e7\u00f5es na <a href=\"https:\/\/www.cev.eu\/\">CEV<\/a> e na <a href=\"https:\/\/www.fivb.com\/\">FIVB<\/a><\/p>\n","protected":false},"excerpt":{"rendered":"<p>Tendo em vista a prepara\u00e7\u00e3o da Selec\u00e7\u00e3o Nacional de Sub-16 Femininos para o Torneio da WEVZA \u2013 de qualifica\u00e7\u00e3o para o Campeonato da Europa da categoria, a disputar em Mar\u00e7o [&hellip;]<\/p>\n","protected":false},"author":2,"featured_media":1587,"comment_status":"open","ping_status":"open","sticky":false,"template":"","format":"standard","meta":{"_monsterinsights_skip_tracking":false,"_monsterinsights_sitenote_active":false,"_monsterinsights_sitenote_note":"","_monsterinsights_sitenote_category":0,"footnotes":""},"categories":[11,8],"tags":[33],"class_list":{"0":"post-3241","1":"post","2":"type-post","3":"status-publish","4":"format-standard","5":"has-post-thumbnail","7":"category-formacao","8":"category-voleibol","9":"tag-sub-16","10":"czr-hentry"},"aioseo_notices":[],"_links":{"self":[{"href":"https:\/\/fpvoleibol.pt\/fpv\/wp-json\/wp\/v2\/posts\/3241","targetHints":{"allow":["GET"]}}],"collection":[{"href":"https:\/\/fpvoleibol.pt\/fpv\/wp-json\/wp\/v2\/posts"}],"about":[{"href":"https:\/\/fpvoleibol.pt\/fpv\/wp-json\/wp\/v2\/types\/post"}],"author":[{"embeddable":true,"href":"https:\/\/fpvoleibol.pt\/fpv\/wp-json\/wp\/v2\/users\/2"}],"replies":[{"embeddable":true,"href":"https:\/\/fpvoleibol.pt\/fpv\/wp-json\/wp\/v2\/comments?post=3241"}],"version-history":[{"count":7,"href":"https:\/\/fpvoleibol.pt\/fpv\/wp-json\/wp\/v2\/posts\/3241\/revisions"}],"predecessor-version":[{"id":3265,"href":"https:\/\/fpvoleibol.pt\/fpv\/wp-json\/wp\/v2\/posts\/3241\/revisions\/3265"}],"wp:featuredmedia":[{"embeddable":true,"href":"https:\/\/fpvoleibol.pt\/fpv\/wp-json\/wp\/v2\/media\/1587"}],"wp:attachment":[{"href":"https:\/\/fpvoleibol.pt\/fpv\/wp-json\/wp\/v2\/media?parent=3241"}],"wp:term":[{"taxonomy":"category","embeddable":true,"href":"https:\/\/fpvoleibol.pt\/fpv\/wp-json\/wp\/v2\/categories?post=3241"},{"taxonomy":"post_tag","embeddable":true,"href":"https:\/\/fpvoleibol.pt\/fpv\/wp-json\/wp\/v2\/tags?post=3241"}],"curies":[{"name":"wp","href":"https:\/\/api.w.org\/{rel}","templated":true}]}}