{"id":32378,"date":"2024-05-04T20:58:07","date_gmt":"2024-05-04T20:58:07","guid":{"rendered":"https:\/\/fpvoleibol.pt\/fpv\/?p=32378"},"modified":"2024-05-06T15:02:18","modified_gmt":"2024-05-06T15:02:18","slug":"aj-fonte-do-bastardo-ergue-taca-fpv","status":"publish","type":"post","link":"https:\/\/fpvoleibol.pt\/fpv\/2024\/05\/04\/aj-fonte-do-bastardo-ergue-taca-fpv\/","title":{"rendered":"AJ FONTE DO BASTARDO ERGUE TA\u00c7A FPV"},"content":{"rendered":"<p><img loading=\"lazy\" decoding=\"async\" class=\"size-full wp-image-32394 aligncenter\" src=\"https:\/\/fpvoleibol.pt\/fpv\/wp-content\/uploads\/2024\/05\/ajfb_federa_2024_dd.jpg\" alt=\"\" width=\"960\" height=\"600\" srcset=\"https:\/\/fpvoleibol.pt\/fpv\/wp-content\/uploads\/2024\/05\/ajfb_federa_2024_dd.jpg 960w, https:\/\/fpvoleibol.pt\/fpv\/wp-content\/uploads\/2024\/05\/ajfb_federa_2024_dd-300x188.jpg 300w, https:\/\/fpvoleibol.pt\/fpv\/wp-content\/uploads\/2024\/05\/ajfb_federa_2024_dd-768x480.jpg 768w\" sizes=\"auto, (max-width: 960px) 100vw, 960px\" \/>A equipa de seniores masculinos da <strong>Associa\u00e7\u00e3o de Jovens da Fonte do Bastardo<\/strong> venceu hoje a <span style=\"text-decoration: underline;\">Ta\u00e7a Federa\u00e7\u00e3o Portuguesa de Voleibol (FPV)<\/span> ao superar a <strong>Associa\u00e7\u00e3o Acad\u00e9mica de Espinho<\/strong> no Play-off da 3.\u00aa Fase \u2013 <a href=\"https:\/\/fpv-web.dataproject.com\/CompetitionHome.aspx?ID=90\">Liga Una Seguros<\/a>. <span style=\"font-size: 8pt;\"><strong>Foto: A<a href=\"https:\/\/www.facebook.com\/ajfontebastardo\">JFB<\/a><\/strong><\/span><\/p>\n<p>Depois do triunfo (<a href=\"https:\/\/fpv-web.dataproject.com\/MatchStatistics.aspx?mID=9851&amp;ID=90&amp;CID=300&amp;PID=130&amp;type=LegList\">3-2: 20-25, 20-25, 25-16, 25-26 e 15-11<\/a>) no primeiro jogo, nos A\u00e7ores, os terceirenses voltaram a vencer (<a href=\"https:\/\/fpv-web.dataproject.com\/MatchStatistics.aspx?mID=9852&amp;ID=90&amp;CID=300&amp;PID=130&amp;type=LegList\">3-1: 25-22, 25-18, 22-25 e 25-18<\/a>) em Espinho, conquistando, assim, a sua terceira Ta\u00e7a Federa\u00e7\u00e3o: \u00e9pocas de 2016\/2017, 2021\/2022 e 2023\/2024.<\/p>\n<p>Mais informa\u00e7\u00f5es <a href=\"https:\/\/fpv-web.dataproject.com\/CompetitionHome.aspx?ID=90\">AQUI<\/a><\/p>\n","protected":false},"excerpt":{"rendered":"<p>A equipa de seniores masculinos da Associa\u00e7\u00e3o de Jovens da Fonte do Bastardo venceu hoje a Ta\u00e7a Federa\u00e7\u00e3o Portuguesa de Voleibol (FPV) ao superar a Associa\u00e7\u00e3o Acad\u00e9mica de Espinho no [&hellip;]<\/p>\n","protected":false},"author":2,"featured_media":32395,"comment_status":"open","ping_status":"open","sticky":false,"template":"","format":"standard","meta":{"_monsterinsights_skip_tracking":false,"_monsterinsights_sitenote_active":false,"_monsterinsights_sitenote_note":"","_monsterinsights_sitenote_category":0,"footnotes":""},"categories":[8],"tags":[103,46],"class_list":{"0":"post-32378","1":"post","2":"type-post","3":"status-publish","4":"format-standard","5":"has-post-thumbnail","7":"category-voleibol","8":"tag-epoca-2023-2024","9":"tag-liga-una-seguros","10":"czr-hentry"},"aioseo_notices":[],"_links":{"self":[{"href":"https:\/\/fpvoleibol.pt\/fpv\/wp-json\/wp\/v2\/posts\/32378","targetHints":{"allow":["GET"]}}],"collection":[{"href":"https:\/\/fpvoleibol.pt\/fpv\/wp-json\/wp\/v2\/posts"}],"about":[{"href":"https:\/\/fpvoleibol.pt\/fpv\/wp-json\/wp\/v2\/types\/post"}],"author":[{"embeddable":true,"href":"https:\/\/fpvoleibol.pt\/fpv\/wp-json\/wp\/v2\/users\/2"}],"replies":[{"embeddable":true,"href":"https:\/\/fpvoleibol.pt\/fpv\/wp-json\/wp\/v2\/comments?post=32378"}],"version-history":[{"count":3,"href":"https:\/\/fpvoleibol.pt\/fpv\/wp-json\/wp\/v2\/posts\/32378\/revisions"}],"predecessor-version":[{"id":32397,"href":"https:\/\/fpvoleibol.pt\/fpv\/wp-json\/wp\/v2\/posts\/32378\/revisions\/32397"}],"wp:featuredmedia":[{"embeddable":true,"href":"https:\/\/fpvoleibol.pt\/fpv\/wp-json\/wp\/v2\/media\/32395"}],"wp:attachment":[{"href":"https:\/\/fpvoleibol.pt\/fpv\/wp-json\/wp\/v2\/media?parent=32378"}],"wp:term":[{"taxonomy":"category","embeddable":true,"href":"https:\/\/fpvoleibol.pt\/fpv\/wp-json\/wp\/v2\/categories?post=32378"},{"taxonomy":"post_tag","embeddable":true,"href":"https:\/\/fpvoleibol.pt\/fpv\/wp-json\/wp\/v2\/tags?post=32378"}],"curies":[{"name":"wp","href":"https:\/\/api.w.org\/{rel}","templated":true}]}}