{"id":3206,"date":"2021-02-03T18:15:30","date_gmt":"2021-02-03T17:15:30","guid":{"rendered":"https:\/\/fpvoleibol.pt\/fpv\/?p=3206"},"modified":"2021-02-03T18:15:30","modified_gmt":"2021-02-03T17:15:30","slug":"criacao-de-fundo-especial-de-apoio-ao-desporto","status":"publish","type":"post","link":"https:\/\/fpvoleibol.pt\/fpv\/2021\/02\/03\/criacao-de-fundo-especial-de-apoio-ao-desporto\/","title":{"rendered":"CRIA\u00c7\u00c3O DE FUNDO ESPECIAL DE APOIO AO DESPORTO"},"content":{"rendered":"<p><img loading=\"lazy\" decoding=\"async\" class=\"alignnone size-full wp-image-3208\" src=\"https:\/\/fpvoleibol.pt\/fpv\/wp-content\/uploads\/2021\/02\/diariorep_d.jpg\" alt=\"\" width=\"960\" height=\"570\" srcset=\"https:\/\/fpvoleibol.pt\/fpv\/wp-content\/uploads\/2021\/02\/diariorep_d.jpg 960w, https:\/\/fpvoleibol.pt\/fpv\/wp-content\/uploads\/2021\/02\/diariorep_d-300x178.jpg 300w, https:\/\/fpvoleibol.pt\/fpv\/wp-content\/uploads\/2021\/02\/diariorep_d-768x456.jpg 768w\" sizes=\"auto, (max-width: 960px) 100vw, 960px\" \/><\/p>\n<p>A resolu\u00e7\u00e3o da Assembleia da Rep\u00fablica (AR) que recomenda ao Governo a cria\u00e7\u00e3o de \u201c<em>um fundo especial de apoio ao desporto, para apoiar os clubes e associa\u00e7\u00f5es desportivas em dificuldades financeiras devido ao impacto da pandemia da doen\u00e7a COVID-19<\/em>\u201d, <a href=\"https:\/\/dre.pt\/application\/conteudo\/155939061\">est\u00e1 j\u00e1 publicada<\/a> em Di\u00e1rio da Rep\u00fablica.<\/p>\n<p>Para que a cria\u00e7\u00e3o do \u00abfundo especial de apoio ao desporto\u00bb se torne realidade, \u00e9 recomendado ao Executivo que &#8220;<em>aloque verbas (&#8230;) atrav\u00e9s da capta\u00e7\u00e3o de uma percentagem das receitas do Placard, plataforma de apostas desportivas gerida pelos Jogos Santa Casa, e de financiamento proveniente do Instituto Portugu\u00eas do Desporto e Juventude, I. P.<\/em>\u201d<\/p>\n","protected":false},"excerpt":{"rendered":"<p>A resolu\u00e7\u00e3o da Assembleia da Rep\u00fablica (AR) que recomenda ao Governo a cria\u00e7\u00e3o de \u201cum fundo especial de apoio ao desporto, para apoiar os clubes e associa\u00e7\u00f5es desportivas em dificuldades [&hellip;]<\/p>\n","protected":false},"author":2,"featured_media":3207,"comment_status":"open","ping_status":"open","sticky":false,"template":"","format":"standard","meta":{"_monsterinsights_skip_tracking":false,"_monsterinsights_sitenote_active":false,"_monsterinsights_sitenote_note":"","_monsterinsights_sitenote_category":0,"footnotes":""},"categories":[20,8],"tags":[],"class_list":{"0":"post-3206","1":"post","2":"type-post","3":"status-publish","4":"format-standard","5":"has-post-thumbnail","7":"category-destaque","8":"category-voleibol","9":"czr-hentry"},"aioseo_notices":[],"_links":{"self":[{"href":"https:\/\/fpvoleibol.pt\/fpv\/wp-json\/wp\/v2\/posts\/3206","targetHints":{"allow":["GET"]}}],"collection":[{"href":"https:\/\/fpvoleibol.pt\/fpv\/wp-json\/wp\/v2\/posts"}],"about":[{"href":"https:\/\/fpvoleibol.pt\/fpv\/wp-json\/wp\/v2\/types\/post"}],"author":[{"embeddable":true,"href":"https:\/\/fpvoleibol.pt\/fpv\/wp-json\/wp\/v2\/users\/2"}],"replies":[{"embeddable":true,"href":"https:\/\/fpvoleibol.pt\/fpv\/wp-json\/wp\/v2\/comments?post=3206"}],"version-history":[{"count":1,"href":"https:\/\/fpvoleibol.pt\/fpv\/wp-json\/wp\/v2\/posts\/3206\/revisions"}],"predecessor-version":[{"id":3209,"href":"https:\/\/fpvoleibol.pt\/fpv\/wp-json\/wp\/v2\/posts\/3206\/revisions\/3209"}],"wp:featuredmedia":[{"embeddable":true,"href":"https:\/\/fpvoleibol.pt\/fpv\/wp-json\/wp\/v2\/media\/3207"}],"wp:attachment":[{"href":"https:\/\/fpvoleibol.pt\/fpv\/wp-json\/wp\/v2\/media?parent=3206"}],"wp:term":[{"taxonomy":"category","embeddable":true,"href":"https:\/\/fpvoleibol.pt\/fpv\/wp-json\/wp\/v2\/categories?post=3206"},{"taxonomy":"post_tag","embeddable":true,"href":"https:\/\/fpvoleibol.pt\/fpv\/wp-json\/wp\/v2\/tags?post=3206"}],"curies":[{"name":"wp","href":"https:\/\/api.w.org\/{rel}","templated":true}]}}