{"id":31945,"date":"2024-04-12T16:47:24","date_gmt":"2024-04-12T16:47:24","guid":{"rendered":"https:\/\/fpvoleibol.pt\/fpv\/?p=31945"},"modified":"2024-04-12T16:47:24","modified_gmt":"2024-04-12T16:47:24","slug":"mais-um-momento-especial-de-gira-volei-na-guarda","status":"publish","type":"post","link":"https:\/\/fpvoleibol.pt\/fpv\/2024\/04\/12\/mais-um-momento-especial-de-gira-volei-na-guarda\/","title":{"rendered":"MAIS UM MOMENTO ESPECIAL DE GIRA-VOLEI NA GUARDA"},"content":{"rendered":"<p><img loading=\"lazy\" decoding=\"async\" class=\"size-full wp-image-31947 aligncenter\" src=\"https:\/\/fpvoleibol.pt\/fpv\/wp-content\/uploads\/2024\/04\/AVG_CBA_gv_d.jpg\" alt=\"\" width=\"1000\" height=\"422\" srcset=\"https:\/\/fpvoleibol.pt\/fpv\/wp-content\/uploads\/2024\/04\/AVG_CBA_gv_d.jpg 1000w, https:\/\/fpvoleibol.pt\/fpv\/wp-content\/uploads\/2024\/04\/AVG_CBA_gv_d-300x127.jpg 300w, https:\/\/fpvoleibol.pt\/fpv\/wp-content\/uploads\/2024\/04\/AVG_CBA_gv_d-768x324.jpg 768w\" sizes=\"auto, (max-width: 1000px) 100vw, 1000px\" \/>A fase escola das competi\u00e7\u00f5es Gira-Volei de apuramento para o Encontro Regional da Guarda 2024 reuniu, ontem, na Escola Carolina Beatriz \u00c2ngelo (2.\u00ba e 3.\u00ba ciclos), na Guarda, 100 gira-atletas, tendo sido realizados 130 jogos em 10 campos montados para o efeito.<\/p>\n<p>As v\u00e1rias competi\u00e7\u00f5es escolares de Gira-Volei apuram as duplas vencedoras para o Encontro Regional da Guarda 2024, agendado para o dia 7 de Maio, no Parque Urbano do Rio Diz, na cidade da Guarda, e organizado pela Associa\u00e7\u00e3o de Voleibol da Guarda (AVG).<\/p>\n<p>Recorde-se que as competi\u00e7\u00f5es escolares de Gira-Volei tinham <em>arrancado<\/em> com a participa\u00e7\u00e3o de mais de 950 giros e giras, nos Centros Gira-Volei de Escola Abranches Ferr\u00e3o &#8211; Seia, Agrupamento de Escolas de Pinhel, Escola B\u00e1sica do Tortosendo, Escola Dr. Guilherme Correia de Carvalho &#8211; Seia, Agrupamento de Escolas de Almeida, Agrupamento de Escolas de Gouveia e Centro Municipal de Cultura e\u00a0 Desenvolvimento de Vila Velha de R\u00f3d\u00e3o.<\/p>\n<p>Com o entusiasmo demonstrado por todos os intervenientes, o Encontro Regional da Guarda promete transformar o dia 7 de Maio um momento especial para os gira-atletas.<\/p>\n","protected":false},"excerpt":{"rendered":"<p>A fase escola das competi\u00e7\u00f5es Gira-Volei de apuramento para o Encontro Regional da Guarda 2024 reuniu, ontem, na Escola Carolina Beatriz \u00c2ngelo (2.\u00ba e 3.\u00ba ciclos), na Guarda, 100 gira-atletas, [&hellip;]<\/p>\n","protected":false},"author":2,"featured_media":31946,"comment_status":"open","ping_status":"open","sticky":false,"template":"","format":"standard","meta":{"_monsterinsights_skip_tracking":false,"_monsterinsights_sitenote_active":false,"_monsterinsights_sitenote_note":"","_monsterinsights_sitenote_category":0,"footnotes":""},"categories":[12],"tags":[],"class_list":{"0":"post-31945","1":"post","2":"type-post","3":"status-publish","4":"format-standard","5":"has-post-thumbnail","7":"category-gira-volei","8":"czr-hentry"},"aioseo_notices":[],"_links":{"self":[{"href":"https:\/\/fpvoleibol.pt\/fpv\/wp-json\/wp\/v2\/posts\/31945","targetHints":{"allow":["GET"]}}],"collection":[{"href":"https:\/\/fpvoleibol.pt\/fpv\/wp-json\/wp\/v2\/posts"}],"about":[{"href":"https:\/\/fpvoleibol.pt\/fpv\/wp-json\/wp\/v2\/types\/post"}],"author":[{"embeddable":true,"href":"https:\/\/fpvoleibol.pt\/fpv\/wp-json\/wp\/v2\/users\/2"}],"replies":[{"embeddable":true,"href":"https:\/\/fpvoleibol.pt\/fpv\/wp-json\/wp\/v2\/comments?post=31945"}],"version-history":[{"count":1,"href":"https:\/\/fpvoleibol.pt\/fpv\/wp-json\/wp\/v2\/posts\/31945\/revisions"}],"predecessor-version":[{"id":31948,"href":"https:\/\/fpvoleibol.pt\/fpv\/wp-json\/wp\/v2\/posts\/31945\/revisions\/31948"}],"wp:featuredmedia":[{"embeddable":true,"href":"https:\/\/fpvoleibol.pt\/fpv\/wp-json\/wp\/v2\/media\/31946"}],"wp:attachment":[{"href":"https:\/\/fpvoleibol.pt\/fpv\/wp-json\/wp\/v2\/media?parent=31945"}],"wp:term":[{"taxonomy":"category","embeddable":true,"href":"https:\/\/fpvoleibol.pt\/fpv\/wp-json\/wp\/v2\/categories?post=31945"},{"taxonomy":"post_tag","embeddable":true,"href":"https:\/\/fpvoleibol.pt\/fpv\/wp-json\/wp\/v2\/tags?post=31945"}],"curies":[{"name":"wp","href":"https:\/\/api.w.org\/{rel}","templated":true}]}}