{"id":31874,"date":"2024-04-11T11:13:40","date_gmt":"2024-04-11T11:13:40","guid":{"rendered":"https:\/\/fpvoleibol.pt\/fpv\/?p=31874"},"modified":"2024-04-11T11:13:40","modified_gmt":"2024-04-11T11:13:40","slug":"gira-volei-grassa-no-alentejo-e-algarve","status":"publish","type":"post","link":"https:\/\/fpvoleibol.pt\/fpv\/2024\/04\/11\/gira-volei-grassa-no-alentejo-e-algarve\/","title":{"rendered":"GIRA-VOLEI \u00abGRASSA\u00bb NO ALENTEJO E ALGARVE"},"content":{"rendered":"<p><img loading=\"lazy\" decoding=\"async\" class=\"size-full wp-image-31875 aligncenter\" src=\"https:\/\/fpvoleibol.pt\/fpv\/wp-content\/uploads\/2024\/04\/gv_abrilAVAL.jpg\" alt=\"\" width=\"1000\" height=\"610\" srcset=\"https:\/\/fpvoleibol.pt\/fpv\/wp-content\/uploads\/2024\/04\/gv_abrilAVAL.jpg 1000w, https:\/\/fpvoleibol.pt\/fpv\/wp-content\/uploads\/2024\/04\/gv_abrilAVAL-300x183.jpg 300w, https:\/\/fpvoleibol.pt\/fpv\/wp-content\/uploads\/2024\/04\/gv_abrilAVAL-768x468.jpg 768w\" sizes=\"auto, (max-width: 1000px) 100vw, 1000px\" \/>O encerramento do segundo per\u00edodo escolar trouxe consigo uma celebra\u00e7\u00e3o dos avan\u00e7os e sucessos do programa Gira-Volei em diversas escolas das regi\u00f5es abrangidas pela <a href=\"https:\/\/avalentejo.pt\/\">Associa\u00e7\u00e3o de Voleibol do Alentejo e Algarve (AVAL)<\/a>.<br \/>\nDesde o in\u00edcio do ano lectivo, v\u00e1rias escolas t\u00eam sido palco de encontros do Gira-Volei. No primeiro per\u00edodo, cinco actividades escolares foram realizadas em diferentes agrupamentos de escolas, incluindo a Escola B\u00e1sica 2\/3 Dr. Jos\u00e9 de Neves J\u00fanior, o Agrupamento de Escolas Duarte Pacheco, o Agrupamento de Escolas de Almod\u00f4var, o Agrupamento de Escolas Poeta Ant\u00f3nio Aleixo e o Agrupamento de escolas Dom Afonso III.<br \/>\nEstes eventos proporcionaram oportunidades \u00fanicas para os alunos praticarem Voleibol e fortalecerem os la\u00e7os comunit\u00e1rios.<\/p>\n<p>O ano de 2024 come\u00e7ou com um novo encontro escolar no Agrupamento de Escolas de Aljezur, dando continuidade ao programa. Ao longo destes seis encontros escolares, participaram activamente 1337 alunos, demonstrando o crescente interesse e envolvimento dos jovens na pr\u00e1tica desportiva.<br \/>\nDurante o segundo per\u00edodo foram realizadas desloca\u00e7\u00f5es a diversas escolas. Ao longo dessas visitas, os alunos tiveram a oportunidade de participar dinamicamente, contribuindo para um total de 1670 estudantes envolvidos.<br \/>\nAs escolas visitadas inclu\u00edram o Agrupamento de Escolas de Vidigueira, a Escola de Barrancos, o Agrupamento de Escolas de Espamol, o Agrupamento de Escolas de Alandroal, o Agrupamento de Escolas Nr\u00ba 1 de Serpa, o Agrupamento de Escolas de Vila Vi\u00e7osa, o Agrupamento de Escolas J\u00fadice Fialho, a Escola B 2\/3 Vasco da Gama, o Agrupamento de Escolas Tom\u00e1s Cabreira, o Agrupamento de Escolas de Ourique, o Agrupamento de Escolas Poeta Ant\u00f3nio Aleixo, o Agrupamento de Escolas de Aljustrel e a Escola B 2\/3 Jo\u00e3o da Rosa.<\/p>\n<p>Destaque-se ainda a import\u00e2ncia dessas actividades na divulga\u00e7\u00e3o e promo\u00e7\u00e3o do Voleibol na regi\u00e3o.<\/p>\n<p>&#8220;<em>O programa Gira-Volei tem sido fundamental para introduzir o desporto nas escolas e incentivar um estilo de vida saud\u00e1vel entre os estudantes.<\/em><br \/>\n<em>\u00c0 medida que o segundo per\u00edodo chega ao fim, mais encontros est\u00e3o agendados nos diferentes agrupamentos de escolas. O compromisso cont\u00ednuo das escolas e dos organizadores do programa em oferecer oportunidades de participa\u00e7\u00e3o e desenvolvimento para os alunos \u00e9 evidente<\/em>&#8220;, salienta <strong>Ruben Lan\u00e7a<\/strong>, Director T\u00e9cnico Regional da AVAL.<\/p>\n","protected":false},"excerpt":{"rendered":"<p>O encerramento do segundo per\u00edodo escolar trouxe consigo uma celebra\u00e7\u00e3o dos avan\u00e7os e sucessos do programa Gira-Volei em diversas escolas das regi\u00f5es abrangidas pela Associa\u00e7\u00e3o de Voleibol do Alentejo e [&hellip;]<\/p>\n","protected":false},"author":2,"featured_media":31876,"comment_status":"open","ping_status":"open","sticky":false,"template":"","format":"standard","meta":{"_monsterinsights_skip_tracking":false,"_monsterinsights_sitenote_active":false,"_monsterinsights_sitenote_note":"","_monsterinsights_sitenote_category":0,"footnotes":""},"categories":[12],"tags":[103],"class_list":{"0":"post-31874","1":"post","2":"type-post","3":"status-publish","4":"format-standard","5":"has-post-thumbnail","7":"category-gira-volei","8":"tag-epoca-2023-2024","9":"czr-hentry"},"aioseo_notices":[],"_links":{"self":[{"href":"https:\/\/fpvoleibol.pt\/fpv\/wp-json\/wp\/v2\/posts\/31874","targetHints":{"allow":["GET"]}}],"collection":[{"href":"https:\/\/fpvoleibol.pt\/fpv\/wp-json\/wp\/v2\/posts"}],"about":[{"href":"https:\/\/fpvoleibol.pt\/fpv\/wp-json\/wp\/v2\/types\/post"}],"author":[{"embeddable":true,"href":"https:\/\/fpvoleibol.pt\/fpv\/wp-json\/wp\/v2\/users\/2"}],"replies":[{"embeddable":true,"href":"https:\/\/fpvoleibol.pt\/fpv\/wp-json\/wp\/v2\/comments?post=31874"}],"version-history":[{"count":2,"href":"https:\/\/fpvoleibol.pt\/fpv\/wp-json\/wp\/v2\/posts\/31874\/revisions"}],"predecessor-version":[{"id":31878,"href":"https:\/\/fpvoleibol.pt\/fpv\/wp-json\/wp\/v2\/posts\/31874\/revisions\/31878"}],"wp:featuredmedia":[{"embeddable":true,"href":"https:\/\/fpvoleibol.pt\/fpv\/wp-json\/wp\/v2\/media\/31876"}],"wp:attachment":[{"href":"https:\/\/fpvoleibol.pt\/fpv\/wp-json\/wp\/v2\/media?parent=31874"}],"wp:term":[{"taxonomy":"category","embeddable":true,"href":"https:\/\/fpvoleibol.pt\/fpv\/wp-json\/wp\/v2\/categories?post=31874"},{"taxonomy":"post_tag","embeddable":true,"href":"https:\/\/fpvoleibol.pt\/fpv\/wp-json\/wp\/v2\/tags?post=31874"}],"curies":[{"name":"wp","href":"https:\/\/api.w.org\/{rel}","templated":true}]}}