{"id":31755,"date":"2024-04-06T21:39:46","date_gmt":"2024-04-06T21:39:46","guid":{"rendered":"https:\/\/fpvoleibol.pt\/fpv\/?p=31755"},"modified":"2024-04-06T21:39:46","modified_gmt":"2024-04-06T21:39:46","slug":"sub-20-a-um-passo-do-apuramento-directo","status":"publish","type":"post","link":"https:\/\/fpvoleibol.pt\/fpv\/2024\/04\/06\/sub-20-a-um-passo-do-apuramento-directo\/","title":{"rendered":"SUB-20 A UM PASSO DO APURAMENTO DIRECTO"},"content":{"rendered":"<p><img loading=\"lazy\" decoding=\"async\" class=\"size-full wp-image-31779 aligncenter\" src=\"https:\/\/fpvoleibol.pt\/fpv\/wp-content\/uploads\/2024\/04\/sub20fem_porxnoruega.jpg\" alt=\"\" width=\"960\" height=\"640\" srcset=\"https:\/\/fpvoleibol.pt\/fpv\/wp-content\/uploads\/2024\/04\/sub20fem_porxnoruega.jpg 960w, https:\/\/fpvoleibol.pt\/fpv\/wp-content\/uploads\/2024\/04\/sub20fem_porxnoruega-300x200.jpg 300w, https:\/\/fpvoleibol.pt\/fpv\/wp-content\/uploads\/2024\/04\/sub20fem_porxnoruega-768x512.jpg 768w\" sizes=\"auto, (max-width: 960px) 100vw, 960px\" \/>A <strong>Selec\u00e7\u00e3o Nacional<\/strong>, orientada por Hugo Silva, venceu hoje, por 3-0 (25-17, 25-18 e 25-8), a Noruega e subiu \u00e0 lideran\u00e7a da <a href=\"https:\/\/www.cev.eu\/national-team\/age-group-championships\/u20w-2024\/#2nd-round\"><strong>Pool E da 2.\u00aa Ronda de Qualifica\u00e7\u00e3o para o Campeonato da Europa de Sub-20 Femininos 2024<\/strong><\/a>, que est\u00e1 a decorrer no Pavilh\u00e3o Desportivo Col\u00e9gio La Salle, em Barcelos.<\/p>\n<p>Amanh\u00e3, Portugal defende o seu 1.\u00ba lugar na Pool e o apuramento directo para a fase final do Europeu frente aos Pa\u00edses Baixos, com quem tem <em>algumas contas a ajustar<\/em>&#8230;<\/p>\n<p>Organizada pela Federa\u00e7\u00e3o Portuguesa de Voleibol (FPV), com a colabora\u00e7\u00e3o da C\u00e2mara Municipal de Barcelos (CMB) e sob a \u00e9gide da Confedera\u00e7\u00e3o Europeia de Voleibol (CEV), a competi\u00e7\u00e3o apura directamente o vencedor para a fase final do EuroVolley 2024, mas abre hip\u00f3teses para os (quatro melhores) segundos classificados da 2.\u00aa Ronda.<\/p>\n<p>No outro jogo de hoje as neerlandesas venceram (<a href=\"https:\/\/www-old.cev.eu\/Competition-Area\/MatchStatistics.aspx?ID=72446\">3-2: 25-21, 23-25, 25-15, 21-25 e 16-14<\/a>) as h\u00fangaras, que, tal como as norueguesas j\u00e1 n\u00e3o t\u00eam possibilidade de ocupar os lugares cimeiros.<br \/>\nNo final do 2.\u00ba dia de competi\u00e7\u00e3o, a classifica\u00e7\u00e3o do grupo das portuguesas est\u00e1 assim definida: <a href=\"https:\/\/www.cev.eu\/national-team\/age-group-championships\/u20w-2024\/#body-tab-632908e2-4ddd-4c6f-b945-545a33e46d86-4\">Classifica\u00e7\u00e3o da Pool E<\/a><\/p>\n<p>Para amanh\u00e3 est\u00e3o agendados os jogos Hungria x Noruega (18h00) e Pa\u00edses Baixos x Portugal (20h30).<br \/>\nTodos os jogos s\u00e3o transmitidos em directo pela <a href=\"http:\/\/www.volei.tv\">Volei TV<\/a>\u00a0 \u00a0\/\u00a0 Ver <a href=\"https:\/\/youtube.com\/playlist?list=PLZj9Hth2JEaCk9HuyZXXFr0SbcVPw0owS&amp;si=Qx5MwSv-u_PTlr-3\">playlist<\/a> da <strong>CEV U20 Volleyball European Championship 2024 &#8211; Round 2 Qualifiers Women &#8211; Pool E<\/strong> <a href=\"https:\/\/youtube.com\/playlist?list=PLZj9Hth2JEaCk9HuyZXXFr0SbcVPw0owS&amp;si=Qx5MwSv-u_PTlr-3\">AQUI<\/a><\/p>\n<p style=\"text-align: center;\"><span style=\"background-color: #000000; color: #ffffff;\">Noruega x Portugal<\/span>, <a href=\"https:\/\/www-old.cev.eu\/Competition-Area\/MatchStatistics.aspx?ID=72447\">0-3 (17-25, 18-25 e 8-25)<\/a><\/p>\n<p><strong>1.\u00ba Set<\/strong><br \/>\nCom Maria Coelho no servi\u00e7o e Ana Monteiro no bloco, Portugal desfez a igualdade inicial, passando a liderar por dois pontos (5-3).<br \/>\nUm bloco de Ana Garrido permitiu prolongar no tempo a diferen\u00e7a e um ataque de Ema Torres aument\u00e1-la (8-5).<br \/>\nDois pontos (bloco e ataque) de Joana Garcez levaram o treinador brasileiro da Noruega a reunir com as suas pupilas (12-9).<br \/>\nDois servi\u00e7os directos da mesma jogadora provocaram nova reuni\u00e3o entre as n\u00f3rdicas, mas um bloco de Ana Garrido aumentou a contagem (19-12).<br \/>\nOutro bloco, este de Ema Torres, colocou Portugal a tr\u00eas pontos da vit\u00f3ria no parcial (22-13), mas seria um servi\u00e7o desperdi\u00e7ado pela n\u00f3rdica Lucy Lotta Jurgensen a fixar o triunfo das portuguesas em 25-17. Maior efic\u00e1cia no bloco e servi\u00e7o deram um merecido triunfo \u00e0 Selec\u00e7\u00e3o Nacional.<\/p>\n<p><strong>2.\u00ba Set<\/strong><br \/>\nA Noruega entrou melhor (3-0, 7-3), mas com Maria Coelho no servi\u00e7o e Joana Garcez no bloco, Portugal igualou, obrigando V\u00edtor Macedo a pedir um desconto de tempo (7-7).<br \/>\nUm erro das n\u00f3rdicas e as portuguesas passaram para a lideran\u00e7a no marcador&#8230; para nunca mais a largarem.<br \/>\nJoana Garcez e Ana Monteiro faziam as despesas no ataque. Quando Maria Coelho saiu da zona de servi\u00e7o, a turma das quinas vencia por 12-7.<br \/>\nA Noruega respondeu com um servi\u00e7o directo de Lea Gundersen (11-13) e outro de Sofia Melina Mol (15-17).<br \/>\nUm bloco de Joana Garcez e um servi\u00e7o de Margarida Santos catapultaram novamente Portugal (20-15).<br \/>\nNovo bloco de Joana Garcez e Portugal ficou a tr\u00eas pontos do triunfo (22-17).<br \/>\nUm ataque de Matilde Ferreira e dois erros no ataque das n\u00f3rdicas originaram nova vit\u00f3ria das pupilas de Hugo Silva: 25-18.<\/p>\n<p><strong>3.\u00ba Set<\/strong><br \/>\nO terceiro set foi o da confirma\u00e7\u00e3o da vit\u00f3ria de Portugal. A uma boa entrada, com dois ases de Ana Monteiro e Ana Garrido (10-1) seguiu-se a gest\u00e3o da enorme vantagem (15-3, com dois ases de Maria Coelho, e 20-5, com um ataque de Ana Monteiro).<br \/>\nE Portugal assumiria a lideran\u00e7a da Pool E ao selar, por interm\u00e9dio de Joana Garcez, o terceiro parcial com o resultado de 25-8!<\/p>\n<p><strong>Ana Monteiro<\/strong>, com 12 pontos, e <strong>Joana Garcez <\/strong>e<strong> Ema Torres<\/strong>, ambas com 11, foram as melhores pontuadoras, enquanto Lucy Lotta Jurgensen, com 8, foi a jogadora mais concretizadora da Noruega. Ver estat\u00edstica <a href=\"https:\/\/www-old.cev.eu\/Competition-Area\/MatchStatistics.aspx?ID=72447\">AQUI<\/a><\/p>\n<p><strong>Hugo Silva, Treinador de Portugal<\/strong>:<br \/>\n&#8220;<em>Amanh\u00e3 \u00e9 para ganhar. N\u00f3s cruz\u00e1mos com a Holanda na 1.\u00aa Ronda e foi o nosso primeiro jogo. Recordo-me que cheg\u00e1mos \u00e0 uma da manh\u00e3 para jogarmos \u00e0 uma da tarde&#8230;<\/em><br \/>\n<em>Fiquei sempre com a sensa\u00e7\u00e3o de que poder\u00edamos ter vencido e ter tido outra presta\u00e7\u00e3o completamente na primeira ronda. Acho que nenhum de n\u00f3s se esqueceu disso e isso est\u00e1 sempre presente na mente das jogadoras. <\/em><br \/>\n<em>Agora, o que est\u00e1 em causa \u00e9 a honra do primeiro lugar e o apuramento directo. O primeiro objectivo foi conseguido mas temos de nos habituar a ganhar todos os jogos e a lutar pelos primeiros lugares<\/em>&#8220;.<br \/>\n&#8221;<\/p>\n<p style=\"text-align: center;\"><span style=\"background-color: #000000; color: #ffffff;\">As 12 Convocadas<\/span><\/p>\n<p style=\"text-align: center;\"><span style=\"text-decoration: underline;\"><strong>Cast\u00ealo da Maia GC<\/strong><\/span><br \/>\nMargarida Santos<\/p>\n<p style=\"text-align: center;\"><span style=\"text-decoration: underline;\"><strong>FC Porto<\/strong><\/span><br \/>\nAna Rui Monteiro<\/p>\n<p style=\"text-align: center;\"><span style=\"text-decoration: underline;\"><strong>GC Vilacondense<\/strong><\/span><br \/>\nIn\u00eas Costa<\/p>\n<p style=\"text-align: center;\"><span style=\"text-decoration: underline;\"><strong>PV2014 \u2013 Col\u00e9gio Efanor<\/strong><\/span><br \/>\nAna Garrido<br \/>\nEma Torres<br \/>\nMaria Carlota Amaral<br \/>\nMariana Marques<\/p>\n<p style=\"text-align: center;\"><span style=\"text-decoration: underline;\"><strong>SC Braga<\/strong><\/span><br \/>\nMaria Leonor Coelho<\/p>\n<p style=\"text-align: center;\"><span style=\"text-decoration: underline;\"><strong>SL Benfica<\/strong><\/span><br \/>\nJoana Garcez<br \/>\nMariana Garcez<br \/>\nMarta Aleixo<br \/>\nMatilde Ferreira<\/p>\n<p style=\"text-align: center;\"><img loading=\"lazy\" decoding=\"async\" class=\"size-full wp-image-31589 aligncenter\" src=\"https:\/\/fpvoleibol.pt\/fpv\/wp-content\/uploads\/2024\/03\/cartaz_calendario_u20w_d1.jpg\" alt=\"\" width=\"960\" height=\"1358\" srcset=\"https:\/\/fpvoleibol.pt\/fpv\/wp-content\/uploads\/2024\/03\/cartaz_calendario_u20w_d1.jpg 960w, https:\/\/fpvoleibol.pt\/fpv\/wp-content\/uploads\/2024\/03\/cartaz_calendario_u20w_d1-212x300.jpg 212w, https:\/\/fpvoleibol.pt\/fpv\/wp-content\/uploads\/2024\/03\/cartaz_calendario_u20w_d1-724x1024.jpg 724w, https:\/\/fpvoleibol.pt\/fpv\/wp-content\/uploads\/2024\/03\/cartaz_calendario_u20w_d1-768x1086.jpg 768w\" sizes=\"auto, (max-width: 960px) 100vw, 960px\" \/><br \/>\n<span style=\"font-size: 10pt;\"><strong>Tudo sobre a Pool E em <a href=\"https:\/\/fpvoleibol.pt\/eurovolley2024-sub20\/\">https:\/\/fpvoleibol.pt\/eurovolley2024-sub20\/<\/a><\/strong><\/span><\/p>\n<p>Na <a href=\"https:\/\/www.cev.eu\/national-team\/age-group-championships\/u20w-2024\/#2nd-round\"><strong>Pool E da 2.\u00aa Ronda de Qualifica\u00e7\u00e3o para o Campeonato da Europa 2024<\/strong><\/a>, a disputar entre 5 e 7 de Abril no Pavilh\u00e3o Desportivo Col\u00e9gio La Salle, a <strong>Selec\u00e7\u00e3o Nacional de Sub-20 Femininos<\/strong> enfrenta, sucessivamente, a Hungria, a Noruega e os Pa\u00edses Baixos.<\/p>\n<p>A Fase Final do Campeonato da Europa de Sub-20 Femininos est\u00e1 agendada para os dias 5 a 17 de Agosto de 2024, na Bulg\u00e1ria e na Irlanda.<\/p>\n<p>Apuram-se para o Campeonato da Europa 16 selec\u00e7\u00f5es: os dois organizadores (Bulg\u00e1ria e na Irlanda), mais os vencedores dos cinco torneios zonais da 1.\u00aa Ronda e os vencedores e os quatro segundos melhores classificados da 2.\u00aa Ronda.<\/p>\n<p style=\"text-align: center;\"><span style=\"background-color: #333333; color: #ffffff; font-size: 14pt;\">\u00c0 aten\u00e7\u00e3o da Comunica\u00e7\u00e3o Social<\/span><\/p>\n<p>Os pedidos de acredita\u00e7\u00e3o para representantes da Comunica\u00e7\u00e3o Social com vista \u00e0 cobertura informativa de <span style=\"text-decoration: underline;\">todas<\/span> as competi\u00e7\u00f5es nacionais\/internacionais de Voleibol e Voleibol de Praia devem ser efectuados atrav\u00e9s do formul\u00e1rio dispon\u00edvel em <a href=\"http:\/\/www.fpvoleibol.pt\/fpv\/imprensa\">www.fpvoleibol.pt\/fpv\/imprensa<\/a><\/p>\n<p>Todos os pedidos recebidos, mesmo que efectuados dentro do prazo estabelecido, n\u00e3o garantem a credencia\u00e7\u00e3o, cabendo \u00e0 Federa\u00e7\u00e3o Portuguesa de Voleibol analisar os pedidos, valid\u00e1-los e enviar as respectivas confirma\u00e7\u00f5es.<\/p>\n","protected":false},"excerpt":{"rendered":"<p>A Selec\u00e7\u00e3o Nacional, orientada por Hugo Silva, venceu hoje, por 3-0 (25-17, 25-18 e 25-8), a Noruega e subiu \u00e0 lideran\u00e7a da Pool E da 2.\u00aa Ronda de Qualifica\u00e7\u00e3o para [&hellip;]<\/p>\n","protected":false},"author":2,"featured_media":31780,"comment_status":"open","ping_status":"open","sticky":false,"template":"","format":"standard","meta":{"_monsterinsights_skip_tracking":false,"_monsterinsights_sitenote_active":false,"_monsterinsights_sitenote_note":"","_monsterinsights_sitenote_category":0,"footnotes":""},"categories":[13,8,31],"tags":[103,119],"class_list":{"0":"post-31755","1":"post","2":"type-post","3":"status-publish","4":"format-standard","5":"has-post-thumbnail","7":"category-arbitragem","8":"category-voleibol","9":"category-voleitv","10":"tag-epoca-2023-2024","11":"tag-europeu-de-sub-20-femininos","12":"czr-hentry"},"aioseo_notices":[],"_links":{"self":[{"href":"https:\/\/fpvoleibol.pt\/fpv\/wp-json\/wp\/v2\/posts\/31755","targetHints":{"allow":["GET"]}}],"collection":[{"href":"https:\/\/fpvoleibol.pt\/fpv\/wp-json\/wp\/v2\/posts"}],"about":[{"href":"https:\/\/fpvoleibol.pt\/fpv\/wp-json\/wp\/v2\/types\/post"}],"author":[{"embeddable":true,"href":"https:\/\/fpvoleibol.pt\/fpv\/wp-json\/wp\/v2\/users\/2"}],"replies":[{"embeddable":true,"href":"https:\/\/fpvoleibol.pt\/fpv\/wp-json\/wp\/v2\/comments?post=31755"}],"version-history":[{"count":6,"href":"https:\/\/fpvoleibol.pt\/fpv\/wp-json\/wp\/v2\/posts\/31755\/revisions"}],"predecessor-version":[{"id":31781,"href":"https:\/\/fpvoleibol.pt\/fpv\/wp-json\/wp\/v2\/posts\/31755\/revisions\/31781"}],"wp:featuredmedia":[{"embeddable":true,"href":"https:\/\/fpvoleibol.pt\/fpv\/wp-json\/wp\/v2\/media\/31780"}],"wp:attachment":[{"href":"https:\/\/fpvoleibol.pt\/fpv\/wp-json\/wp\/v2\/media?parent=31755"}],"wp:term":[{"taxonomy":"category","embeddable":true,"href":"https:\/\/fpvoleibol.pt\/fpv\/wp-json\/wp\/v2\/categories?post=31755"},{"taxonomy":"post_tag","embeddable":true,"href":"https:\/\/fpvoleibol.pt\/fpv\/wp-json\/wp\/v2\/tags?post=31755"}],"curies":[{"name":"wp","href":"https:\/\/api.w.org\/{rel}","templated":true}]}}