{"id":31571,"date":"2024-03-27T10:57:24","date_gmt":"2024-03-27T10:57:24","guid":{"rendered":"https:\/\/fpvoleibol.pt\/fpv\/?p=31571"},"modified":"2024-03-27T10:57:24","modified_gmt":"2024-03-27T10:57:24","slug":"torneios-gira-volei-na-marinha-grande-2","status":"publish","type":"post","link":"https:\/\/fpvoleibol.pt\/fpv\/2024\/03\/27\/torneios-gira-volei-na-marinha-grande-2\/","title":{"rendered":"TORNEIOS GIRA-VOLEI NA MARINHA GRANDE"},"content":{"rendered":"<p><img loading=\"lazy\" decoding=\"async\" class=\"size-full wp-image-31574 aligncenter\" src=\"https:\/\/fpvoleibol.pt\/fpv\/wp-content\/uploads\/2024\/03\/GV_Marinha_d1.jpg\" alt=\"\" width=\"960\" height=\"570\" srcset=\"https:\/\/fpvoleibol.pt\/fpv\/wp-content\/uploads\/2024\/03\/GV_Marinha_d1.jpg 960w, https:\/\/fpvoleibol.pt\/fpv\/wp-content\/uploads\/2024\/03\/GV_Marinha_d1-300x178.jpg 300w, https:\/\/fpvoleibol.pt\/fpv\/wp-content\/uploads\/2024\/03\/GV_Marinha_d1-768x456.jpg 768w\" sizes=\"auto, (max-width: 960px) 100vw, 960px\" \/>A Coordena\u00e7\u00e3o do Desporto Escolar do AE Marinha Grande Poente organizou, na segunda e na ter\u00e7a-feira, dois torneios do Centro Gira-Volei do seu agrupamento.<\/p>\n<p>No dia 25 de Mar\u00e7o, a Escola B\u00e1sica Guilherme Stephens foi o palco da competi\u00e7\u00e3o, que contou com a participa\u00e7\u00e3o de 80 alunos do 4.\u00ba ano e de 12 professores.<\/p>\n<p>No dia 26 de Mar\u00e7o, o evento teve como destinat\u00e1rios os alunos do 5.\u00ba ao 8.\u00baano e decorreu no mesmo estabelecimento de ensino, com a participa\u00e7\u00e3o de 200 alunos e 8 professores.<\/p>\n<p style=\"text-align: center;\"><img loading=\"lazy\" decoding=\"async\" class=\"size-full wp-image-31573 aligncenter\" src=\"https:\/\/fpvoleibol.pt\/fpv\/wp-content\/uploads\/2024\/03\/GV_Marinha_d2.jpg\" alt=\"\" width=\"960\" height=\"570\" srcset=\"https:\/\/fpvoleibol.pt\/fpv\/wp-content\/uploads\/2024\/03\/GV_Marinha_d2.jpg 960w, https:\/\/fpvoleibol.pt\/fpv\/wp-content\/uploads\/2024\/03\/GV_Marinha_d2-300x178.jpg 300w, https:\/\/fpvoleibol.pt\/fpv\/wp-content\/uploads\/2024\/03\/GV_Marinha_d2-768x456.jpg 768w\" sizes=\"auto, (max-width: 960px) 100vw, 960px\" \/><strong>Mais informa\u00e7\u00f5es em <a href=\"http:\/\/www.giravolei.com\">www.giravolei.com<\/a><\/strong><\/p>\n","protected":false},"excerpt":{"rendered":"<p>A Coordena\u00e7\u00e3o do Desporto Escolar do AE Marinha Grande Poente organizou, na segunda e na ter\u00e7a-feira, dois torneios do Centro Gira-Volei do seu agrupamento. No dia 25 de Mar\u00e7o, a [&hellip;]<\/p>\n","protected":false},"author":2,"featured_media":31572,"comment_status":"open","ping_status":"open","sticky":false,"template":"","format":"standard","meta":{"_monsterinsights_skip_tracking":false,"_monsterinsights_sitenote_active":false,"_monsterinsights_sitenote_note":"","_monsterinsights_sitenote_category":0,"footnotes":""},"categories":[12],"tags":[103],"class_list":{"0":"post-31571","1":"post","2":"type-post","3":"status-publish","4":"format-standard","5":"has-post-thumbnail","7":"category-gira-volei","8":"tag-epoca-2023-2024","9":"czr-hentry"},"aioseo_notices":[],"_links":{"self":[{"href":"https:\/\/fpvoleibol.pt\/fpv\/wp-json\/wp\/v2\/posts\/31571","targetHints":{"allow":["GET"]}}],"collection":[{"href":"https:\/\/fpvoleibol.pt\/fpv\/wp-json\/wp\/v2\/posts"}],"about":[{"href":"https:\/\/fpvoleibol.pt\/fpv\/wp-json\/wp\/v2\/types\/post"}],"author":[{"embeddable":true,"href":"https:\/\/fpvoleibol.pt\/fpv\/wp-json\/wp\/v2\/users\/2"}],"replies":[{"embeddable":true,"href":"https:\/\/fpvoleibol.pt\/fpv\/wp-json\/wp\/v2\/comments?post=31571"}],"version-history":[{"count":1,"href":"https:\/\/fpvoleibol.pt\/fpv\/wp-json\/wp\/v2\/posts\/31571\/revisions"}],"predecessor-version":[{"id":31575,"href":"https:\/\/fpvoleibol.pt\/fpv\/wp-json\/wp\/v2\/posts\/31571\/revisions\/31575"}],"wp:featuredmedia":[{"embeddable":true,"href":"https:\/\/fpvoleibol.pt\/fpv\/wp-json\/wp\/v2\/media\/31572"}],"wp:attachment":[{"href":"https:\/\/fpvoleibol.pt\/fpv\/wp-json\/wp\/v2\/media?parent=31571"}],"wp:term":[{"taxonomy":"category","embeddable":true,"href":"https:\/\/fpvoleibol.pt\/fpv\/wp-json\/wp\/v2\/categories?post=31571"},{"taxonomy":"post_tag","embeddable":true,"href":"https:\/\/fpvoleibol.pt\/fpv\/wp-json\/wp\/v2\/tags?post=31571"}],"curies":[{"name":"wp","href":"https:\/\/api.w.org\/{rel}","templated":true}]}}