{"id":31563,"date":"2024-03-26T17:03:05","date_gmt":"2024-03-26T17:03:05","guid":{"rendered":"https:\/\/fpvoleibol.pt\/fpv\/?p=31563"},"modified":"2024-03-26T17:05:40","modified_gmt":"2024-03-26T17:05:40","slug":"portuguesa-integra-curso-de-arbitros","status":"publish","type":"post","link":"https:\/\/fpvoleibol.pt\/fpv\/2024\/03\/26\/portuguesa-integra-curso-de-arbitros\/","title":{"rendered":"PORTUGUESA INTEGRA CURSO INTERNACIONAL DE \u00c1RBITROS"},"content":{"rendered":"<p style=\"text-align: center;\"><strong><span style=\"font-size: 8pt;\"><img loading=\"lazy\" decoding=\"async\" class=\"size-full wp-image-31565 aligncenter\" src=\"https:\/\/fpvoleibol.pt\/fpv\/wp-content\/uploads\/2024\/03\/Sofia_Costa3_d.jpg\" alt=\"\" width=\"960\" height=\"570\" srcset=\"https:\/\/fpvoleibol.pt\/fpv\/wp-content\/uploads\/2024\/03\/Sofia_Costa3_d.jpg 960w, https:\/\/fpvoleibol.pt\/fpv\/wp-content\/uploads\/2024\/03\/Sofia_Costa3_d-300x178.jpg 300w, https:\/\/fpvoleibol.pt\/fpv\/wp-content\/uploads\/2024\/03\/Sofia_Costa3_d-768x456.jpg 768w\" sizes=\"auto, (max-width: 960px) 100vw, 960px\" \/>Sofia Costa arbitrou, no fim-de-semana, o jogo PV 2014\/Col\u00e9gio Efanor x Sporting CP, na <a href=\"https:\/\/fpv-web.dataproject.com\/CompetitionHome.aspx?ID=98\">Final 4 da Ta\u00e7a de Portugal<\/a> (V. Castelo)\u00a0<\/span><\/strong><\/p>\n<p>A portuguesa Sofia Costa, \u00e1rbitra da Associa\u00e7\u00e3o de Voleibol de Lisboa, foi seleccionada para integrar o Curso Europeu de Candidatos a \u00c1rbitros Internacionais de Voleibol de 2024 (EIRCC), que se ir\u00e1 realizar em S\u00f3fia, capital da Bulg\u00e1ria.<\/p>\n<p>O curso, a realizar entre 23 de Abril e 1 de Maio, envolve 23 candidatos a \u00e1rbitros internacionais de Voleibol, e assume import\u00e2ncia acrescida porque a &#8220;<em>pr\u00f3xima gera\u00e7\u00e3o de \u00e1rbitros de elite&#8221; <\/em>foi validada como<em> &#8220;uma prioridade<\/em>&#8221; na reuni\u00e3o anual da Comiss\u00e3o de Arbitragem da Confedera\u00e7\u00e3o Europeia de Voleibol (CEV), realizada na cidade s\u00e9rvia de Belgrado em Dezembro de 2023.<\/p>\n<p>Na ocasi\u00e3o, o Presidente da CEV, Aleksandar Bori\u010di\u0107, salientou:<br \/>\n\u201cP<em>recisamos de \u00e1rbitros jovens e en\u00e9rgicos, que desejem aprender continuamente, melhorar-se, assumir as suas responsabilidades e mostrar a sua personalidade, entendendo o esp\u00edrito do jogo<\/em>\u201d.<\/p>\n<p>Ver mais informa\u00e7\u00f5es <a href=\"https:\/\/inside.cev.eu\/articles\/cev\/growing-next-generation-of-elite-referees-identified-as-priority-at-annual-erc-meeting\/\">AQUI<\/a><\/p>\n","protected":false},"excerpt":{"rendered":"<p>Sofia Costa arbitrou, no fim-de-semana, o jogo PV 2014\/Col\u00e9gio Efanor x Sporting CP, na Final 4 da Ta\u00e7a de Portugal (V. Castelo)\u00a0 A portuguesa Sofia Costa, \u00e1rbitra da Associa\u00e7\u00e3o de [&hellip;]<\/p>\n","protected":false},"author":2,"featured_media":31566,"comment_status":"open","ping_status":"open","sticky":false,"template":"","format":"standard","meta":{"_monsterinsights_skip_tracking":false,"_monsterinsights_sitenote_active":false,"_monsterinsights_sitenote_note":"","_monsterinsights_sitenote_category":0,"footnotes":""},"categories":[13,8],"tags":[103],"class_list":{"0":"post-31563","1":"post","2":"type-post","3":"status-publish","4":"format-standard","5":"has-post-thumbnail","7":"category-arbitragem","8":"category-voleibol","9":"tag-epoca-2023-2024","10":"czr-hentry"},"aioseo_notices":[],"_links":{"self":[{"href":"https:\/\/fpvoleibol.pt\/fpv\/wp-json\/wp\/v2\/posts\/31563","targetHints":{"allow":["GET"]}}],"collection":[{"href":"https:\/\/fpvoleibol.pt\/fpv\/wp-json\/wp\/v2\/posts"}],"about":[{"href":"https:\/\/fpvoleibol.pt\/fpv\/wp-json\/wp\/v2\/types\/post"}],"author":[{"embeddable":true,"href":"https:\/\/fpvoleibol.pt\/fpv\/wp-json\/wp\/v2\/users\/2"}],"replies":[{"embeddable":true,"href":"https:\/\/fpvoleibol.pt\/fpv\/wp-json\/wp\/v2\/comments?post=31563"}],"version-history":[{"count":4,"href":"https:\/\/fpvoleibol.pt\/fpv\/wp-json\/wp\/v2\/posts\/31563\/revisions"}],"predecessor-version":[{"id":31569,"href":"https:\/\/fpvoleibol.pt\/fpv\/wp-json\/wp\/v2\/posts\/31563\/revisions\/31569"}],"wp:featuredmedia":[{"embeddable":true,"href":"https:\/\/fpvoleibol.pt\/fpv\/wp-json\/wp\/v2\/media\/31566"}],"wp:attachment":[{"href":"https:\/\/fpvoleibol.pt\/fpv\/wp-json\/wp\/v2\/media?parent=31563"}],"wp:term":[{"taxonomy":"category","embeddable":true,"href":"https:\/\/fpvoleibol.pt\/fpv\/wp-json\/wp\/v2\/categories?post=31563"},{"taxonomy":"post_tag","embeddable":true,"href":"https:\/\/fpvoleibol.pt\/fpv\/wp-json\/wp\/v2\/tags?post=31563"}],"curies":[{"name":"wp","href":"https:\/\/api.w.org\/{rel}","templated":true}]}}