{"id":31347,"date":"2024-03-20T17:50:42","date_gmt":"2024-03-20T17:50:42","guid":{"rendered":"https:\/\/fpvoleibol.pt\/fpv\/?p=31347"},"modified":"2024-03-20T17:50:42","modified_gmt":"2024-03-20T17:50:42","slug":"taca-de-portugal-apresentacao-das-finais","status":"publish","type":"post","link":"https:\/\/fpvoleibol.pt\/fpv\/2024\/03\/20\/taca-de-portugal-apresentacao-das-finais\/","title":{"rendered":"TA\u00c7A DE PORTUGAL: APRESENTA\u00c7\u00c3O DAS FINAIS"},"content":{"rendered":"<p style=\"text-align: center;\"><span style=\"font-size: 8pt;\"><strong><img loading=\"lazy\" decoding=\"async\" class=\"size-full wp-image-31350 aligncenter\" src=\"https:\/\/fpvoleibol.pt\/fpv\/wp-content\/uploads\/2024\/03\/finais4_2024_web.jpg\" alt=\"\" width=\"1022\" height=\"210\" srcset=\"https:\/\/fpvoleibol.pt\/fpv\/wp-content\/uploads\/2024\/03\/finais4_2024_web.jpg 1022w, https:\/\/fpvoleibol.pt\/fpv\/wp-content\/uploads\/2024\/03\/finais4_2024_web-300x62.jpg 300w, https:\/\/fpvoleibol.pt\/fpv\/wp-content\/uploads\/2024\/03\/finais4_2024_web-768x158.jpg 768w\" sizes=\"auto, (max-width: 1022px) 100vw, 1022px\" \/>Tudo sobre as Finais 4 da Ta\u00e7a de Portugal <a href=\"https:\/\/fpvoleibol.pt\/fpv\/competicoes\/taca-de-portugal-2024\/\">AQUI<\/a><\/strong><\/span><\/p>\n<p>A <strong>Final Four da Ta\u00e7a de Portugal de seniores femininos<\/strong> \u00e9 apresentada em <span style=\"text-decoration: underline;\">Confer\u00eancia de Imprensa<\/span> amanh\u00e3 (quinta-feira) pela Federa\u00e7\u00e3o Portuguesa de Voleibol (FPV) e pela C\u00e2mara Municipal de Viana do Castelo (CMVC), organizadoras da competi\u00e7\u00e3o.<\/p>\n<p>A Confer\u00eancia de Imprensa est\u00e1 agendada para as <strong>17h00<\/strong>, no Sal\u00e3o Nobre da CMVC, e contar\u00e1 com a presen\u00e7a dos treinadores e das capit\u00e3s das equipas de seniores femininos de PV 2014\/Col\u00e9gio Efanor, SL Benfica, Sporting CP e Vit\u00f3ria SC.<\/p>\n<p>A Confer\u00eancia de Imprensa ser\u00e1 transmitida em directo pela <a href=\"http:\/\/www.volei.tv\">Volei TV<\/a>: <a href=\"https:\/\/www.youtube.com\/watch?v=NO_3xKkjW-U\">https:\/\/www.youtube.com\/watch?v=NO_3xKkjW-U<\/a><\/p>\n<p>A Final Four da Ta\u00e7a de Portugal de seniores femininos realiza-se nos dias 22 e 23 de Mar\u00e7o no Centro Cultural de Viana do Castelo, sendo todos os jogos transmitidos em directo pela <a href=\"http:\/\/www.sporttv.pt\">Sport TV<\/a>.<\/p>\n<p style=\"text-align: center;\"><span style=\"background-color: #000000; color: #ffffff;\"><a style=\"background-color: #000000; color: #ffffff;\" href=\"https:\/\/www.portugalvoleibol.com\/classificacao\/tpf.php\">Final 4<\/a><\/span><br \/>\n<span style=\"background-color: #000000; color: #ffffff;\">(CC Viana do Castelo)<\/span><\/p>\n<p style=\"text-align: center;\"><span style=\"text-decoration: underline;\"><strong>22.03.2024<\/strong><\/span><br \/>\n<strong>18h00<\/strong>\u00a0\u2013 Vit\u00f3ria SC x SL Benfica<br \/>\n<strong>21h00<\/strong>\u00a0\u2013 PV 2014\/Col\u00e9gio Efanor x Sporting CP<\/p>\n<p style=\"text-align: center;\"><span style=\"text-decoration: underline;\"><strong>23.03.2024<\/strong><\/span><br \/>\n<strong>21h00<\/strong>\u00a0\u2013 Final<\/p>\n<p>A <strong>Final Four da Ta\u00e7a de Portugal de seniores masculinos<\/strong> ser\u00e1 apresentada em <span style=\"text-decoration: underline;\">Confer\u00eancia de Imprensa no dia 22 de Mar\u00e7o<\/span> (sexta-feira) pela Federa\u00e7\u00e3o Portuguesa de Voleibol (FPV) e pela C\u00e2mara Municipal de Viana do Castelo (CMVC), organizadoras da competi\u00e7\u00e3o.<\/p>\n<p>A Confer\u00eancia de Imprensa est\u00e1 agendada para as <strong>16h30<\/strong>, no Sal\u00e3o Nobre da CMVC, e contar\u00e1 com a presen\u00e7a dos treinadores e dos capit\u00e3es das equipas de seniores masculinos de AJ Fonte do Bastardo, Leix\u00f5es SC, SL Benfica e Sporting CP.<\/p>\n<p>A Confer\u00eancia de Imprensa ser\u00e1 transmitida em directo pela <a href=\"http:\/\/www.volei.tv\">Volei TV<\/a>: <a href=\"https:\/\/www.youtube.com\/watch?v=DORxtVLzUD4\">https:\/\/www.youtube.com\/watch?v=DORxtVLzUD4<\/a><\/p>\n<p>A Final Four da Ta\u00e7a de Portugal de seniores masculinos realiza-se nos dias 23 e 24 de Mar\u00e7o no Centro Cultural de Viana do Castelo, sendo todos os jogos transmitidos em directo pela <a href=\"http:\/\/www.sporttv.pt\">Sport TV<\/a>.<\/p>\n<p style=\"text-align: center;\"><a href=\"https:\/\/www.portugalvoleibol.com\/classificacao\/tpm.php\"><span style=\"background-color: #000000; color: #ffffff;\"><strong>Final 4<\/strong><\/span><\/a><br \/>\n<span style=\"background-color: #000000; color: #ffffff;\"><strong>(CC Viana do Castelo)<\/strong><\/span><\/p>\n<p style=\"text-align: center;\"><span style=\"text-decoration: underline;\"><strong>23.Mar\u00e7o.2024 (S\u00e1bado)<\/strong><\/span><br \/>\n15h00 \u2013 Sporting CP x SL Benfica<br \/>\n18h00 \u2013 AJF Bastardo x Leix\u00f5es SC<\/p>\n<p style=\"text-align: center;\"><span style=\"text-decoration: underline;\"><strong>24.Mar\u00e7o.2024 (Domingo)<br \/>\n<\/strong><\/span>17h00 \u2013 Final<\/p>\n<p>Os bilhetes t\u00eam o pre\u00e7o \u00fanico de 5 euros e estar\u00e3o \u00e0 venda na sede da FPV (hor\u00e1rio de expediente) a partir do dia 21 de Mar\u00e7o, e no Centro Cultural nos seguintes hor\u00e1rios:<br \/>\nDia 21 de Mar\u00e7o (quinta-feira) \u2013 entre as 14h30 e as 18h30;<br \/>\nDia 22 de Mar\u00e7o (sexta-feira) \u2013 das 10h00 \u00e0s 12h30 e das 14h30 \u00e0s 22h00;<br \/>\nDia 23 de Mar\u00e7o (s\u00e1bado) \u2013 das 10h00 \u00e0s 12h00 e das 13h00 \u00e0s 22h00;<br \/>\nDia 24 de Mar\u00e7o (domingo) \u2013 das 10h00 \u00e0s 12h30 e das 14h30 \u00e0s 18h00.<\/p>\n<p>A <span style=\"background-color: #000000; color: #ffffff;\">ACREDITA\u00c7\u00c3O<\/span> dos jornalistas deve ser formalizada atrav\u00e9s do link <a href=\"https:\/\/fpvoleibol.pt\/fpv\/competicoes\/imprensa\/\">https:\/\/fpvoleibol.pt\/fpv\/competicoes\/imprensa\/<\/a><\/p>\n<p style=\"text-align: center;\"><span style=\"font-size: 10pt;\"><strong>Tudo sobre as Finais 4 da Ta\u00e7a de Portugal em\u00a0 <a href=\"https:\/\/fpvoleibol.pt\/fpv\/competicoes\/taca-de-portugal-2024\/\">https:\/\/fpvoleibol.pt\/fpv\/competicoes\/taca-de-portugal-2024<\/a><\/strong><\/span><\/p>\n","protected":false},"excerpt":{"rendered":"<p>Tudo sobre as Finais 4 da Ta\u00e7a de Portugal AQUI A Final Four da Ta\u00e7a de Portugal de seniores femininos \u00e9 apresentada em Confer\u00eancia de Imprensa amanh\u00e3 (quinta-feira) pela Federa\u00e7\u00e3o [&hellip;]<\/p>\n","protected":false},"author":2,"featured_media":31351,"comment_status":"open","ping_status":"open","sticky":false,"template":"","format":"standard","meta":{"_monsterinsights_skip_tracking":false,"_monsterinsights_sitenote_active":false,"_monsterinsights_sitenote_note":"","_monsterinsights_sitenote_category":0,"footnotes":""},"categories":[8],"tags":[103,56],"class_list":{"0":"post-31347","1":"post","2":"type-post","3":"status-publish","4":"format-standard","5":"has-post-thumbnail","7":"category-voleibol","8":"tag-epoca-2023-2024","9":"tag-taca-de-portugal","10":"czr-hentry"},"aioseo_notices":[],"_links":{"self":[{"href":"https:\/\/fpvoleibol.pt\/fpv\/wp-json\/wp\/v2\/posts\/31347","targetHints":{"allow":["GET"]}}],"collection":[{"href":"https:\/\/fpvoleibol.pt\/fpv\/wp-json\/wp\/v2\/posts"}],"about":[{"href":"https:\/\/fpvoleibol.pt\/fpv\/wp-json\/wp\/v2\/types\/post"}],"author":[{"embeddable":true,"href":"https:\/\/fpvoleibol.pt\/fpv\/wp-json\/wp\/v2\/users\/2"}],"replies":[{"embeddable":true,"href":"https:\/\/fpvoleibol.pt\/fpv\/wp-json\/wp\/v2\/comments?post=31347"}],"version-history":[{"count":4,"href":"https:\/\/fpvoleibol.pt\/fpv\/wp-json\/wp\/v2\/posts\/31347\/revisions"}],"predecessor-version":[{"id":31354,"href":"https:\/\/fpvoleibol.pt\/fpv\/wp-json\/wp\/v2\/posts\/31347\/revisions\/31354"}],"wp:featuredmedia":[{"embeddable":true,"href":"https:\/\/fpvoleibol.pt\/fpv\/wp-json\/wp\/v2\/media\/31351"}],"wp:attachment":[{"href":"https:\/\/fpvoleibol.pt\/fpv\/wp-json\/wp\/v2\/media?parent=31347"}],"wp:term":[{"taxonomy":"category","embeddable":true,"href":"https:\/\/fpvoleibol.pt\/fpv\/wp-json\/wp\/v2\/categories?post=31347"},{"taxonomy":"post_tag","embeddable":true,"href":"https:\/\/fpvoleibol.pt\/fpv\/wp-json\/wp\/v2\/tags?post=31347"}],"curies":[{"name":"wp","href":"https:\/\/api.w.org\/{rel}","templated":true}]}}