{"id":31323,"date":"2024-03-21T21:58:18","date_gmt":"2024-03-21T21:58:18","guid":{"rendered":"https:\/\/fpvoleibol.pt\/fpv\/?p=31323"},"modified":"2024-03-22T10:25:30","modified_gmt":"2024-03-22T10:25:30","slug":"taca-de-portugal-femininos-13","status":"publish","type":"post","link":"https:\/\/fpvoleibol.pt\/fpv\/2024\/03\/21\/taca-de-portugal-femininos-13\/","title":{"rendered":"TA\u00c7A DE PORTUGAL &#8211; FEMININOS"},"content":{"rendered":"<p style=\"text-align: center;\"><span style=\"font-size: 8pt;\"><strong><img loading=\"lazy\" decoding=\"async\" class=\"size-full wp-image-31385 aligncenter\" src=\"https:\/\/fpvoleibol.pt\/fpv\/wp-content\/uploads\/2024\/03\/confimprensa_f4_fem_d.jpg\" alt=\"\" width=\"960\" height=\"570\" srcset=\"https:\/\/fpvoleibol.pt\/fpv\/wp-content\/uploads\/2024\/03\/confimprensa_f4_fem_d.jpg 960w, https:\/\/fpvoleibol.pt\/fpv\/wp-content\/uploads\/2024\/03\/confimprensa_f4_fem_d-300x178.jpg 300w, https:\/\/fpvoleibol.pt\/fpv\/wp-content\/uploads\/2024\/03\/confimprensa_f4_fem_d-768x456.jpg 768w\" sizes=\"auto, (max-width: 960px) 100vw, 960px\" \/>Tudo sobre a Final 4 da Ta\u00e7a de Portugal <a href=\"https:\/\/fpvoleibol.pt\/fpv\/competicoes\/taca-de-portugal-2024\/\">AQUI<\/a><\/strong><\/span><\/p>\n<p>A <strong>Federa\u00e7\u00e3o Portuguesa de Voleibol<\/strong> (FPV) e a <strong>C\u00e2mara Municipal de Viana do Castelo<\/strong> (CMVC) apresentaram hoje, em Confer\u00eancia de Imprensa realizada no Sal\u00e3o Nobre da autarquia, a <span style=\"text-decoration: underline;\">Final Four da Ta\u00e7a de Portugal de seniores femininos<\/span>.<\/p>\n<p>A <span style=\"text-decoration: underline;\">Confer\u00eancia de Imprensa<\/span> contou com a presen\u00e7a dos treinadores e das capit\u00e3s das equipas de seniores femininos das equipas que, a partir de amanh\u00e3, disputar\u00e3o o direito a erguer o trof\u00e9u da prova-rainha do Voleibol nacional.<\/p>\n<p style=\"text-align: center;\"><span style=\"text-decoration: underline;\"><strong>O que os principais intervenientes disseram (destaques*):<\/strong><\/span><\/p>\n<p><strong>Lu\u00eds Nobre<\/strong>, Presidente da C\u00e2mara Municipal de Viana do Castelo, anfitri\u00e3 da Ta\u00e7a de Portugal:<br \/>\n&#8220;<em>Sejam bem-vindos. Estas competi\u00e7\u00f5es de Voleibol s\u00e3o momentos importantes para promover a cidade, o desenvolvimento do desporto, sobretudo do Voleibol, num concelho que conta com 50 modalidades e para dar ainda mais visibilidade ao grande crescimento do Voleibol feminino num evento que tem muito potencial para mobilizar os concidad\u00e3os, sobretudo os mais jovens, para a pr\u00e1tica desportiva saud\u00e1vel. No Munic\u00edpio, o desporto \u00e9 visto como um factor de uni\u00e3o, de partilha, de constru\u00e7\u00e3o de melhores cidad\u00e3os. \u00c9 um espa\u00e7o de aprendizagem de compet\u00eancias sociais que s\u00e3o fundamentais nos dias de hoje. Agrade\u00e7o \u00e0 Federa\u00e7\u00e3o, na pessoa do Leonel Salgueiro, algu\u00e9m que muito tem contribu\u00eddo para o crescimento do Voleibol em Viana do Castelo, por continuar a acreditar em Viana para promover a modalidade atrav\u00e9s de competi\u00e7\u00f5es de tal magnitude.<\/em><br \/>\n<em>Vai ser um fim-de-semana excelente em termos desportivos e desejamos que todos regressem a casa com a sensa\u00e7\u00e3o de que foi uma experi\u00eancia positiva e pensem em voltar a Viana<\/em>&#8220;.<\/p>\n<p><strong>Leonel Salgueiro<\/strong>, Director T\u00e9cnico Nacional:<br \/>\n&#8220;<em>Em nome da Federa\u00e7\u00e3o, gostaria de agradecer a parceria de muitos anos que a autarquia mant\u00e9m connosco, recordando que s\u00e3o j\u00e1 tr\u00eas os anos em que realizamos as Finais 4 com este formato, envolvendo femininos e masculinos.<\/em><br \/>\n<em>Para al\u00e9m de ter cinco clubes com express\u00e3o no Voleibol, que movimentam centenas de jovens, Viana do Castelo tem infraestruturas desportivas e hoteleiras com condi\u00e7\u00f5es ideais para a organiza\u00e7\u00e3o de competi\u00e7\u00f5es de enorme import\u00e2ncia como as finais da Ta\u00e7a de Portugal.<\/em><br \/>\n<em>Aproveito para anunciar que vamos ter jogos das selec\u00e7\u00f5es nacionais em Santo Tirso, Barcelos e Loul\u00e9, pois queremos que os munic\u00edpios, \u00e0 semelhan\u00e7a de Viana, invistam mais um pouco e ajudem a promover a pr\u00e1tica do Voleibol e do desporto.<\/em><br \/>\n<em>\u00c0s equipas, gostaria de dar os parab\u00e9ns por terem chegado a esta Final; pela nossa parte, fizemos tudo para que possam usufruir das melhores condi\u00e7\u00f5es.<\/em><br \/>\n<em>Vamos utilizar o Video Challenger, para auxiliar os \u00e1rbitros e para dar \u00e0s equipas em momentos mais expressivos mais conforto e seguran\u00e7a na verdade desportiva. Boa sorte a todos<\/em>&#8220;.<\/p>\n<p>Todos os elementos das equipas presentes agradeceram \u00e0 C\u00e2mara Municipal de Viana do Castelo pela forma como sempre s\u00e3o recebidos na cidade.<\/p>\n<p><strong>H\u00e9lder Andrade<\/strong>, Treinador do Vit\u00f3ria SC:<br \/>\n&#8220;<em>Estou muito contente por estar em Viana. \u00c9 uma cidade que me diz muito. passei aqui em Ver\u00e3o muito importante para a minha carreira.<\/em><br \/>\n<em>Estamos ansiosos por come\u00e7ar a competir e completamente focados no jogo com o Benfica, que t\u00eam sido sempre dif\u00edceis e exigentes esta \u00e9poca. S\u00e3o jogos de <\/em>mata-mata<em> e a nossa prepara\u00e7\u00e3o foi feita nesse sentido. Este momento \u00e9 muito importante para o clube e espero que os adeptos encham o pavilh\u00e3o para verem o que h\u00e1 de melhor no Voleibol feminino e como este tem crescido<\/em>&#8220;.<\/p>\n<p><strong>Maria Carlos Marques<\/strong>, capit\u00e3 do Vit\u00f3ria SC:<br \/>\n&#8220;<em>H\u00e1 dois anos \u00e9ramos o outsider, mas agora estamos apurados para a Final 4 da Ta\u00e7a e do Campeonato. Podem contar connosco para lutar pela Ta\u00e7a, um trof\u00e9u que o clube deseja e que os nossos adeptos merecem.<\/em><br \/>\n<em>O Benfica tem uma equipa alta, com um ataque potente e um servi\u00e7o muito bom e t\u00e1ctico. A nossa equipa \u00e9 inteligente a jogar e um Voleibol flu\u00eddo e com muita rapidez. Vai ser um bom espect\u00e1culo<\/em>&#8220;.<\/p>\n<p><strong>Rui Moreira<\/strong>, Treinador do SL Benfica:<br \/>\n&#8220;<em>\u00c9 muito importante para o clube estarmos pela primeira vez numa fase final da Ta\u00e7a de Portugal disputada neste formato, que promove o Voleibol feminino e masculino.<\/em><br \/>\n<em>Em femininos, o Benfica j\u00e1 n\u00e3o estava numa final h\u00e1 muitos anos [<a href=\"https:\/\/fpvoleibol.pt\/fpv\/wp-content\/uploads\/2024\/03\/1990_TPFem.pdf\">perdeu, em 1990, com o CR Estrelas da Avenida<\/a>] e existe uma enorme vontade de erguer o trof\u00e9u. Temos de defrontar amanh\u00e3 um advers\u00e1rio muito dif\u00edcil, mas apesar de os \u00faltimos resultados n\u00e3o terem sido muito positivos, estamos bem preparados para disputar esta Final 4&#8243;<\/em>.<\/p>\n<p><strong>Fernanda Silva<\/strong>, Capit\u00e3 do SL Benfica:<br \/>\n&#8220;<em>Estamos muito contentes, pois h\u00e1 muitos anos que o clube n\u00e3o estava numa fase final da Ta\u00e7a.<\/em><br \/>\n<em>\u00c9 uma competi\u00e7\u00e3o muito importante e estamos focadas no jogo de amanh\u00e3 e confiantes num bom resultado.<\/em><br \/>\n<em>O Vit\u00f3ria \u00e9 uma equipa que defende bem e joga de forma inteligente. Para contrariar esses argumentos, temos de desenvolver ataques mais fortes e sermos consistentes at\u00e9 final<\/em>&#8220;.<\/p>\n<p><strong>Rui Costa<\/strong>, Treinador do Sporting CP:<br \/>\n&#8220;<em>A realidade do Voleibol feminino atrai cada vez mais pessoas aos pavilh\u00f5es, mas, infelizmente, nem todos os munic\u00edpios do Pa\u00eds tem a vis\u00e3o de Viana.<\/em><br \/>\n<em>N\u00e3o estamos no nosso melhor ano e vamos defrontar uma equipa muito s\u00f3lida e que j\u00e1 nos venceu, mas estamos conscientes dos nossos objectivos. H\u00e1 quatro anos que estamos presentes nestes momentos decisivos e vamos fazer tudo para conquistar novamente o trof\u00e9u<\/em>&#8220;.<br \/>\n<em>Esta \u00e9 uma prova diferente, a eliminar, que todos gostam de disputar e vamos encontrar amanh\u00e3 um advers\u00e1rio com quem tivemos bons duelos esta \u00e9poca.<\/em><em> O campeonato nacional de Voleibol feminino \u00e9 o mais competitivo do Pa\u00eds<\/em>&#8220;.<\/p>\n<p><strong>Daniela Loureiro<\/strong>, Capit\u00e3 do Sporting CP:<br \/>\n&#8220;<em>Vai ser um jogo super-disputado. Se h\u00e1 pontos fortes e fracos eles s\u00f3 ser\u00e3o vis\u00edveis durante o jogo. O Porto Volei tem uma equipa muito consistente e vai ser certamente um jogo muito equilibrado.<\/em><br \/>\n<em>Vamos tentar tir\u00e1-las da sua zona de conforto, atrav\u00e9s de um bom servi\u00e7o e de uma boa recep\u00e7\u00e3o.<\/em><br \/>\n<em>Estamos completamente focadas nesta meia-final. Vamos tentar chegar \u00e0 final, mas o que queremos \u00e9 que os jogos tenham qualidade, que as pessoas venham ver Voleibol e que a modalidade e o Voleibol feminino cres\u00e7am, como tem vindo a acontecer nos \u00faltimos anos.<\/em>&#8221;<\/p>\n<p><strong>M\u00e1rio Martins,<\/strong> Treinador do PV2014\/C. Efanor:<br \/>\n&#8220;<em>Para n\u00f3s, t\u00e9cnicos e atletas, \u00e9 um privil\u00e9gio jogar estes momentos de decis\u00e3o, que s\u00e3o sempre factores grandes de crescimento. \u00c9 ainda mais importante porque somos um projecto desportivo inserido num col\u00e9gio e a mensagem que passamos para a comunidade de estudantes \u00e9 que o desporto \u00e9 uma parte importante do crescimento dos jovens.<\/em><br \/>\n<em>Esta Final 4 n\u00e3o vai ter surpresas, simplesmente porque qualquer equipa pode erguer o trof\u00e9u. Vamos todos tentar ganhar, pois todos mostr\u00e1mos compet\u00eancia para estar aqui<\/em>&#8220;.<\/p>\n<p><strong>Ana Couto<\/strong>, Capit\u00e3 do PV2014\/C. Efanor:<br \/>\n&#8220;<em>Queremos fazer um resultado diferente da \u00faltima vez que disput\u00e1mos a Final 4, quando perdemos com o Sporting, e vencer esta edi\u00e7\u00e3o da Ta\u00e7a de Portugal.<\/em><br \/>\n<em>O Sporting tem uma equipa parecida com a nossa, serve bem e tem uma boa defesa e uma boa distribuidora, pelo que o jogo vai ser marcado pelo equil\u00edbrio.<\/em><br \/>\n<em>Vamos ter de realizar um bom primeiro toque e servir muito bem. O nosso objectivo \u00e9 o mesmo de todas as equipas. Queremos estar na final, mas para isso temos de ganhar a meia-final, frente a um advers\u00e1rio complicado, com quem j\u00e1 trav\u00e1mos jogos empolgantes<\/em>&#8220;.<\/p>\n<p style=\"text-align: center;\"><span style=\"text-decoration: underline;\">*A Confer\u00eancia de Imprensa est\u00e1 dispon\u00edvel, na \u00edntegra, <a href=\"https:\/\/www.youtube.com\/watch?v=NO_3xKkjW-U&amp;t=2s\">AQUI<\/a><\/span><\/p>\n<p style=\"text-align: center;\">A Confer\u00eancia de Imprensa de masculinos poder\u00e1 ser seguida em directo em <a href=\"https:\/\/www.youtube.com\/watch?v=DORxtVLzUD4\">https:\/\/www.youtube.com\/watch?v=DORxtVLzUD4<\/a><\/p>\n<p><img loading=\"lazy\" decoding=\"async\" class=\"size-full wp-image-31384 aligncenter\" src=\"https:\/\/fpvoleibol.pt\/fpv\/wp-content\/uploads\/2024\/03\/confimprensa_f4_fem_d2.jpg\" alt=\"\" width=\"960\" height=\"640\" srcset=\"https:\/\/fpvoleibol.pt\/fpv\/wp-content\/uploads\/2024\/03\/confimprensa_f4_fem_d2.jpg 960w, https:\/\/fpvoleibol.pt\/fpv\/wp-content\/uploads\/2024\/03\/confimprensa_f4_fem_d2-300x200.jpg 300w, https:\/\/fpvoleibol.pt\/fpv\/wp-content\/uploads\/2024\/03\/confimprensa_f4_fem_d2-768x512.jpg 768w\" sizes=\"auto, (max-width: 960px) 100vw, 960px\" \/>Organizada pela Federa\u00e7\u00e3o Portuguesa de Voleibol, em colabora\u00e7\u00e3o com a C\u00e2mara Municipal de Viana do Castelo e com o apoio da Associa\u00e7\u00e3o de Voleibol de V. Castelo, a fase final da Ta\u00e7a de Portugal de femininos disputa-se nos dias 22 e 23 de Mar\u00e7o \u2013 em <em>simult\u00e2neo<\/em> com a Final 4 de masculinos, nos dias 23 e 24 de Mar\u00e7o \u2013 no Centro Cultural de Viana do Castelo. Todos os jogos t\u00eam transmiss\u00e3o televisiva em directo na Sport TV.<\/p>\n<p style=\"text-align: center;\"><a href=\"https:\/\/www.portugalvoleibol.com\/classificacao\/tpf.php\">Final 4 da Ta\u00e7a de Portugal &#8211; femininos<\/a><\/p>\n<p style=\"text-align: center;\"><strong><u>22.03.2024<\/u><\/strong><br \/>\n<strong>18h00<\/strong> \u2013 Vit\u00f3ria SC x SL Benfica<br \/>\n<strong>\u00c1rbitros<\/strong>: 1.\u00ba Rui Reis (AVL) e 2.\u00ba Nuno Teixeira (AVB)<br \/>\n\u2026.<br \/>\n<strong>21h00<\/strong> \u2013 PV 2014\/Col\u00e9gio Efanor x Sporting CP<br \/>\n<strong>\u00c1rbitros<\/strong>: 1.\u00ba Sofia Costa (AVL) e 2.\u00ba Ricardo Ferreira (AVP)<\/p>\n<p style=\"text-align: center;\"><strong><u>23.03.2024<\/u><\/strong><br \/>\n<strong>21h00<\/strong> \u2013 Final<br \/>\n<strong>\u00c1rbitros<\/strong>: 1.\u00ba Lu\u00eds Meireles (AVP) e 2.\u00ba Jos\u00e9 Caramez (AVP)<\/p>\n<p>Na \u00e9poca passada, as Finais 4 da Ta\u00e7a de Portugal de masculinos e de femininos tamb\u00e9m foram disputadas em simult\u00e2neo, em Mar\u00e7o, e tendo por palco Viana do Castelo, Cidade Europeia do Desporto 2023.<br \/>\nA equipa do Sporting Clube de Portugal ergueu o trof\u00e9u da Ta\u00e7a de Portugal &#8211; Femininos, repetindo um gesto a que j\u00e1 n\u00e3o estava habituada desde 1986, e somou o seu terceiro triunfo na <em>prova-rainha<\/em> do Voleibol nacional.<br \/>\nNa final, as <em>leoas<\/em> de Alvalade superaram a AJM\/FC Porto, bicampe\u00e3 nacional em t\u00edtulo, pela margem m\u00ednima (3-2: 25-22, 23-25, 23-25, 25-17 e 15-13).<br \/>\nO Leix\u00f5es SC \u00e9 o clube com mais trof\u00e9us em femininos, dez, mais dois que o Cast\u00ealo da Maia GC.<br \/>\nVencedores das <a href=\"https:\/\/fpvoleibol.pt\/fpv\/menu-voleibol\/historico-taca-de-portugal\/\">51 edi\u00e7\u00f5es<\/a>: Leix\u00f5es SC (10); Cast\u00ealo da Maia GC (8); Boavista FC (7); CD Ribeirense e CA Trofa (4); Atl\u00e9tico CP e Sporting CP (3); Porto V\u00f3lei, AVC Famalic\u00e3o, SL Benfica e AJM\/FC Porto (2), Ros\u00e1rio V\u00f3lei, CS Madeira, CDUP e CR Estrelas da Avenida (1).<\/p>\n<p style=\"text-align: center;\"><span style=\"text-decoration: underline;\">Os bilhetes t\u00eam o pre\u00e7o \u00fanico de 5 euros e est\u00e3o \u00e0 venda na sede da FPV (hor\u00e1rio de expediente) e no Centro Cultural, nos seguintes hor\u00e1rios<\/span>:<br \/>\nDia 21 de Mar\u00e7o (quinta-feira) \u2013 entre as 14h30 e as 18h30;<br \/>\nDia 22 de Mar\u00e7o (sexta-feira) \u2013 das 10h00 \u00e0s 12h30 e das 14h30 \u00e0s 22h00;<br \/>\nDia 23 de Mar\u00e7o (s\u00e1bado) \u2013 das 10h00 \u00e0s 12h00 e das 13h00 \u00e0s 22h00;<br \/>\nDia 24 de Mar\u00e7o (domingo) \u2013 das 10h00 \u00e0s 12h30 e das 14h30 \u00e0s 18h00.<\/p>\n<p style=\"text-align: center;\">A <span style=\"background-color: #000000; color: #ffffff;\">ACREDITA\u00c7\u00c3O<\/span> dos jornalistas deve ser formalizada atrav\u00e9s do link <a href=\"https:\/\/fpvoleibol.pt\/fpv\/competicoes\/imprensa\/\">https:\/\/fpvoleibol.pt\/fpv\/competicoes\/imprensa\/<\/a><\/p>\n","protected":false},"excerpt":{"rendered":"<p>Tudo sobre a Final 4 da Ta\u00e7a de Portugal AQUI A Federa\u00e7\u00e3o Portuguesa de Voleibol (FPV) e a C\u00e2mara Municipal de Viana do Castelo (CMVC) apresentaram hoje, em Confer\u00eancia de [&hellip;]<\/p>\n","protected":false},"author":2,"featured_media":31383,"comment_status":"open","ping_status":"open","sticky":false,"template":"","format":"standard","meta":{"_monsterinsights_skip_tracking":false,"_monsterinsights_sitenote_active":false,"_monsterinsights_sitenote_note":"","_monsterinsights_sitenote_category":0,"footnotes":""},"categories":[13,8],"tags":[103,56],"class_list":{"0":"post-31323","1":"post","2":"type-post","3":"status-publish","4":"format-standard","5":"has-post-thumbnail","7":"category-arbitragem","8":"category-voleibol","9":"tag-epoca-2023-2024","10":"tag-taca-de-portugal","11":"czr-hentry"},"aioseo_notices":[],"_links":{"self":[{"href":"https:\/\/fpvoleibol.pt\/fpv\/wp-json\/wp\/v2\/posts\/31323","targetHints":{"allow":["GET"]}}],"collection":[{"href":"https:\/\/fpvoleibol.pt\/fpv\/wp-json\/wp\/v2\/posts"}],"about":[{"href":"https:\/\/fpvoleibol.pt\/fpv\/wp-json\/wp\/v2\/types\/post"}],"author":[{"embeddable":true,"href":"https:\/\/fpvoleibol.pt\/fpv\/wp-json\/wp\/v2\/users\/2"}],"replies":[{"embeddable":true,"href":"https:\/\/fpvoleibol.pt\/fpv\/wp-json\/wp\/v2\/comments?post=31323"}],"version-history":[{"count":19,"href":"https:\/\/fpvoleibol.pt\/fpv\/wp-json\/wp\/v2\/posts\/31323\/revisions"}],"predecessor-version":[{"id":31394,"href":"https:\/\/fpvoleibol.pt\/fpv\/wp-json\/wp\/v2\/posts\/31323\/revisions\/31394"}],"wp:featuredmedia":[{"embeddable":true,"href":"https:\/\/fpvoleibol.pt\/fpv\/wp-json\/wp\/v2\/media\/31383"}],"wp:attachment":[{"href":"https:\/\/fpvoleibol.pt\/fpv\/wp-json\/wp\/v2\/media?parent=31323"}],"wp:term":[{"taxonomy":"category","embeddable":true,"href":"https:\/\/fpvoleibol.pt\/fpv\/wp-json\/wp\/v2\/categories?post=31323"},{"taxonomy":"post_tag","embeddable":true,"href":"https:\/\/fpvoleibol.pt\/fpv\/wp-json\/wp\/v2\/tags?post=31323"}],"curies":[{"name":"wp","href":"https:\/\/api.w.org\/{rel}","templated":true}]}}