{"id":31205,"date":"2024-03-13T17:24:35","date_gmt":"2024-03-13T17:24:35","guid":{"rendered":"https:\/\/fpvoleibol.pt\/fpv\/?p=31205"},"modified":"2024-03-13T17:26:24","modified_gmt":"2024-03-13T17:26:24","slug":"liga-solverde-pt-11","status":"publish","type":"post","link":"https:\/\/fpvoleibol.pt\/fpv\/2024\/03\/13\/liga-solverde-pt-11\/","title":{"rendered":"LIGA SOLVERDE.pt"},"content":{"rendered":"<p><img loading=\"lazy\" decoding=\"async\" class=\"size-full wp-image-28511 aligncenter\" src=\"https:\/\/fpvoleibol.pt\/fpv\/wp-content\/uploads\/2023\/10\/website_ligasolverde2_d.jpg\" alt=\"\" width=\"960\" height=\"542\" srcset=\"https:\/\/fpvoleibol.pt\/fpv\/wp-content\/uploads\/2023\/10\/website_ligasolverde2_d.jpg 960w, https:\/\/fpvoleibol.pt\/fpv\/wp-content\/uploads\/2023\/10\/website_ligasolverde2_d-300x169.jpg 300w, https:\/\/fpvoleibol.pt\/fpv\/wp-content\/uploads\/2023\/10\/website_ligasolverde2_d-768x434.jpg 768w, https:\/\/fpvoleibol.pt\/fpv\/wp-content\/uploads\/2023\/10\/website_ligasolverde2_d-528x297.jpg 528w\" sizes=\"auto, (max-width: 960px) 100vw, 960px\" \/>Na <strong>S\u00e9rie A da 2.\u00aa Fase da Liga Solverde.pt<\/strong> disputa-se este domingo a 14.\u00aa e \u00faltima jornada e o <em>suspense<\/em> n\u00e3o poderia ser maior relativamente \u00e0s equipas que enfrentar\u00e3o o FC Porto (1.\u00ba x 4.\u00ba classificados) e o PV 2014\/Col\u00e9gio Efanor (2.\u00ba x 3.\u00ba) na <span style=\"text-decoration: underline;\">Divis\u00e3o de Elite<\/span>, cujos Play-offs come\u00e7ar\u00e3o a ser realizados ap\u00f3s a <a href=\"https:\/\/fpvoleibol.pt\/fpv\/competicoes\/taca-de-portugal-2024\/\">Final 4 da Ta\u00e7a de Portugal<\/a>, agendada para os dias 22 e 23 de Mar\u00e7o.<br \/>\nH\u00e1 tr\u00eas equipas que ainda podem ocupar um dos dois lugares vagos na Elite: o SL Benfica, que tem 10 vit\u00f3rias e 29 pontos, o Vit\u00f3ria SC, com igual n\u00famero de vit\u00f3rias e de pontos, e o Sporting CP, com 9 vit\u00f3rias e 29 pontos.<br \/>\nAssim, o destaque vai para os jogos que envolvem estes tr\u00eas candidatos, Vit\u00f3ria SC x CD Fi\u00e3es, Leix\u00f5es SC x Sporting CP e PV 2014\/Col\u00e9gio Efanor x SL Benfica, sendo que este \u00faltimo ser\u00e1 transmitido em directo na <a href=\"https:\/\/www.youtube.com\/watch?v=C8z-ljxR2E4\">Volei TV<\/a> e <a href=\"https:\/\/www.abola.pt\/a-bola-tv\">A Bola TV<\/a>.<\/p>\n<p style=\"text-align: center;\"><span style=\"background-color: #000000; color: #ffffff;\">14.\u00aa Jornada &#8211; S\u00e9rie A<\/span><\/p>\n<p><span style=\"text-decoration: underline;\"><strong>17.03.2024<\/strong><\/span><br \/>\n<strong>16h00<\/strong> \u2013 Vit\u00f3ria SC x CD Fi\u00e3es, no Pav. Desp. Unidade Vimaranense<br \/>\n<strong>16h00<\/strong> \u2013 PV 2014\/Col\u00e9gio Efanor x SL Benfica, no Pav. Col\u00e9gio Efanor \u2013 em directo na <a href=\"https:\/\/www.youtube.com\/watch?v=C8z-ljxR2E4\">Volei TV<\/a> e <a href=\"https:\/\/www.abola.pt\/a-bola-tv\">A Bola TV<\/a><br \/>\n<strong>16h00<\/strong> \u2013 Leix\u00f5es SC x Sporting CP, na Nave Il\u00eddio Ramos &#8211; CDC Matosinhos<br \/>\n<strong>16h00<\/strong> \u2013 FC Porto x SC Braga, no Drag\u00e3o Arena<\/p>\n<p><img loading=\"lazy\" decoding=\"async\" class=\"size-full wp-image-31184 aligncenter\" src=\"https:\/\/fpvoleibol.pt\/fpv\/wp-content\/uploads\/2024\/03\/14aJornadaPVxSLB_d.jpg\" alt=\"\" width=\"960\" height=\"540\" srcset=\"https:\/\/fpvoleibol.pt\/fpv\/wp-content\/uploads\/2024\/03\/14aJornadaPVxSLB_d.jpg 960w, https:\/\/fpvoleibol.pt\/fpv\/wp-content\/uploads\/2024\/03\/14aJornadaPVxSLB_d-300x169.jpg 300w, https:\/\/fpvoleibol.pt\/fpv\/wp-content\/uploads\/2024\/03\/14aJornadaPVxSLB_d-768x432.jpg 768w, https:\/\/fpvoleibol.pt\/fpv\/wp-content\/uploads\/2024\/03\/14aJornadaPVxSLB_d-528x297.jpg 528w\" sizes=\"auto, (max-width: 960px) 100vw, 960px\" \/>Na S\u00e9rie A2, e \u00e0 partida para a derradeira jornada desta fase, j\u00e1 est\u00e1 tudo definido relativamente \u00e0s tr\u00eas*** equipas que descem de divis\u00e3o \u2013 Esmoriz GC, CS Madeira e SC Espinho \u2013 e a quem vai disputar a Ta\u00e7a Federa\u00e7\u00e3o e o Play-off de Manuten\u00e7\u00e3o (Cast\u00ealo da Maia GC) com o 2.\u00ba classificado da Fase Final, S\u00e9rie dos Primeiros da II Divis\u00e3o.<\/p>\n<p style=\"text-align: center;\"><span style=\"background-color: #000000; color: #ffffff;\">10.\u00aa Jornada &#8211; S\u00e9rie A 2<\/span><\/p>\n<p><span style=\"text-decoration: underline;\"><strong>17.03.2024<\/strong><\/span><br \/>\n<strong>16h00<\/strong> \u2013 Esmoriz GC x Clube Kair\u00f3s, no Pav. Esmoriz GC<br \/>\n<strong>16h00<\/strong> \u2013 SC Espinho x CS Madeira, na Nave Desp. Espinho<br \/>\n<strong>16h00<\/strong> \u2013 GC Vilacondense x Cast\u00ealo da Maia GC, no Pav. Desp. Vila do Conde<\/p>\n<p>*** Recorde-se que, na <a href=\"https:\/\/fpvoleibol.pt\/fpv\/wp-content\/uploads\/2023\/07\/22-23-2.pdf\">Reuni\u00e3o de 16 de Maio de 2023<\/a>, a <span style=\"text-decoration: underline;\">Direc\u00e7\u00e3o da FPV<\/span> deliberou por unanimidade dos presentes:<\/p>\n<p><strong>1. Constitui\u00e7\u00e3o das Divis\u00f5es<\/strong><br \/>\n<strong>1.1 &#8211; I Divis\u00e3o: Masculinos e Femininos<\/strong><br \/>\ni) Na \u00e9poca desportiva de 2024\/2025, o Campeonato Nacional de Seniores da I Divis\u00e3o (Masculinos e Femininos), ser\u00e1 disputado por <strong>12 equipas<\/strong>.<br \/>\nii) Assim, na \u00e9poca desportiva de 2023\/2024 descem \u00e0 II Divis\u00e3o (Masculinos e Femininos), o n\u00famero de equipas necess\u00e1rio ao cumprimento do determinado no Ponto anterior, tendo em conta que, o Campe\u00e3o Nacional da II Divis\u00e3o sobe \u00e0 I Divis\u00e3o (Masculinos e Femininos).<\/p>\n<p style=\"text-align: center;\">Calend\u00e1rio*, resultados, estat\u00edstica e <em>live streaming<\/em> em <a href=\"https:\/\/fpv-web.dataproject.com\/MainHome.aspx?\">https:\/\/fpv-web.dataproject.com\/MainHome.aspx?<\/a><br \/>\nEquipas de arbitragem em <a href=\"https:\/\/fpvoleibol.pt\/fpv\/arbitragem\/nomeacoes\/\">https:\/\/fpvoleibol.pt\/fpv\/arbitragem\/nomeacoes\/<\/a> **<br \/>\nVer classifica\u00e7\u00f5es em <a href=\"https:\/\/portugalvoleibol.com\/classificacao\/\">https:\/\/portugalvoleibol.com\/classificacao\/<\/a><\/p>\n<p style=\"text-align: center;\"><span style=\"text-decoration: underline;\"><strong>Ver plant\u00e9is das equipas <a href=\"https:\/\/fpv-web.dataproject.com\/CompetitionTeamSearch.aspx?ID=89\">aqui<\/a> e\u00a0<\/strong><\/span><a href=\"https:\/\/www.fpvoleibol.pt\/regulamentos\/reg_esc_seniores_.pdf?_ga=2.52919277.473673965.1696327188-280144827.1696327188\">Modo de disputa 2023\/2024<\/a><br \/>\n<span style=\"font-size: 8pt;\"><strong>* As horas e datas poder\u00e3o sofrer eventuais altera\u00e7\u00f5es \/ <\/strong><\/span><span style=\"font-size: 8pt;\"><strong>** Actualizado \u00e0s quintas-feiras<\/strong><\/span><\/p>\n","protected":false},"excerpt":{"rendered":"<p>Na S\u00e9rie A da 2.\u00aa Fase da Liga Solverde.pt disputa-se este domingo a 14.\u00aa e \u00faltima jornada e o suspense n\u00e3o poderia ser maior relativamente \u00e0s equipas que enfrentar\u00e3o o [&hellip;]<\/p>\n","protected":false},"author":2,"featured_media":28213,"comment_status":"open","ping_status":"open","sticky":false,"template":"","format":"standard","meta":{"_monsterinsights_skip_tracking":false,"_monsterinsights_sitenote_active":false,"_monsterinsights_sitenote_note":"","_monsterinsights_sitenote_category":0,"footnotes":""},"categories":[13,8],"tags":[103,113],"class_list":{"0":"post-31205","1":"post","2":"type-post","3":"status-publish","4":"format-standard","5":"has-post-thumbnail","7":"category-arbitragem","8":"category-voleibol","9":"tag-epoca-2023-2024","10":"tag-liga-solverde-pt","11":"czr-hentry"},"aioseo_notices":[],"_links":{"self":[{"href":"https:\/\/fpvoleibol.pt\/fpv\/wp-json\/wp\/v2\/posts\/31205","targetHints":{"allow":["GET"]}}],"collection":[{"href":"https:\/\/fpvoleibol.pt\/fpv\/wp-json\/wp\/v2\/posts"}],"about":[{"href":"https:\/\/fpvoleibol.pt\/fpv\/wp-json\/wp\/v2\/types\/post"}],"author":[{"embeddable":true,"href":"https:\/\/fpvoleibol.pt\/fpv\/wp-json\/wp\/v2\/users\/2"}],"replies":[{"embeddable":true,"href":"https:\/\/fpvoleibol.pt\/fpv\/wp-json\/wp\/v2\/comments?post=31205"}],"version-history":[{"count":5,"href":"https:\/\/fpvoleibol.pt\/fpv\/wp-json\/wp\/v2\/posts\/31205\/revisions"}],"predecessor-version":[{"id":31234,"href":"https:\/\/fpvoleibol.pt\/fpv\/wp-json\/wp\/v2\/posts\/31205\/revisions\/31234"}],"wp:featuredmedia":[{"embeddable":true,"href":"https:\/\/fpvoleibol.pt\/fpv\/wp-json\/wp\/v2\/media\/28213"}],"wp:attachment":[{"href":"https:\/\/fpvoleibol.pt\/fpv\/wp-json\/wp\/v2\/media?parent=31205"}],"wp:term":[{"taxonomy":"category","embeddable":true,"href":"https:\/\/fpvoleibol.pt\/fpv\/wp-json\/wp\/v2\/categories?post=31205"},{"taxonomy":"post_tag","embeddable":true,"href":"https:\/\/fpvoleibol.pt\/fpv\/wp-json\/wp\/v2\/tags?post=31205"}],"curies":[{"name":"wp","href":"https:\/\/api.w.org\/{rel}","templated":true}]}}