{"id":31180,"date":"2024-03-12T16:54:35","date_gmt":"2024-03-12T16:54:35","guid":{"rendered":"https:\/\/fpvoleibol.pt\/fpv\/?p=31180"},"modified":"2024-03-12T16:54:35","modified_gmt":"2024-03-12T16:54:35","slug":"a-seguir-a-taca-venha-o-campeonato","status":"publish","type":"post","link":"https:\/\/fpvoleibol.pt\/fpv\/2024\/03\/12\/a-seguir-a-taca-venha-o-campeonato\/","title":{"rendered":"A SEGUIR \u00c0 TA\u00c7A, VENHA O CAMPEONATO!"},"content":{"rendered":"<p style=\"text-align: center;\"><strong><img loading=\"lazy\" decoding=\"async\" class=\"size-full wp-image-31193 aligncenter\" src=\"https:\/\/fpvoleibol.pt\/fpv\/wp-content\/uploads\/2024\/03\/miguel_sinfronio_seleca4.jpg\" alt=\"\" width=\"960\" height=\"640\" srcset=\"https:\/\/fpvoleibol.pt\/fpv\/wp-content\/uploads\/2024\/03\/miguel_sinfronio_seleca4.jpg 960w, https:\/\/fpvoleibol.pt\/fpv\/wp-content\/uploads\/2024\/03\/miguel_sinfronio_seleca4-300x200.jpg 300w, https:\/\/fpvoleibol.pt\/fpv\/wp-content\/uploads\/2024\/03\/miguel_sinfronio_seleca4-768x512.jpg 768w\" sizes=\"auto, (max-width: 960px) 100vw, 960px\" \/>Depois de ajudar o seu novo clube a erguer, pela segunda vez no seu historial, o trof\u00e9u da <a href=\"https:\/\/www.volleynet.at\/oesterreichischer-cup-herren\/\">Ta\u00e7a Austr\u00edaca<\/a>, marcando a sua rubrica em 10 pontos individuais, Miguel Sinfr\u00f3nio, central da Selec\u00e7\u00e3o Nacional foi decisivo (15 pontos) no jogo em que superaram o UVC Holding Graz, onde actua outro portugu\u00eas, <span style=\"text-decoration: underline;\">Jos\u00e9 Jardim<\/span>, e conseguiu apurar-se para as meias-finais do Campeonato (<a href=\"https:\/\/www.volleynet.at\/austrian-volley-league-men\/\">Meister-Play-off<\/a>). A\u00ed chegado, o Aich\/Dob infligiu a primeira derrota, por 3-2 (25-27, 25-17, 23-25, 25-21 e 15-13), ao (ainda) campe\u00e3o em t\u00edtulo, Hypo Tirol Volleyballteam, lan\u00e7ando o suspense sobre o nome do finalista&#8230;<\/strong><\/p>\n<p>Na Liga Austr\u00edaca, o SK Zadruga Aich\/Dob, de <strong>Miguel Sinfr\u00f3nio<\/strong>, causou sensa\u00e7\u00e3o ao impor, em casa, a primeira derrota da presente temporada ao campe\u00e3o em t\u00edtulo, o Hypo Tirol Volleyballteam: 3-2 (25-27, 25-17, 23-25, 25-21 e 15-13) nas meias-finais do Play-off do Campeonato.<br \/>\nO central da Selec\u00e7\u00e3o Nacional contabilizou 13 pontos (10 ataques e 3 blocos) e parece ter conquistado o seu espa\u00e7o al\u00e9m-fronteiras.<\/p>\n<p><strong>Como est\u00e1s a viver a tua primeira experi\u00eancia internacional?<\/strong><br \/>\n\u201c<em>Est\u00e1 a ser uma experi\u00eancia incr\u00edvel! Eu vim para a \u00c1ustria com a inten\u00e7\u00e3o de fazer o meu melhor, de testar os meus limites, por assim dizer, e conhecer melhor este campeonato. Pelo menos at\u00e9 agora, estou muito satisfeito com a minha decis\u00e3o, pois est\u00e1 a ser espectacular e super-positivo<\/em>\u201d.<\/p>\n<p><strong>E como analisas a tua presta\u00e7\u00e3o ao longo desta \u00e9poca? Pelos resultados e pontos rubricados, parece que est\u00e1s em crescendo de forma&#8230;<br \/>\n<\/strong>\u201c<em>Como vim para a \u00c1ustria logo ap\u00f3s a nossa participa\u00e7\u00e3o no EuroVolley, n\u00e3o senti muito a quebra de pr\u00e9-\u00e9poca, quando \u00e9 necess\u00e1rio fazer trabalho f\u00edsico. Esse trabalho f\u00edsico j\u00e1 tinha sido feito com a Selec\u00e7\u00e3o e n\u00e3o baixei o n\u00edvel competitivo. Estava praticamente a 100 por cento, embora um pouco cansado pela quantidade de jogos que disput\u00e1mos no Europeu.<\/em><br \/>\n<em>Se fosse fazer uma avalia\u00e7\u00e3o da minha performance, diria que todas as semanas h\u00e1 coisas muito positivas e em rela\u00e7\u00e3o ao ano passado creio que sou um jogador completamente diferente, em termos t\u00e9cnicos, em termos de ataque estou muito mais consistente, com muito melhores \u00e2ngulos e em termos de bloco muito mais maduro e mais experiente, sem d\u00favida<\/em>\u201d.<\/p>\n<p><strong>Ap\u00f3s o triunfo sensacional no primeiro jogo, para conseguir ser finalista no campeonato austr\u00edaco, o Aich\/Dob, <a href=\"https:\/\/www.volleynet.at\/oesterreichischer-cup-herren\/\">vencedor da ta\u00e7a em 202<\/a>4, ter\u00e1 de vencer mais dois jogos, dos cinco programados: nos dias 13 (fora), 20 de Mar\u00e7o (fora) e, se necess\u00e1rio, 23 de Mar\u00e7o (casa) e 26 de Mar\u00e7o (fora). Com que \u00e2nimo enfrentam este poderoso advers\u00e1rio e quais os objectivos para esta \u00e9poca: mant\u00eam-se ou est\u00e3o a ser superados?<br \/>\n<\/strong>&#8220;<em>Na quarta-feira [amanh\u00e3] vamos voltar a defrontar o Hypo e\u2026 os objectivos mant\u00e9m-se!<\/em><br \/>\n<em>Os objectivos para esta \u00e9poca sempre foram no sentido de ganharmos todas as competi\u00e7\u00f5es em que est\u00e1vamos inseridos, com a excep\u00e7\u00e3o, claro, da Ta\u00e7a CEV, onde a realidade \u00e9 muito diferente. Estamos a manter-nos no caminho dessas metas. Atingimos o primeiro patamar, que foi vencer a Ta\u00e7a da \u00c1ustria. O segundo objectivo foi a Final 4 da MEVZA e vamos defrontar no s\u00e1bado a equipa eslovena do Maribor. E estamos na meia-final da Liga Austr\u00edaca, onde estamos a vencer 1-0, a equipa mais poderosa do campeonato, que fez esta \u00e9poca uma prova imaculada, sem derrotas. Perderam apenas para a Ta\u00e7a com o TSV Raiffeisen Hartberg, por isso \u00e9 que os defront\u00e1mos na final, e naturalmente nas competi\u00e7\u00f5es europeias. <\/em><br \/>\n<em>\u00c9 um oponente fort\u00edssimo, mas n\u00f3s super\u00e1mo-nos e estamos a vencer aquela que \u00e9, de longe, a equipa austr\u00edaca mais forte<\/em>\u201d.<\/p>\n<p><strong><img loading=\"lazy\" decoding=\"async\" class=\"size-full wp-image-31194 aligncenter\" src=\"https:\/\/fpvoleibol.pt\/fpv\/wp-content\/uploads\/2024\/03\/miguel_sinfronio_seleca3b.jpg\" alt=\"\" width=\"960\" height=\"640\" srcset=\"https:\/\/fpvoleibol.pt\/fpv\/wp-content\/uploads\/2024\/03\/miguel_sinfronio_seleca3b.jpg 960w, https:\/\/fpvoleibol.pt\/fpv\/wp-content\/uploads\/2024\/03\/miguel_sinfronio_seleca3b-300x200.jpg 300w, https:\/\/fpvoleibol.pt\/fpv\/wp-content\/uploads\/2024\/03\/miguel_sinfronio_seleca3b-768x512.jpg 768w\" sizes=\"auto, (max-width: 960px) 100vw, 960px\" \/>Depois de teres disputado o Campeonato da Europa, o que sentes quando \u00e9s chamado \u00e0 Selec\u00e7\u00e3o Nacional?\u00a0 E o que consideras que a Selec\u00e7\u00e3o pode almejar na European Golden League deste ano?<br \/>\n<\/strong>\u201c<em>\u00c9 sempre uma sensa\u00e7\u00e3o incr\u00edvel ser chamado \u00e0 Selec\u00e7\u00e3o. Estou a envergar as cores do meu Pa\u00eds e a lutar por ele, o que \u00e9 sempre um motivo de orgulho. E significa evoluir, com os meus colegas de equipa, com quem me dou muito bem e \u00e9 extremamente gratificante jogar com os melhores de Portugal.<\/em><br \/>\n<em>Creio que podemos almejar ganhar pelo menos todos os jogos da primeira fase da European Golden League. Ou seja, sendo a Ucr\u00e2nia e a B\u00e9lgica os jogos mais dif\u00edceis, que vamos disputar na Pol\u00f3nia e numa altura em que j\u00e1 estaremos mais cansados, mais carregados, creio que esses dois jogos ser\u00e3o os mais importantes e tenho a certeza de que vamos fazer tudo para os vencer.<\/em><br \/>\n<em>Confesso que, pelo menos no que me toca, a derrota que tivemos frente \u00e0 Ucr\u00e2nia no Campeonato da Europa ficou-me gravada na mem\u00f3ria, pois foi o jogo que n\u00e3o nos permitiu continuar em prova e atingir os quartos-de-final.<\/em><br \/>\n<em>Creio que posso falar por todos os meus colegas quando digo que tudo vamos fazer para ganhar a Golden League<\/em>\u201d.<\/p>\n<p style=\"text-align: center;\"><strong><img loading=\"lazy\" decoding=\"async\" class=\"size-full wp-image-31198 aligncenter\" src=\"https:\/\/fpvoleibol.pt\/fpv\/wp-content\/uploads\/2024\/03\/miguel_sinfronio_aich_dob_2.jpg\" alt=\"\" width=\"960\" height=\"570\" srcset=\"https:\/\/fpvoleibol.pt\/fpv\/wp-content\/uploads\/2024\/03\/miguel_sinfronio_aich_dob_2.jpg 960w, https:\/\/fpvoleibol.pt\/fpv\/wp-content\/uploads\/2024\/03\/miguel_sinfronio_aich_dob_2-300x178.jpg 300w, https:\/\/fpvoleibol.pt\/fpv\/wp-content\/uploads\/2024\/03\/miguel_sinfronio_aich_dob_2-768x456.jpg 768w\" sizes=\"auto, (max-width: 960px) 100vw, 960px\" \/><span style=\"font-size: 10pt;\">Foto: <a href=\"https:\/\/www.aich-dob.at\/\">Aich\/Dob<\/a><\/span><\/strong><\/p>\n<p><strong>No teu percurso como jogador, passaste pelo SL Benfica e Leix\u00f5es SC. Segues a Liga Una Seguros? Como est\u00e1s a ver a presta\u00e7\u00e3o desses dois clubes na presente \u00e9poca (Campeonato e Ta\u00e7a de Portugal)<\/strong>?<br \/>\n\u201c<em>Tenho acompanhado, sobretudo, atrav\u00e9s dos resultados das competi\u00e7\u00f5es portuguesas, devido ao facto de jogarmos praticamente \u00e0 mesma hora do campeonato portugu\u00eas.<\/em><br \/>\n<em>Caso consiga manter a qualidade demonstrada at\u00e9 aqui, o Leix\u00f5es, que est\u00e1 a fazer uma \u00e9poca espectacular, vai consolidar um merecido terceiro lugar, o que \u00e9 muito bom para o clube e sinal de que se mant\u00e9m o projecto iniciado h\u00e1 dois anos pelo Leix\u00f5es e de cujo arranque eu tamb\u00e9m fiz parte.<\/em><br \/>\n<em>O Benfica est\u00e1 a fazer uma \u00e9poca incr\u00edvel, ocupando o primeiro lugar isolado e s\u00f3 com vit\u00f3rias.<\/em><br \/>\n<em>Tenho-os no meu cora\u00e7\u00e3o e desejo os maiores sucessos tanto ao Benfica como ao Leix\u00f5es<\/em>\u201d.<\/p>\n<p><strong>Defrontaste recentemente, no Play-off, o Jos\u00e9 Jardim (UVC Holding Graz). \u00c9 importante ter um compatriota a disputar o mesmo campeonato no estrangeiro?<br \/>\n<\/strong>\u201c<em>Infelizmente, eu e o Z\u00e9 n\u00e3o vivemos perto um do outro, estamos sensivelmente a uma hora e 20 minutos de dist\u00e2ncia, e a quantidade de treinos que temos impossibilita-nos de estarmos muitas vezes juntos, mas quando jogamos um contra o outro aproveitamos para partilhar algumas ideias e conversar um pouco sobre o campeonato e desejamos sempre o m\u00e1ximo de boa sorte um ao outro.<\/em><br \/>\n<em>Somos rivais dentro de campo, queremos ganhar sempre, mas continuamos bons amigos fora dos jogos, pois \u00e9 sempre bom vermos uma cara amiga para mais quando estamos longe do nosso Pa\u00eds<\/em>\u201d.<\/p>\n","protected":false},"excerpt":{"rendered":"<p>Depois de ajudar o seu novo clube a erguer, pela segunda vez no seu historial, o trof\u00e9u da Ta\u00e7a Austr\u00edaca, marcando a sua rubrica em 10 pontos individuais, Miguel Sinfr\u00f3nio, [&hellip;]<\/p>\n","protected":false},"author":2,"featured_media":31189,"comment_status":"open","ping_status":"open","sticky":false,"template":"","format":"standard","meta":{"_monsterinsights_skip_tracking":false,"_monsterinsights_sitenote_active":false,"_monsterinsights_sitenote_note":"","_monsterinsights_sitenote_category":0,"footnotes":""},"categories":[8],"tags":[103,52],"class_list":{"0":"post-31180","1":"post","2":"type-post","3":"status-publish","4":"format-standard","5":"has-post-thumbnail","7":"category-voleibol","8":"tag-epoca-2023-2024","9":"tag-portugueses-no-mundo","10":"czr-hentry"},"aioseo_notices":[],"_links":{"self":[{"href":"https:\/\/fpvoleibol.pt\/fpv\/wp-json\/wp\/v2\/posts\/31180","targetHints":{"allow":["GET"]}}],"collection":[{"href":"https:\/\/fpvoleibol.pt\/fpv\/wp-json\/wp\/v2\/posts"}],"about":[{"href":"https:\/\/fpvoleibol.pt\/fpv\/wp-json\/wp\/v2\/types\/post"}],"author":[{"embeddable":true,"href":"https:\/\/fpvoleibol.pt\/fpv\/wp-json\/wp\/v2\/users\/2"}],"replies":[{"embeddable":true,"href":"https:\/\/fpvoleibol.pt\/fpv\/wp-json\/wp\/v2\/comments?post=31180"}],"version-history":[{"count":2,"href":"https:\/\/fpvoleibol.pt\/fpv\/wp-json\/wp\/v2\/posts\/31180\/revisions"}],"predecessor-version":[{"id":31199,"href":"https:\/\/fpvoleibol.pt\/fpv\/wp-json\/wp\/v2\/posts\/31180\/revisions\/31199"}],"wp:featuredmedia":[{"embeddable":true,"href":"https:\/\/fpvoleibol.pt\/fpv\/wp-json\/wp\/v2\/media\/31189"}],"wp:attachment":[{"href":"https:\/\/fpvoleibol.pt\/fpv\/wp-json\/wp\/v2\/media?parent=31180"}],"wp:term":[{"taxonomy":"category","embeddable":true,"href":"https:\/\/fpvoleibol.pt\/fpv\/wp-json\/wp\/v2\/categories?post=31180"},{"taxonomy":"post_tag","embeddable":true,"href":"https:\/\/fpvoleibol.pt\/fpv\/wp-json\/wp\/v2\/tags?post=31180"}],"curies":[{"name":"wp","href":"https:\/\/api.w.org\/{rel}","templated":true}]}}