{"id":31096,"date":"2024-03-07T12:56:55","date_gmt":"2024-03-07T12:56:55","guid":{"rendered":"https:\/\/fpvoleibol.pt\/fpv\/?p=31096"},"modified":"2024-03-07T12:56:55","modified_gmt":"2024-03-07T12:56:55","slug":"webinar-o-responsavel-pela-promocao-dos-direitos-e-protecao-das-criancas-e-jovens","status":"publish","type":"post","link":"https:\/\/fpvoleibol.pt\/fpv\/2024\/03\/07\/webinar-o-responsavel-pela-promocao-dos-direitos-e-protecao-das-criancas-e-jovens\/","title":{"rendered":"WEBINAR: O RESPONS\u00c1VEL PELA PROMO\u00c7\u00c3O DOS DIREITOS E PROTE\u00c7\u00c3O DAS CRIAN\u00c7AS E JOVENS"},"content":{"rendered":"<p><img loading=\"lazy\" decoding=\"async\" class=\"size-full wp-image-31097 aligncenter\" src=\"https:\/\/fpvoleibol.pt\/fpv\/wp-content\/uploads\/2024\/03\/webinar_responsavel_d.jpg\" alt=\"\" width=\"960\" height=\"648\" srcset=\"https:\/\/fpvoleibol.pt\/fpv\/wp-content\/uploads\/2024\/03\/webinar_responsavel_d.jpg 960w, https:\/\/fpvoleibol.pt\/fpv\/wp-content\/uploads\/2024\/03\/webinar_responsavel_d-300x203.jpg 300w, https:\/\/fpvoleibol.pt\/fpv\/wp-content\/uploads\/2024\/03\/webinar_responsavel_d-768x518.jpg 768w\" sizes=\"auto, (max-width: 960px) 100vw, 960px\" \/>Organizado pelo <span style=\"text-decoration: underline;\">Instituto Portugu\u00eas do Desporto e Juventude (IPDJ)<\/span>, o <strong>Webinar \u00abRespons\u00e1vel pela Promo\u00e7\u00e3o dos Direitos e Prote\u00e7\u00e3o das Crian\u00e7as e Jovens\u00bb<\/strong> realiza-se no dia 18 de Mar\u00e7o, com in\u00edcio \u00e0s 17h00, e destina-se a pessoas integradas em entidades que organizam forma\u00e7\u00e3o desportiva.<\/p>\n<p>No dia 20 de Dezembro foi publicado o Decreto-Lei n.\u00ba 117\/2023, que estabelece o regime jur\u00eddico da forma\u00e7\u00e3o desportiva, que entre outras normas, criou o Respons\u00e1vel pela Promo\u00e7\u00e3o dos Direitos e Prote\u00e7\u00e3o das Crian\u00e7as e Jovens, figura que passa a ser obrigat\u00f3ria em todas as entidades que organizam forma\u00e7\u00e3o desportiva.<\/p>\n<p>Neste contexto, o <strong>Webinar \u00abRespons\u00e1vel pela Promo\u00e7\u00e3o dos Direitos e Prote\u00e7\u00e3o das Crian\u00e7as e Jovens<\/strong>\u00bb tem como objectivo:<\/p>\n<p>. Enquadrar e dar conhecer a import\u00e2ncia e o papel das pessoas Respons\u00e1veis pela Promo\u00e7\u00e3o dos Direitos e Prote\u00e7\u00e3o das Crian\u00e7as e Jovens;<\/p>\n<p>. Esclarecer sobre os Referenciais de Forma\u00e7\u00e3o, o Perfil e a Forma\u00e7\u00e3o e as Compet\u00eancias desta nova figura.<\/p>\n<p>Inscri\u00e7\u00f5es <a href=\"https:\/\/comunicacao.ipdj.pt\/go\/b33fdd4e27d7275bccb32a66--cb063d58325202e3cd0cb-badeje2aOieQXPke7le2Sg\">AQUI<\/a><\/p>\n<p>O <strong>CLUBE TOP<\/strong> \u00e9 um programa do <span style=\"text-decoration: underline;\">Instituto Portugu\u00eas do Desporto e Juventude (IPDJ)<\/span> que tem como finalidade &#8220;<em>o apoio ao desenvolvimento de clubes desportivos mais sustent\u00e1veis, dotados de pessoas devidamente capacitadas, enraizadas nas suas comunidades e capazes de responder \u00e0s necessidades e expectativas dos seus associados e praticantes desportivos, sejam estes no \u00e2mbito do lazer, forma\u00e7\u00e3o ou competi\u00e7\u00e3o<\/em>&#8220;.<\/p>\n<p>Mais informa\u00e7\u00f5es <a href=\"http:\/\/clubetop.ipdj.gov.pt\">AQUI<\/a><\/p>\n","protected":false},"excerpt":{"rendered":"<p>Organizado pelo Instituto Portugu\u00eas do Desporto e Juventude (IPDJ), o Webinar \u00abRespons\u00e1vel pela Promo\u00e7\u00e3o dos Direitos e Prote\u00e7\u00e3o das Crian\u00e7as e Jovens\u00bb realiza-se no dia 18 de Mar\u00e7o, com in\u00edcio [&hellip;]<\/p>\n","protected":false},"author":2,"featured_media":31098,"comment_status":"open","ping_status":"open","sticky":false,"template":"","format":"standard","meta":{"_monsterinsights_skip_tracking":false,"_monsterinsights_sitenote_active":false,"_monsterinsights_sitenote_note":"","_monsterinsights_sitenote_category":0,"footnotes":""},"categories":[20,11],"tags":[103],"class_list":{"0":"post-31096","1":"post","2":"type-post","3":"status-publish","4":"format-standard","5":"has-post-thumbnail","7":"category-destaque","8":"category-formacao","9":"tag-epoca-2023-2024","10":"czr-hentry"},"aioseo_notices":[],"_links":{"self":[{"href":"https:\/\/fpvoleibol.pt\/fpv\/wp-json\/wp\/v2\/posts\/31096","targetHints":{"allow":["GET"]}}],"collection":[{"href":"https:\/\/fpvoleibol.pt\/fpv\/wp-json\/wp\/v2\/posts"}],"about":[{"href":"https:\/\/fpvoleibol.pt\/fpv\/wp-json\/wp\/v2\/types\/post"}],"author":[{"embeddable":true,"href":"https:\/\/fpvoleibol.pt\/fpv\/wp-json\/wp\/v2\/users\/2"}],"replies":[{"embeddable":true,"href":"https:\/\/fpvoleibol.pt\/fpv\/wp-json\/wp\/v2\/comments?post=31096"}],"version-history":[{"count":1,"href":"https:\/\/fpvoleibol.pt\/fpv\/wp-json\/wp\/v2\/posts\/31096\/revisions"}],"predecessor-version":[{"id":31099,"href":"https:\/\/fpvoleibol.pt\/fpv\/wp-json\/wp\/v2\/posts\/31096\/revisions\/31099"}],"wp:featuredmedia":[{"embeddable":true,"href":"https:\/\/fpvoleibol.pt\/fpv\/wp-json\/wp\/v2\/media\/31098"}],"wp:attachment":[{"href":"https:\/\/fpvoleibol.pt\/fpv\/wp-json\/wp\/v2\/media?parent=31096"}],"wp:term":[{"taxonomy":"category","embeddable":true,"href":"https:\/\/fpvoleibol.pt\/fpv\/wp-json\/wp\/v2\/categories?post=31096"},{"taxonomy":"post_tag","embeddable":true,"href":"https:\/\/fpvoleibol.pt\/fpv\/wp-json\/wp\/v2\/tags?post=31096"}],"curies":[{"name":"wp","href":"https:\/\/api.w.org\/{rel}","templated":true}]}}