{"id":3083,"date":"2021-01-22T16:59:22","date_gmt":"2021-01-22T15:59:22","guid":{"rendered":"https:\/\/fpvoleibol.pt\/fpv\/?p=3083"},"modified":"2021-01-22T16:59:22","modified_gmt":"2021-01-22T15:59:22","slug":"governo-promove-programas-de-apoio-ao-desporto","status":"publish","type":"post","link":"https:\/\/fpvoleibol.pt\/fpv\/2021\/01\/22\/governo-promove-programas-de-apoio-ao-desporto\/","title":{"rendered":"GOVERNO PROMOVE PROGRAMAS DE APOIO AO DESPORTO"},"content":{"rendered":"<p><img loading=\"lazy\" decoding=\"async\" class=\"alignnone size-full wp-image-3085\" src=\"https:\/\/fpvoleibol.pt\/fpv\/wp-content\/uploads\/2021\/01\/Imagem_PRID_Noticiad.jpg\" alt=\"\" width=\"960\" height=\"540\" srcset=\"https:\/\/fpvoleibol.pt\/fpv\/wp-content\/uploads\/2021\/01\/Imagem_PRID_Noticiad.jpg 960w, https:\/\/fpvoleibol.pt\/fpv\/wp-content\/uploads\/2021\/01\/Imagem_PRID_Noticiad-300x169.jpg 300w, https:\/\/fpvoleibol.pt\/fpv\/wp-content\/uploads\/2021\/01\/Imagem_PRID_Noticiad-768x432.jpg 768w, https:\/\/fpvoleibol.pt\/fpv\/wp-content\/uploads\/2021\/01\/Imagem_PRID_Noticiad-528x297.jpg 528w\" sizes=\"auto, (max-width: 960px) 100vw, 960px\" \/><\/p>\n<p>No \u00e2mbito do programa do Governo, o <span style=\"text-decoration: underline;\">Secret\u00e1rio de Estado da Juventude e do Desporto<\/span>, Jo\u00e3o Paulo Rebelo, atrav\u00e9s do <span style=\"text-decoration: underline;\">Instituto Portugu\u00eas do Desporto e Juventude (IPDJ)<\/span>, vai financiar clubes e associa\u00e7\u00f5es desportivas num total de <strong>3 milh\u00f5es de euros<\/strong>.<br \/>\nO apoio ao Desporto j\u00e1 tinha sido avan\u00e7ado no decorrer do programa <a href=\"https:\/\/www.facebook.com\/CamaraMunicipalMatosinhos\/posts\/10157841155911845\">Matosinhos \u00e0 Conversa<\/a> da CM Matosinhos.<\/p>\n<p>A partir de hoje e at\u00e9 22 de Fevereiro est\u00e3o abertas as candidaturas ao <strong>Programa de Reabilita\u00e7\u00e3o de Instala\u00e7\u00f5es Desportivas (PRID)<\/strong>, uma iniciativa direccionada a clubes e associa\u00e7\u00f5es desportivas de Portugal continental, com o objectivo de promover a requalifica\u00e7\u00e3o das instala\u00e7\u00f5es desportivas ao servi\u00e7o das comunidades, tendo em vista melhorar as condi\u00e7\u00f5es de pr\u00e1tica desportiva.<br \/>\nAs despesas eleg\u00edveis abrangem interven\u00e7\u00f5es diversificadas relacionadas com a renova\u00e7\u00e3o, reabilita\u00e7\u00e3o e conserva\u00e7\u00e3o de instala\u00e7\u00f5es dos clubes.<\/p>\n<p>Segundo o IPDJ, e &#8220;<em>considerando a import\u00e2ncia das organiza\u00e7\u00f5es associativas locais, especialmente os clubes desportivos, enquanto estruturas que se relacionam com as comunidades da sua \u00e1rea de influ\u00eancia e que disponibilizam actividades e servi\u00e7os que satisfazem as suas necessidades de natureza desportiva e cultural, est\u00e1 previsto nesta 5.\u00aa edi\u00e7\u00e3o um investimento de 2 milh\u00f5es de euros<\/em>&#8220;.<\/p>\n<p>Para al\u00e9m disso, e de 29 de Janeiro a 15 de Mar\u00e7o, estar\u00e3o abertas as candidaturas ao <strong>Programa Nacional de Desporto para Todos (PNDpT)<\/strong>.<\/p>\n<p>De acordo com os mentores da iniciativa, &#8220;<em>pretende-se continuar a refor\u00e7ar o apoio \u00e0 pr\u00e1tica desportiva regular que permita promover a sa\u00fade e os estilos de vida saud\u00e1veis entre todos os segmentos da popula\u00e7\u00e3o, o que significa contemplar a inclus\u00e3o social (minorias \u00e9tnicas, popula\u00e7\u00e3o em situa\u00e7\u00e3o desfavorecida, pessoas privadas de liberdade, crian\u00e7as e jovens, popula\u00e7\u00e3o s\u00e9nior, entre outras), a integra\u00e7\u00e3o da pessoa com defici\u00eancia, a promo\u00e7\u00e3o da igualdade de g\u00e9nero, a sustentabilidade ambiental e mobilidade ativa, a inova\u00e7\u00e3o tecnol\u00f3gica e a prote\u00e7\u00e3o dos direitos humanos<\/em>&#8220;.<\/p>\n<p>Podem-se candidatar ao PNDpT todos os clubes desportivos, as associa\u00e7\u00f5es promotoras do desporto e outras entidades cujo objecto compreenda ou capacite o desporto de base em Portugal.<\/p>\n<p>Atrav\u00e9s do PRID, o Governo apoiou j\u00e1 &#8220;<em>cerca de 400 clubes e associa\u00e7\u00f5es, num investimento de cerca de 7 milh\u00f5es de euros na reabilita\u00e7\u00e3o de infraestruturas desportivas, os quais correspondem a um investimento global de cerca de 20 milh\u00f5es de euros.<\/em><br \/>\n<em>O PNDpT apoiou 1 341 projectos, tendo o investimento atingido mais de 18 milh\u00f5es de euros. Este ano o programa contemplar\u00e1 o apoio de 1 milh\u00e3o de euros<\/em>&#8220;.<\/p>\n<p>Todas as informa\u00e7\u00f5es sobre os programas e as formas de candidatura s\u00e3o disponibilizadas no Portal do Instituto Portugu\u00eas do Desporto e Juventude: <a href=\"https:\/\/ipdj.gov.pt\">https:\/\/ipdj.gov.pt<\/a><\/p>\n<p>As candidaturas podem ser efectuadas em <a href=\"https:\/\/siec.ipdj.gov.pt\/\">https:\/\/siec.ipdj.gov.pt\/<\/a><\/p>\n<p>Ver v\u00eddeo sobre o PRID <a href=\"https:\/\/youtu.be\/xJ9M3Go-dN4\">aqui<\/a><\/p>\n","protected":false},"excerpt":{"rendered":"<p>No \u00e2mbito do programa do Governo, o Secret\u00e1rio de Estado da Juventude e do Desporto, Jo\u00e3o Paulo Rebelo, atrav\u00e9s do Instituto Portugu\u00eas do Desporto e Juventude (IPDJ), vai financiar clubes [&hellip;]<\/p>\n","protected":false},"author":2,"featured_media":3084,"comment_status":"open","ping_status":"open","sticky":false,"template":"","format":"standard","meta":{"_monsterinsights_skip_tracking":false,"_monsterinsights_sitenote_active":false,"_monsterinsights_sitenote_note":"","_monsterinsights_sitenote_category":0,"footnotes":""},"categories":[15,8],"tags":[],"class_list":{"0":"post-3083","1":"post","2":"type-post","3":"status-publish","4":"format-standard","5":"has-post-thumbnail","7":"category-diversos","8":"category-voleibol","9":"czr-hentry"},"aioseo_notices":[],"_links":{"self":[{"href":"https:\/\/fpvoleibol.pt\/fpv\/wp-json\/wp\/v2\/posts\/3083","targetHints":{"allow":["GET"]}}],"collection":[{"href":"https:\/\/fpvoleibol.pt\/fpv\/wp-json\/wp\/v2\/posts"}],"about":[{"href":"https:\/\/fpvoleibol.pt\/fpv\/wp-json\/wp\/v2\/types\/post"}],"author":[{"embeddable":true,"href":"https:\/\/fpvoleibol.pt\/fpv\/wp-json\/wp\/v2\/users\/2"}],"replies":[{"embeddable":true,"href":"https:\/\/fpvoleibol.pt\/fpv\/wp-json\/wp\/v2\/comments?post=3083"}],"version-history":[{"count":10,"href":"https:\/\/fpvoleibol.pt\/fpv\/wp-json\/wp\/v2\/posts\/3083\/revisions"}],"predecessor-version":[{"id":3095,"href":"https:\/\/fpvoleibol.pt\/fpv\/wp-json\/wp\/v2\/posts\/3083\/revisions\/3095"}],"wp:featuredmedia":[{"embeddable":true,"href":"https:\/\/fpvoleibol.pt\/fpv\/wp-json\/wp\/v2\/media\/3084"}],"wp:attachment":[{"href":"https:\/\/fpvoleibol.pt\/fpv\/wp-json\/wp\/v2\/media?parent=3083"}],"wp:term":[{"taxonomy":"category","embeddable":true,"href":"https:\/\/fpvoleibol.pt\/fpv\/wp-json\/wp\/v2\/categories?post=3083"},{"taxonomy":"post_tag","embeddable":true,"href":"https:\/\/fpvoleibol.pt\/fpv\/wp-json\/wp\/v2\/tags?post=3083"}],"curies":[{"name":"wp","href":"https:\/\/api.w.org\/{rel}","templated":true}]}}