{"id":30784,"date":"2024-02-21T18:25:37","date_gmt":"2024-02-21T18:25:37","guid":{"rendered":"https:\/\/fpvoleibol.pt\/fpv\/?p=30784"},"modified":"2024-02-21T17:46:07","modified_gmt":"2024-02-21T17:46:07","slug":"liga-solverde-pt-9","status":"publish","type":"post","link":"https:\/\/fpvoleibol.pt\/fpv\/2024\/02\/21\/liga-solverde-pt-9\/","title":{"rendered":"LIGA SOLVERDE.pt"},"content":{"rendered":"<p><img loading=\"lazy\" decoding=\"async\" class=\"size-full wp-image-28511 aligncenter\" src=\"https:\/\/fpvoleibol.pt\/fpv\/wp-content\/uploads\/2023\/10\/website_ligasolverde2_d.jpg\" alt=\"\" width=\"960\" height=\"542\" srcset=\"https:\/\/fpvoleibol.pt\/fpv\/wp-content\/uploads\/2023\/10\/website_ligasolverde2_d.jpg 960w, https:\/\/fpvoleibol.pt\/fpv\/wp-content\/uploads\/2023\/10\/website_ligasolverde2_d-300x169.jpg 300w, https:\/\/fpvoleibol.pt\/fpv\/wp-content\/uploads\/2023\/10\/website_ligasolverde2_d-768x434.jpg 768w, https:\/\/fpvoleibol.pt\/fpv\/wp-content\/uploads\/2023\/10\/website_ligasolverde2_d-528x297.jpg 528w\" sizes=\"auto, (max-width: 960px) 100vw, 960px\" \/>Na 10.\u00aa jornada da S\u00e9rie A da <strong>2.\u00aa Fase da <\/strong><a href=\"https:\/\/fpv-web.dataproject.com\/CompetitionHome.aspx?ID=89\"><strong>Liga Solverde.pt<\/strong><\/a>, e relativamente \u00e0<em> luta<\/em> por um lugar na <em>Elite do Voleibol<\/em>, o destaque vai para os jogos Vit\u00f3ria SC (5.\u00ba) x FC Porto (1.\u00ba) e PV 2014\/Col\u00e9gio Efanor (2.\u00ba) x Leix\u00f5es SC (7.\u00ba), com este \u00faltimo a poder ser seguido em directo atrav\u00e9s da <a href=\"https:\/\/www.youtube.com\/watch?v=489vU0Bliho\">Volei TV<\/a> e d&#8217; <a href=\"https:\/\/www.abola.pt\/a-bola-tv\">A Bola TV<\/a>.<\/p>\n<p style=\"text-align: center;\"><span style=\"background-color: #000000; color: #ffffff;\">10.\u00aa Jornada &#8211; S\u00e9rie A*<\/span><\/p>\n<p><span style=\"text-decoration: underline;\"><strong>25.02.2024<\/strong><\/span><br \/>\n<strong>15h00<\/strong> \u2013 Sporting CP x CD Fi\u00e3es, no Pav. Jo\u00e3o Rocha<br \/>\n<strong>16h00<\/strong> \u2013 Vit\u00f3ria SC x FC Porto, no Pav. Desp. Unidade Vimaranense<br \/>\n<strong>16h00<\/strong> \u2013 PV 2014\/Col\u00e9gio Efanor x Leix\u00f5es SC, no Pav. Col\u00e9gio Efanor \u2013 em directo na <a href=\"https:\/\/www.youtube.com\/watch?v=489vU0Bliho\">Volei TV<\/a> e <a href=\"https:\/\/www.abola.pt\/a-bola-tv\">A Bola TV<\/a><br \/>\n<strong>17h30<\/strong> \u2013 SL Benfica x SC Braga, no Pav. N.\u00ba 2 do Est\u00e1dio da Luz<\/p>\n<p style=\"text-align: center;\"><span style=\"background-color: #000000; color: #ffffff;\"><img loading=\"lazy\" decoding=\"async\" class=\"size-full wp-image-30765 aligncenter\" src=\"https:\/\/fpvoleibol.pt\/fpv\/wp-content\/uploads\/2024\/02\/10JornadaEFAxLSC.jpg\" alt=\"\" width=\"960\" height=\"540\" srcset=\"https:\/\/fpvoleibol.pt\/fpv\/wp-content\/uploads\/2024\/02\/10JornadaEFAxLSC.jpg 960w, https:\/\/fpvoleibol.pt\/fpv\/wp-content\/uploads\/2024\/02\/10JornadaEFAxLSC-300x169.jpg 300w, https:\/\/fpvoleibol.pt\/fpv\/wp-content\/uploads\/2024\/02\/10JornadaEFAxLSC-768x432.jpg 768w, https:\/\/fpvoleibol.pt\/fpv\/wp-content\/uploads\/2024\/02\/10JornadaEFAxLSC-528x297.jpg 528w\" sizes=\"auto, (max-width: 960px) 100vw, 960px\" \/>7.\u00aa Jornada &#8211; S\u00e9rie A2*<\/span><\/p>\n<p><span style=\"text-decoration: underline;\"><strong>24.02.2024<\/strong><\/span><br \/>\n<strong>18h00 locais<\/strong> \u2013 Clube Kair\u00f3s x SC Espinho, no Pavilh\u00e3o da Kair\u00f3s<br \/>\n<span style=\"text-decoration: underline;\"><strong>25.02.2024<\/strong><\/span><br \/>\n<strong>15h00<\/strong> \u2013 GC Vilacondense x Esmoriz GC, no Pav. Desportivo de V. Conde<br \/>\n<strong>15h00<\/strong> \u2013 Cast\u00ealo da Maia GC x CS Madeira, no Pav. Cast\u00ealo da Maia GC<\/p>\n<p style=\"text-align: center;\">Calend\u00e1rio*, resultados, estat\u00edstica e <em>live streaming<\/em> em <a href=\"https:\/\/fpv-web.dataproject.com\/MainHome.aspx?\">https:\/\/fpv-web.dataproject.com\/MainHome.aspx?<\/a><br \/>\nEquipas de arbitragem em <a href=\"https:\/\/fpvoleibol.pt\/fpv\/arbitragem\/nomeacoes\/\">https:\/\/fpvoleibol.pt\/fpv\/arbitragem\/nomeacoes\/<\/a> **<br \/>\nVer classifica\u00e7\u00f5es em <a href=\"https:\/\/portugalvoleibol.com\/classificacao\/\">https:\/\/portugalvoleibol.com\/classificacao\/<\/a><\/p>\n<p style=\"text-align: center;\"><span style=\"text-decoration: underline;\"><strong>Ver plant\u00e9is das equipas <a href=\"https:\/\/fpv-web.dataproject.com\/CompetitionTeamSearch.aspx?ID=89\">aqui<\/a> e\u00a0<\/strong><\/span><a href=\"https:\/\/www.fpvoleibol.pt\/regulamentos\/reg_esc_seniores_.pdf?_ga=2.52919277.473673965.1696327188-280144827.1696327188\">Modo de disputa 2023\/2024<\/a><br \/>\n<span style=\"font-size: 8pt;\"><strong>* As horas e datas poder\u00e3o sofrer eventuais altera\u00e7\u00f5es \/ <\/strong><\/span><span style=\"font-size: 8pt;\"><strong>** Actualizado \u00e0s quintas-feiras<\/strong><\/span><\/p>\n","protected":false},"excerpt":{"rendered":"<p>Na 10.\u00aa jornada da S\u00e9rie A da 2.\u00aa Fase da Liga Solverde.pt, e relativamente \u00e0 luta por um lugar na Elite do Voleibol, o destaque vai para os jogos Vit\u00f3ria [&hellip;]<\/p>\n","protected":false},"author":2,"featured_media":28213,"comment_status":"open","ping_status":"open","sticky":false,"template":"","format":"standard","meta":{"_monsterinsights_skip_tracking":false,"_monsterinsights_sitenote_active":false,"_monsterinsights_sitenote_note":"","_monsterinsights_sitenote_category":0,"footnotes":""},"categories":[13,8],"tags":[103,113],"class_list":{"0":"post-30784","1":"post","2":"type-post","3":"status-publish","4":"format-standard","5":"has-post-thumbnail","7":"category-arbitragem","8":"category-voleibol","9":"tag-epoca-2023-2024","10":"tag-liga-solverde-pt","11":"czr-hentry"},"aioseo_notices":[],"_links":{"self":[{"href":"https:\/\/fpvoleibol.pt\/fpv\/wp-json\/wp\/v2\/posts\/30784","targetHints":{"allow":["GET"]}}],"collection":[{"href":"https:\/\/fpvoleibol.pt\/fpv\/wp-json\/wp\/v2\/posts"}],"about":[{"href":"https:\/\/fpvoleibol.pt\/fpv\/wp-json\/wp\/v2\/types\/post"}],"author":[{"embeddable":true,"href":"https:\/\/fpvoleibol.pt\/fpv\/wp-json\/wp\/v2\/users\/2"}],"replies":[{"embeddable":true,"href":"https:\/\/fpvoleibol.pt\/fpv\/wp-json\/wp\/v2\/comments?post=30784"}],"version-history":[{"count":2,"href":"https:\/\/fpvoleibol.pt\/fpv\/wp-json\/wp\/v2\/posts\/30784\/revisions"}],"predecessor-version":[{"id":30820,"href":"https:\/\/fpvoleibol.pt\/fpv\/wp-json\/wp\/v2\/posts\/30784\/revisions\/30820"}],"wp:featuredmedia":[{"embeddable":true,"href":"https:\/\/fpvoleibol.pt\/fpv\/wp-json\/wp\/v2\/media\/28213"}],"wp:attachment":[{"href":"https:\/\/fpvoleibol.pt\/fpv\/wp-json\/wp\/v2\/media?parent=30784"}],"wp:term":[{"taxonomy":"category","embeddable":true,"href":"https:\/\/fpvoleibol.pt\/fpv\/wp-json\/wp\/v2\/categories?post=30784"},{"taxonomy":"post_tag","embeddable":true,"href":"https:\/\/fpvoleibol.pt\/fpv\/wp-json\/wp\/v2\/tags?post=30784"}],"curies":[{"name":"wp","href":"https:\/\/api.w.org\/{rel}","templated":true}]}}