{"id":30608,"date":"2024-02-08T16:46:50","date_gmt":"2024-02-08T16:46:50","guid":{"rendered":"https:\/\/fpvoleibol.pt\/fpv\/?p=30608"},"modified":"2024-03-01T17:13:54","modified_gmt":"2024-03-01T17:13:54","slug":"bem-representados-em-paris-2024","status":"publish","type":"post","link":"https:\/\/fpvoleibol.pt\/fpv\/2024\/02\/08\/bem-representados-em-paris-2024\/","title":{"rendered":"BEM REPRESENTADOS EM PARIS 2024"},"content":{"rendered":"<p><img loading=\"lazy\" decoding=\"async\" class=\"size-full wp-image-19604 aligncenter\" src=\"https:\/\/fpvoleibol.pt\/fpv\/wp-content\/uploads\/2022\/09\/VA_38CONGRESSO_fivb_d.jpg\" alt=\"\" width=\"960\" height=\"570\" srcset=\"https:\/\/fpvoleibol.pt\/fpv\/wp-content\/uploads\/2022\/09\/VA_38CONGRESSO_fivb_d.jpg 960w, https:\/\/fpvoleibol.pt\/fpv\/wp-content\/uploads\/2022\/09\/VA_38CONGRESSO_fivb_d-300x178.jpg 300w, https:\/\/fpvoleibol.pt\/fpv\/wp-content\/uploads\/2022\/09\/VA_38CONGRESSO_fivb_d-768x456.jpg 768w\" sizes=\"auto, (max-width: 960px) 100vw, 960px\" \/>Portugal vai voltar a estar representado ao mais alto n\u00edvel em mais uma edi\u00e7\u00e3o dos Jogos Ol\u00edmpicos \u2013 Paris\u00a0 de 2024 \u2013, que se ir\u00e3o realizar de 26 de Julho a 11 de Agosto em Paris, a ic\u00f3nica capital francesa<\/p>\n<p><strong>Vicente Ara\u00fajo<\/strong>, Presidente da Federa\u00e7\u00e3o Portuguesa de Voleibol (FPV) e Presidente da Comiss\u00e3o de Voleibol de Praia da Federa\u00e7\u00e3o Internacional de Voleibol (FIVB), <strong>Jos\u00e9 Casanova<\/strong>, Secret\u00e1rio da Comiss\u00e3o das Regras de Jogo e Arbitragem da FIVB, e <strong>Rui Carvalho<\/strong>, \u00e1rbitro internacional, s\u00e3o os portugueses que desempenhar\u00e3o fun\u00e7\u00f5es de destaque no t\u00e3o aguardado Paris 2024.<\/p>\n<p>Tal como nas edi\u00e7\u00f5es de Londres 2012, Rio 2016 e T\u00f3quio 2020, <strong>Vicente Ara\u00fajo<\/strong> ser\u00e1 o respons\u00e1vel pelo Torneio de Voleibol de Praia ao exercer as fun\u00e7\u00f5es de Delegado T\u00e9cnico para o Voleibol de Praia designado pela Federa\u00e7\u00e3o Internacional de Voleibol. Uma situa\u00e7\u00e3o <em>tradicional<\/em> no curr\u00edculo do dirigente, Membro do Comit\u00e9 de Controlo FIVB nos Jogos Ol\u00edmpicos de Atlanta 1996, Sydney 2000, Atenas 2004, Pequim 2008 e Londres 2012, entre v\u00e1rias outras competi\u00e7\u00f5es.<\/p>\n<p style=\"text-align: left;\"><span style=\"font-size: 8pt;\"><strong><a href=\"https:\/\/funchalnoticias.net\"><img loading=\"lazy\" decoding=\"async\" class=\"size-full wp-image-30613 aligncenter\" src=\"https:\/\/fpvoleibol.pt\/fpv\/wp-content\/uploads\/2024\/02\/jose_casanova_funchal.jpg\" alt=\"\" width=\"960\" height=\"635\" srcset=\"https:\/\/fpvoleibol.pt\/fpv\/wp-content\/uploads\/2024\/02\/jose_casanova_funchal.jpg 960w, https:\/\/fpvoleibol.pt\/fpv\/wp-content\/uploads\/2024\/02\/jose_casanova_funchal-300x198.jpg 300w, https:\/\/fpvoleibol.pt\/fpv\/wp-content\/uploads\/2024\/02\/jose_casanova_funchal-768x508.jpg 768w\" sizes=\"auto, (max-width: 960px) 100vw, 960px\" \/><\/a><\/strong><\/span><strong>Jos\u00e9 Casanova<\/strong>, que ser\u00e1 o respons\u00e1vel m\u00e1ximo pela arbitragem nos Jogos de Paris na qualidade de Membro do Comit\u00e9 de Controlo da competi\u00e7\u00e3o de Voleibol de Praia, esteve presente em <a href=\"https:\/\/fpvoleibol.pt\/fpv\/wp-content\/uploads\/2024\/02\/Curriculum_Vitae_Jose_Casanova_Fev2024.pdf\">nove competi\u00e7\u00f5es ol\u00edmpicas<\/a>: sete edi\u00e7\u00f5es dos Jogos Ol\u00edmpicos de Ver\u00e3o e mais duas edi\u00e7\u00f5es dos Jogos Ol\u00edmpicos da Juventude.<\/p>\n<p>&#8220;<em>A nomea\u00e7\u00e3o, n\u00e3o surpreendendo face \u00e0 fun\u00e7\u00e3o que exer\u00e7o na arbitragem do Voleibol de Praia na FIVB, \u00e9, no entanto, sempre muito gratificante a confirma\u00e7\u00e3o da confian\u00e7a depositada na minha pessoa e no trabalho por mim desenvolvido, por parte de quem dirige os destinos do Voleibol mundial<\/em>&#8220;, salienta, reconhecendo:<br \/>\n&#8220;<em>Fico obviamente orgulhoso, por aquilo que penso ser bastante prestigiante para o desporto portugu\u00eas em geral e para o Voleibol nacional em particular, e que \u00e9 o facto de ter um dirigente da arbitragem nomeado pela nona vez para edi\u00e7\u00f5es dos Jogos Ol\u00edmpicos, e um \u00e1rbitro internacional [Rui Carvalho] ap\u00f3s ter sido nomeado para Londres, onde apitou a Final Masculina, e para T\u00f3quio, ser agora nomeado pela terceira vez.\u00a0<\/em><br \/>\n<em>Penso que funcionar\u00e1 como motiva\u00e7\u00e3o para todos os que no dia a dia das suas carreiras de arbitragem trabalham com empenho e compet\u00eancia, sabendo que dessa forma podem sonhar em um dia tamb\u00e9m eles atingirem tais n\u00edveis de desempenho e reconhecimento internacional.<br \/>\n<\/em><em>O Voleibol de Praia \u00e9 sem d\u00favida um grande fen\u00f3meno a n\u00edvel ol\u00edmpico. Tem tido as melhores bilheteiras desde que foi integrado como modalidade ol\u00edmpica, e junto com o Voleibol, os melhores shares de TV, e para mim \u00e9 claro que j\u00e1 conquistou o seu espa\u00e7o. \u00c9 sem d\u00favida uma \u00abmarca\u00bb, como se diz hoje em dia<\/em>&#8220;.<\/p>\n<p><img loading=\"lazy\" decoding=\"async\" class=\"size-full wp-image-30610 aligncenter\" src=\"https:\/\/fpvoleibol.pt\/fpv\/wp-content\/uploads\/2024\/02\/ruicarvalho_fivb_dd.jpg\" alt=\"\" width=\"960\" height=\"573\" srcset=\"https:\/\/fpvoleibol.pt\/fpv\/wp-content\/uploads\/2024\/02\/ruicarvalho_fivb_dd.jpg 960w, https:\/\/fpvoleibol.pt\/fpv\/wp-content\/uploads\/2024\/02\/ruicarvalho_fivb_dd-300x179.jpg 300w, https:\/\/fpvoleibol.pt\/fpv\/wp-content\/uploads\/2024\/02\/ruicarvalho_fivb_dd-768x458.jpg 768w\" sizes=\"auto, (max-width: 960px) 100vw, 960px\" \/><strong>Rui Carvalho<\/strong> vai integrar o quadro de \u00e1rbitros de Voleibol de Praia dos Jogos Ol\u00edmpicos 2024, nomea\u00e7\u00e3o que foi acolhida com \u201c<em>uma grande alegria<\/em>\u201d e o fez sentir-se \u201c<em>muito orgulhoso<\/em>\u201c.<br \/>\nO \u00e1rbitro lusitano, que j\u00e1 dirigiu uma final do torneio ol\u00edmpico, em\u00a0<em><a href=\"https:\/\/www.fpvoleibol.pt\/noticias\/2012\/20120810-297.html?_ga=2.171237024.1292916403.1661076800-678894450.1661076800\">Londres 2012<\/a><\/em> \u2013 a primeira edi\u00e7\u00e3o ol\u00edmpica em que participou \u2013, esteve igualmente presente no jogo de atribui\u00e7\u00e3o do 3.\u00ba e 4.\u00ba lugar dos <a href=\"https:\/\/en.volleyballworld.com\/beachvolleyball\/competitions\/olympics-2020\/schedule\/325590\/#matchsummary\">Jogos Ol\u00edmpicos de T\u00f3quio 2020<\/a>, e em 2023 arbitrou a final de masculinos do Beach Pro Tour, em Doha, no Catar. Ver not\u00edcia <a href=\"https:\/\/fpvoleibol.pt\/fpv\/2024\/02\/06\/arbitro-portugues-em-paris-2024\/\">AQUI<\/a><\/p>\n<p>A estes nomes sonantes do Voleibol poder\u00e3o juntar-se outros dois, j\u00e1 que a jovem dupla formada por Jo\u00e3o Pedrosa e Hugo Campos \u2013 recebeu hoje uma <a href=\"https:\/\/comiteolimpicoportugal.pt\/noticias\/detalhe-da-noticia\/?id=NEW-a22c58f2-8c99-4dfb-8489-ed13b6b1a615\">bolsa atribu\u00edda a atletas integrados nos Projectos de Prepara\u00e7\u00e3o Ol\u00edmpica e Esperan\u00e7as Ol\u00edmpicas<\/a>\u00a0\u2013 luta ainda pela qualifica\u00e7\u00e3o para os Jogos Ol\u00edmpicos.<\/p>\n<p><img loading=\"lazy\" decoding=\"async\" class=\"size-full wp-image-28634 aligncenter\" src=\"https:\/\/fpvoleibol.pt\/fpv\/wp-content\/uploads\/2023\/10\/campos_pedrosa_edm_d2.jpg\" alt=\"\" width=\"960\" height=\"570\" srcset=\"https:\/\/fpvoleibol.pt\/fpv\/wp-content\/uploads\/2023\/10\/campos_pedrosa_edm_d2.jpg 960w, https:\/\/fpvoleibol.pt\/fpv\/wp-content\/uploads\/2023\/10\/campos_pedrosa_edm_d2-300x178.jpg 300w, https:\/\/fpvoleibol.pt\/fpv\/wp-content\/uploads\/2023\/10\/campos_pedrosa_edm_d2-768x456.jpg 768w\" sizes=\"auto, (max-width: 960px) 100vw, 960px\" \/>O caminho da dupla lusa, que almeja uma presen\u00e7a nos Jogos Ol\u00edmpicos de Paris 2024, tem sido recheado de bons resultados no ano em curso: a medalha de bronze alcan\u00e7ada nos\u00a0<a href=\"https:\/\/heraklion23.gr\/\">Jogos do Mediterr\u00e2neo<\/a>\u00a0pelos bicampe\u00f5es nacionais juntou-se \u00e0 medalha de ouro conquistada no Beach Pro Tour Challenge de Edmonton (Canad\u00e1), etapa do Circuito Mundial de 2023, naquela que foi a primeira vez que a dupla portuguesa subiu ao lugar mais alto do p\u00f3dio numa etapa Challenge do Beach Pro Tour.<br \/>\nUm marco no percurso dos bicampe\u00f5es nacionais em t\u00edtulo e campe\u00f5es universit\u00e1rios na caminhada que encetaram h\u00e1 poucos anos ao optarem pela pr\u00e1tica do Voleibol de Praia ao longo de todo o ano, no que s\u00e3o apoiados pela Federa\u00e7\u00e3o Portuguesa de Voleibol.<\/p>\n<p>Entre 22 e 26 de Maio de 2024, o\u00a0<a href=\"https:\/\/pt.volleyballworld.com\/beachvolleyball\/competitions\/beach-pro-tour\/2024\/#Elite\">Beach Pro Tour Elite16<\/a> de Portugal vai trazer ao nosso Pa\u00eds as melhores duplas mundiais de femininos e de masculinos de Voleibol de Praia, sendo em termos\u00a0 cronol\u00f3gicos a quarta etapa mais importante do <a href=\"https:\/\/pt.volleyballworld.com\/beachvolleyball\/competitions\/beach-pro-tour\/2024\/#Elite\">Calend\u00e1rio do Circuito Mundial de Voleibol de Praia 2024<\/a>&#8230; ano ol\u00edmpico.<\/p>\n<p class=\"auto-style1\" style=\"text-align: center;\">Informa\u00e7\u00f5es adicionais:\u00a0<a href=\"http:\/\/www.cev.eu\/\" target=\"_blank\" rel=\"noopener noreferrer\">www.cev.eu<\/a>\u00a0\/\u00a0<a href=\"http:\/\/www.fivb.com\/\" target=\"_blank\" rel=\"noopener noreferrer\">www.fivb.com<\/a><\/p>\n<p style=\"text-align: center;\"><span style=\"text-decoration: underline;\"><strong>\u00c1rbitros portugueses de Voleibol de Praia em ac\u00e7\u00e3o<\/strong><\/span><\/p>\n<p><strong>Rui Carvalho<br \/>\n<\/strong>Beach Pro Tour Challenge do Recife, no Brasil, de 20 a 24 de Mar\u00e7o.<br \/>\nBeach Pro Tour Challenge de Saquarema, no Brasil, de 27 a 31 de Mar\u00e7o.<br \/>\nBeach Pro Tour Elite16 de Espinho, em 22 a 26 de Maio.<br \/>\nBeach Pro Tour Elite16 de Ostrava, na Ch\u00e9quia, de 4 a 9 de Junho.<br \/>\nJogos Ol\u00edmpicos 2024, em Paris (Fran\u00e7a), de 27 de Julho a 10 de Agosto.<\/p>\n<p><strong>Sandra Deveza<br \/>\n<\/strong>Beach Pro Tour Elite16 de Espinho, de 22 a 26 de Maio.<\/p>\n","protected":false},"excerpt":{"rendered":"<p>Portugal vai voltar a estar representado ao mais alto n\u00edvel em mais uma edi\u00e7\u00e3o dos Jogos Ol\u00edmpicos \u2013 Paris\u00a0 de 2024 \u2013, que se ir\u00e3o realizar de 26 de Julho [&hellip;]<\/p>\n","protected":false},"author":2,"featured_media":30612,"comment_status":"open","ping_status":"open","sticky":false,"template":"","format":"standard","meta":{"_monsterinsights_skip_tracking":false,"_monsterinsights_sitenote_active":false,"_monsterinsights_sitenote_note":"","_monsterinsights_sitenote_category":0,"footnotes":""},"categories":[20,15,9],"tags":[103,45],"class_list":{"0":"post-30608","1":"post","2":"type-post","3":"status-publish","4":"format-standard","5":"has-post-thumbnail","7":"category-destaque","8":"category-diversos","9":"category-voleibol-de-praia","10":"tag-epoca-2023-2024","11":"tag-jogos-olimpicos","12":"czr-hentry"},"aioseo_notices":[],"_links":{"self":[{"href":"https:\/\/fpvoleibol.pt\/fpv\/wp-json\/wp\/v2\/posts\/30608","targetHints":{"allow":["GET"]}}],"collection":[{"href":"https:\/\/fpvoleibol.pt\/fpv\/wp-json\/wp\/v2\/posts"}],"about":[{"href":"https:\/\/fpvoleibol.pt\/fpv\/wp-json\/wp\/v2\/types\/post"}],"author":[{"embeddable":true,"href":"https:\/\/fpvoleibol.pt\/fpv\/wp-json\/wp\/v2\/users\/2"}],"replies":[{"embeddable":true,"href":"https:\/\/fpvoleibol.pt\/fpv\/wp-json\/wp\/v2\/comments?post=30608"}],"version-history":[{"count":15,"href":"https:\/\/fpvoleibol.pt\/fpv\/wp-json\/wp\/v2\/posts\/30608\/revisions"}],"predecessor-version":[{"id":31009,"href":"https:\/\/fpvoleibol.pt\/fpv\/wp-json\/wp\/v2\/posts\/30608\/revisions\/31009"}],"wp:featuredmedia":[{"embeddable":true,"href":"https:\/\/fpvoleibol.pt\/fpv\/wp-json\/wp\/v2\/media\/30612"}],"wp:attachment":[{"href":"https:\/\/fpvoleibol.pt\/fpv\/wp-json\/wp\/v2\/media?parent=30608"}],"wp:term":[{"taxonomy":"category","embeddable":true,"href":"https:\/\/fpvoleibol.pt\/fpv\/wp-json\/wp\/v2\/categories?post=30608"},{"taxonomy":"post_tag","embeddable":true,"href":"https:\/\/fpvoleibol.pt\/fpv\/wp-json\/wp\/v2\/tags?post=30608"}],"curies":[{"name":"wp","href":"https:\/\/api.w.org\/{rel}","templated":true}]}}