{"id":30594,"date":"2024-02-09T07:00:03","date_gmt":"2024-02-09T07:00:03","guid":{"rendered":"https:\/\/fpvoleibol.pt\/fpv\/?p=30594"},"modified":"2024-02-07T12:27:49","modified_gmt":"2024-02-07T12:27:49","slug":"voleibol-de-parabens-2","status":"publish","type":"post","link":"https:\/\/fpvoleibol.pt\/fpv\/2024\/02\/09\/voleibol-de-parabens-2\/","title":{"rendered":"VOLEIBOL DE PARAB\u00c9NS!"},"content":{"rendered":"<p style=\"text-align: center;\"><img loading=\"lazy\" decoding=\"async\" class=\"size-full wp-image-22427 aligncenter\" src=\"https:\/\/fpvoleibol.pt\/fpv\/wp-content\/uploads\/2023\/02\/oldvolleynever_d.jpg\" alt=\"\" width=\"960\" height=\"557\" srcset=\"https:\/\/fpvoleibol.pt\/fpv\/wp-content\/uploads\/2023\/02\/oldvolleynever_d.jpg 960w, https:\/\/fpvoleibol.pt\/fpv\/wp-content\/uploads\/2023\/02\/oldvolleynever_d-300x174.jpg 300w, https:\/\/fpvoleibol.pt\/fpv\/wp-content\/uploads\/2023\/02\/oldvolleynever_d-768x446.jpg 768w\" sizes=\"auto, (max-width: 960px) 100vw, 960px\" \/>O V\ud83c\udfd0LEIB\ud83c\udfd0L faz hoje 129 anos!<\/p>\n<p>Criado pelo norte-americano <a href=\"https:\/\/en.wikipedia.org\/wiki\/William_G._Morgan\">William George Morgan<\/a> em 9 de Fevereiro de 1895, o Voleibol foi introduzido em Portugal pelas tropas norte-americanas que estiveram estacionadas nas ilhas dos A\u00e7ores durante a I Grande Guerra Mundial. [Ver <a href=\"https:\/\/fpvoleibol.pt\/fpv\/menu-voleibol\/historia-em-portugal\/\">Hist\u00f3ria do Voleibol<\/a>]<\/p>\n<p>A <strong>Federa\u00e7\u00e3o Portuguesa de Voleibol<\/strong>, actualmente com sede no Porto, <a href=\"https:\/\/fpvoleibol.pt\/fpv\/fpv\/75-anos-da-fpv\/\">nasceu no dia 7 de Abril de 1947<\/a> em Lisboa e, nesse mesmo ano, foi uma das fundadoras da <span style=\"text-decoration: underline;\">Federa\u00e7\u00e3o Internacional de Voleibol (FIVB)<\/span>.<\/p>\n<p>O primeiro Congresso Mundial da FIVB realizou-se em Paris no dia 18 de Abril de 1947 e nele participaram 14 pa\u00edses: B\u00e9lgica, Brasil, Checoslov\u00e1quia, Fran\u00e7a, Holanda, Israel, It\u00e1lia, L\u00edbano, Pol\u00f3nia, Portugal, Rom\u00e9nia, Turquia, Uruguai e Estados Unidos da Am\u00e9rica.<br \/>\nO franc\u00eas <a href=\"https:\/\/www.fivb.com\/en\/thefivb\/history\">Paul Libaud<\/a> foi eleito o primeiro Presidente. O brasileiro <a href=\"https:\/\/www.fivb.com\/en\/about\/news\/dr-ary-s-gra%C3%A7a-f%C2%B0-the-stage?id=96772\">Ary Gra\u00e7a<\/a> \u00e9 o actual Presidente da FIVB.<br \/>\nO facto de a modalidade ter crescido exponencialmente ao longo dos anos ficou bem patente no 29.\u00ba Congresso Mundial organizado em Portugal e que acolheu Timor-Leste na grande fam\u00edlia do Voleibol. Volvidos 57 anos da realiza\u00e7\u00e3o do primeiro congresso, estiveram presentes no Porto representantes das ent\u00e3o 218 federa\u00e7\u00f5es filiadas na FIVB.<\/p>\n<p><img loading=\"lazy\" decoding=\"async\" class=\"size-full wp-image-30513 aligncenter\" src=\"https:\/\/fpvoleibol.pt\/fpv\/wp-content\/uploads\/2024\/02\/29congresso_jorge_sampaio2.jpg\" alt=\"\" width=\"960\" height=\"642\" srcset=\"https:\/\/fpvoleibol.pt\/fpv\/wp-content\/uploads\/2024\/02\/29congresso_jorge_sampaio2.jpg 960w, https:\/\/fpvoleibol.pt\/fpv\/wp-content\/uploads\/2024\/02\/29congresso_jorge_sampaio2-300x201.jpg 300w, https:\/\/fpvoleibol.pt\/fpv\/wp-content\/uploads\/2024\/02\/29congresso_jorge_sampaio2-768x514.jpg 768w\" sizes=\"auto, (max-width: 960px) 100vw, 960px\" \/><\/p>\n<p style=\"text-align: center;\"><span style=\"font-size: 8pt;\"><strong>Jorge Sampaio <em>abriu<\/em> o 29.\u00ba Congresso Mundial de Voleibol, realizado no Porto, em 2004<\/strong><\/span><\/p>\n<p>E Portugal vai voltar a receber, de 15 a 17 de Novembro do ano corrente, o (<strong>39.\u00ba) Congresso Mundial da FIVB<\/strong>.<\/p>\n<p>Naquela que \u00e9 a mais importante reuni\u00e3o da elite do dirigismo mundial de Voleibol s\u00e3o esperados mais de duas centenas de participantes, oriundos dos quatro cantos do mundo e em representa\u00e7\u00e3o das 222 federa\u00e7\u00f5es filiadas na FIVB, que escolher\u00e3o o sucessor do brasileiro Ary Gra\u00e7a na Presid\u00eancia do organismo que rege o Voleibol a n\u00edvel mundial.<br \/>\nA n\u00edvel organizativo e n\u00e3o s\u00f3, voltar\u00e1 a ser um momento alto para o nosso Pa\u00eds, depois do sucesso do 29.\u00ba Congresso, realizado em 2004 no Porto, ter sido considerado \u201c<em>um dos mais importantes de sempre<\/em>\u201d pelos respons\u00e1veis da FIVB e ter contado com a presen\u00e7a do ent\u00e3o Presidente da Rep\u00fablica, Jorge Sampaio, e do, na altura, Presidente do Comit\u00e9 Ol\u00edmpico de Portugal (COP), Comandante Vicente de Moura, bem como outras altas individualidades.<\/p>\n<p>O 29.\u00ba Congresso Mundial fez convergir para o Porto as aten\u00e7\u00f5es de dirigentes e Imprensa de todo o mundo, tendo ficado marcado pela filia\u00e7\u00e3o de Timor-Leste como a 218.\u00aa federa\u00e7\u00e3o nacional na FIVB e pelo facto de o portugu\u00eas se ter tornado l\u00edngua oficial da FIVB.<\/p>\n<p>Em 2024, ano em que se comemora o 129.\u00ba anivers\u00e1rio do Voleibol, a FIVB, com sede na Su\u00ed\u00e7a desde 1984, tem filiadas 5 Confedera\u00e7\u00f5es Continentais \u2013 \u00c1frica, \u00c1sia, Europa, NORCECA (Am\u00e9rica do Norte e Centro e Cara\u00edbas) e Am\u00e9rica do Sul \u2013 que, no total, compreendem <a href=\"https:\/\/www.fivb.com\/en\/thefivb\/structure\">222 federa\u00e7\u00f5es nacionais<\/a>.<\/p>\n<p style=\"text-align: center;\">Informa\u00e7\u00f5es adicionais: <a href=\"https:\/\/fpvoleibol.pt\/fpv\/\">www.fpvoleibol.pt<\/a> \/ <a href=\"http:\/\/www.fivb.com\">www.fivb.com<\/a>\u00a0\/<a href=\"http:\/\/www.cev.eu\"> www.cev.eu<\/a> \/ <a href=\"http:\/\/www.facebook.com\/fpvoleibol\">www.facebook.com\/fpvoleibol<\/a><\/p>\n","protected":false},"excerpt":{"rendered":"<p>O V\ud83c\udfd0LEIB\ud83c\udfd0L faz hoje 129 anos! Criado pelo norte-americano William George Morgan em 9 de Fevereiro de 1895, o Voleibol foi introduzido em Portugal pelas tropas norte-americanas que estiveram estacionadas [&hellip;]<\/p>\n","protected":false},"author":2,"featured_media":22429,"comment_status":"open","ping_status":"open","sticky":false,"template":"","format":"standard","meta":{"_monsterinsights_skip_tracking":false,"_monsterinsights_sitenote_active":false,"_monsterinsights_sitenote_note":"","_monsterinsights_sitenote_category":0,"footnotes":""},"categories":[13,20,15,12,14,8,9],"tags":[103],"class_list":{"0":"post-30594","1":"post","2":"type-post","3":"status-publish","4":"format-standard","5":"has-post-thumbnail","7":"category-arbitragem","8":"category-destaque","9":"category-diversos","10":"category-gira-volei","11":"category-institucional","12":"category-voleibol","13":"category-voleibol-de-praia","14":"tag-epoca-2023-2024","15":"czr-hentry"},"aioseo_notices":[],"_links":{"self":[{"href":"https:\/\/fpvoleibol.pt\/fpv\/wp-json\/wp\/v2\/posts\/30594","targetHints":{"allow":["GET"]}}],"collection":[{"href":"https:\/\/fpvoleibol.pt\/fpv\/wp-json\/wp\/v2\/posts"}],"about":[{"href":"https:\/\/fpvoleibol.pt\/fpv\/wp-json\/wp\/v2\/types\/post"}],"author":[{"embeddable":true,"href":"https:\/\/fpvoleibol.pt\/fpv\/wp-json\/wp\/v2\/users\/2"}],"replies":[{"embeddable":true,"href":"https:\/\/fpvoleibol.pt\/fpv\/wp-json\/wp\/v2\/comments?post=30594"}],"version-history":[{"count":4,"href":"https:\/\/fpvoleibol.pt\/fpv\/wp-json\/wp\/v2\/posts\/30594\/revisions"}],"predecessor-version":[{"id":30598,"href":"https:\/\/fpvoleibol.pt\/fpv\/wp-json\/wp\/v2\/posts\/30594\/revisions\/30598"}],"wp:featuredmedia":[{"embeddable":true,"href":"https:\/\/fpvoleibol.pt\/fpv\/wp-json\/wp\/v2\/media\/22429"}],"wp:attachment":[{"href":"https:\/\/fpvoleibol.pt\/fpv\/wp-json\/wp\/v2\/media?parent=30594"}],"wp:term":[{"taxonomy":"category","embeddable":true,"href":"https:\/\/fpvoleibol.pt\/fpv\/wp-json\/wp\/v2\/categories?post=30594"},{"taxonomy":"post_tag","embeddable":true,"href":"https:\/\/fpvoleibol.pt\/fpv\/wp-json\/wp\/v2\/tags?post=30594"}],"curies":[{"name":"wp","href":"https:\/\/api.w.org\/{rel}","templated":true}]}}