{"id":30466,"date":"2024-02-01T10:59:41","date_gmt":"2024-02-01T10:59:41","guid":{"rendered":"https:\/\/fpvoleibol.pt\/fpv\/?p=30466"},"modified":"2024-02-01T16:09:06","modified_gmt":"2024-02-01T16:09:06","slug":"2-a-ronda-do-europeu-sub-18-na-croacia","status":"publish","type":"post","link":"https:\/\/fpvoleibol.pt\/fpv\/2024\/02\/01\/2-a-ronda-do-europeu-sub-18-na-croacia\/","title":{"rendered":"2.\u00aa RONDA DO EUROPEU SUB-18 NA CRO\u00c1CIA"},"content":{"rendered":"<p><img loading=\"lazy\" decoding=\"async\" class=\"size-full wp-image-29936 aligncenter\" src=\"https:\/\/fpvoleibol.pt\/fpv\/wp-content\/uploads\/2024\/01\/snsub18mas_wevza-itaxpor_POR_d.jpg\" alt=\"\" width=\"960\" height=\"640\" srcset=\"https:\/\/fpvoleibol.pt\/fpv\/wp-content\/uploads\/2024\/01\/snsub18mas_wevza-itaxpor_POR_d.jpg 960w, https:\/\/fpvoleibol.pt\/fpv\/wp-content\/uploads\/2024\/01\/snsub18mas_wevza-itaxpor_POR_d-300x200.jpg 300w, https:\/\/fpvoleibol.pt\/fpv\/wp-content\/uploads\/2024\/01\/snsub18mas_wevza-itaxpor_POR_d-768x512.jpg 768w\" sizes=\"auto, (max-width: 960px) 100vw, 960px\" \/>A <strong>Selec\u00e7\u00e3o Nacional de Sub-18 Masculinos,<\/strong> orientada por <strong>Diogo Rosa<\/strong>, vai defrontar as suas cong\u00e9neres da Cro\u00e1cia, B\u00e9lgica e Noruega na <a href=\"https:\/\/www.cev.eu\/national-team\/age-group-championships\/u18m-2024\/#2nd-round\"><strong>2.\u00aa Ronda de Qualifica\u00e7\u00e3o para o Campeonato da Europa 2024<\/strong><\/a>, a disputar na cidade croata de Bibinje de 12 a 14 de Abril.<\/p>\n<p>A qualifica\u00e7\u00e3o falhada por muito pouco no ano transacto \u2013 em Sub-17, no Multiusos de Paredes \u2013 est\u00e1 ainda bem presente na mem\u00f3ria do <strong>Seleccionador Nacional<\/strong> e dos seus <em>pupilos<\/em>:<br \/>\n&#8220;<em>Nesta segunda fase vamos encontrar uma selec\u00e7\u00e3o que fez uma excelente participa\u00e7\u00e3o no Europeu de Sub-17 \u2013 a B\u00e9lgica \u2013 e outras duas que n\u00e3o marcaram presen\u00e7a na fase final e certamente ir\u00e3o \u00e0 procura disso mesmo, tal como n\u00f3s.<\/em><br \/>\n<em>No ano passado foi por pouco que n\u00e3o conseguimos o apuramento e isso deixou-nos um sabor muito amargo, mas muito desejosos de carimbar a passagem em Abril.<\/em><br \/>\n<em>O nosso objectivo \u00e9 come\u00e7ar desde j\u00e1 a trabalhar diariamente para nos apresentarmos o mais competitivos poss\u00edvel nesta Pool da Cro\u00e1cia<\/em>&#8220;.<\/p>\n<p>A Fase Final do Europeu realiza-se de 10 a 21 de Julho de 2024, nas cidades b\u00falgaras de S\u00f3fia e Plovdiv.<\/p>\n<p>Apuram-se para a Fase Final 16 selec\u00e7\u00f5es: a do pa\u00eds organizador (Bulg\u00e1ria), as vencedoras das 5 pools da 1.\u00aa Ronda e as 1.\u00aas e 2.\u00aas classificadas das 5 pools da 2.\u00aa Ronda.<\/p>\n<p>Portugal integrou, de 3 a 7 de Janeiro, a Pool A da <a href=\"https:\/\/www.cev.eu\/national-team\/age-group-championships\/u18m-2024\/zonal-1st-round\/#wevza\"><strong>1.\u00aa Ronda de Qualifica\u00e7\u00e3o para o Campeonato da Europa 2024<\/strong><\/a>, que foi disputada sob a forma de torneios organizados pelas associa\u00e7\u00f5es zonais*.<br \/>\nO torneio<span style=\"font-size: 12pt;\"> da <strong>Associa\u00e7\u00e3o Zonal de Voleibol do Oeste Europeu<\/strong> (Western European Volleyball Zonal Association), mais conhecida como W<\/span>EVZA*, realizou-se na cidade alem\u00e3 de Frankfurt, tendo sido composto por dois grupos. Portugal integrou a <strong>Pool A<\/strong>, juntamente com a It\u00e1lia e a Alemanha, enquanto a <strong>Pool B<\/strong> foi formada por Espanha, Pa\u00edses Baixos, Fran\u00e7a e B\u00e9lgica.<br \/>\nOs jogos puderam ser seguidos em directo <a href=\"https:\/\/www.youtube.com\/channel\/UCjx0yBxETKKngxmkxSkO_Bg\">AQUI<\/a><br \/>\nOs dois primeiros classificados de cada pool defrontaram-se nas meias-finais \u2013 1.\u00ba da Pool A x 2.\u00ba Pool B e 1.\u00ba Pool B x 2.\u00ba da Pool A \u2013 e o vencedor do torneio (Fran\u00e7a) apurou-se directamente para o Europeu 2024.<\/p>\n<p style=\"text-align: left;\">*<span style=\"font-size: 8pt;\">Mais conhecida pela sigla WEVZA, a Western European Volleyball Zonal Association (<strong>Associa\u00e7\u00e3o Zonal de Voleibol do Oeste Europeu ) <\/strong>foi constitu\u00edda no dia 26 de Setembro de 2013, integrando oito pa\u00edses \u2013 Portugal, Espanha, Alemanha, B\u00e9lgica, It\u00e1lia, Holanda, Fran\u00e7a e Su\u00ed\u00e7a \u2013 e com o <\/span><span style=\"font-size: 8pt;\">objectivo primordial de fortalecer e fomentar a organiza\u00e7\u00e3o de actividades desportivas, tanto de Voleibol como de Voleibol de Praia, com especial \u00eanfase nas categorias de forma\u00e7\u00e3o.<br \/>\n<\/span><span style=\"font-size: 8pt;\">A Confedera\u00e7\u00e3o Europeia de Voleibol (CEV) conta com seis associa\u00e7\u00f5es zonais: a WEVZA (Europa Ocidental), a BVA (Balc\u00e3s), a EEVZA (Europa de Leste), a MEVZA (Europa Central), a NEVZA (Europa do Norte) e ainda a SCD (Divis\u00e3o dos Pequenos Pa\u00edses), da qual fazem parte Andorra, Chipre, Ilhas Faro\u00e9, Gibraltar, Gronel\u00e2ndia, Isl\u00e2ndia, Irlanda, Liechtenstein, Luxemburgo, Malta, M\u00f3naco, Irlanda do Norte, San Marino, Esc\u00f3cia e Pa\u00eds de Gales.<\/span><\/p>\n","protected":false},"excerpt":{"rendered":"<p>A Selec\u00e7\u00e3o Nacional de Sub-18 Masculinos, orientada por Diogo Rosa, vai defrontar as suas cong\u00e9neres da Cro\u00e1cia, B\u00e9lgica e Noruega na 2.\u00aa Ronda de Qualifica\u00e7\u00e3o para o Campeonato da Europa [&hellip;]<\/p>\n","protected":false},"author":2,"featured_media":29954,"comment_status":"open","ping_status":"open","sticky":false,"template":"","format":"standard","meta":{"_monsterinsights_skip_tracking":false,"_monsterinsights_sitenote_active":false,"_monsterinsights_sitenote_note":"","_monsterinsights_sitenote_category":0,"footnotes":""},"categories":[8],"tags":[103,61],"class_list":{"0":"post-30466","1":"post","2":"type-post","3":"status-publish","4":"format-standard","5":"has-post-thumbnail","7":"category-voleibol","8":"tag-epoca-2023-2024","9":"tag-sub-18","10":"czr-hentry"},"aioseo_notices":[],"_links":{"self":[{"href":"https:\/\/fpvoleibol.pt\/fpv\/wp-json\/wp\/v2\/posts\/30466","targetHints":{"allow":["GET"]}}],"collection":[{"href":"https:\/\/fpvoleibol.pt\/fpv\/wp-json\/wp\/v2\/posts"}],"about":[{"href":"https:\/\/fpvoleibol.pt\/fpv\/wp-json\/wp\/v2\/types\/post"}],"author":[{"embeddable":true,"href":"https:\/\/fpvoleibol.pt\/fpv\/wp-json\/wp\/v2\/users\/2"}],"replies":[{"embeddable":true,"href":"https:\/\/fpvoleibol.pt\/fpv\/wp-json\/wp\/v2\/comments?post=30466"}],"version-history":[{"count":9,"href":"https:\/\/fpvoleibol.pt\/fpv\/wp-json\/wp\/v2\/posts\/30466\/revisions"}],"predecessor-version":[{"id":30486,"href":"https:\/\/fpvoleibol.pt\/fpv\/wp-json\/wp\/v2\/posts\/30466\/revisions\/30486"}],"wp:featuredmedia":[{"embeddable":true,"href":"https:\/\/fpvoleibol.pt\/fpv\/wp-json\/wp\/v2\/media\/29954"}],"wp:attachment":[{"href":"https:\/\/fpvoleibol.pt\/fpv\/wp-json\/wp\/v2\/media?parent=30466"}],"wp:term":[{"taxonomy":"category","embeddable":true,"href":"https:\/\/fpvoleibol.pt\/fpv\/wp-json\/wp\/v2\/categories?post=30466"},{"taxonomy":"post_tag","embeddable":true,"href":"https:\/\/fpvoleibol.pt\/fpv\/wp-json\/wp\/v2\/tags?post=30466"}],"curies":[{"name":"wp","href":"https:\/\/api.w.org\/{rel}","templated":true}]}}