{"id":30173,"date":"2024-01-15T10:59:12","date_gmt":"2024-01-15T10:59:12","guid":{"rendered":"https:\/\/fpvoleibol.pt\/fpv\/?p=30173"},"modified":"2024-01-15T10:59:12","modified_gmt":"2024-01-15T10:59:12","slug":"campeonato-da-europa-de-sub-20-2","status":"publish","type":"post","link":"https:\/\/fpvoleibol.pt\/fpv\/2024\/01\/15\/campeonato-da-europa-de-sub-20-2\/","title":{"rendered":"CAMPEONATO DA EUROPA DE SUB-20"},"content":{"rendered":"<p><img loading=\"lazy\" decoding=\"async\" class=\"size-full wp-image-30177 aligncenter\" src=\"https:\/\/fpvoleibol.pt\/fpv\/wp-content\/uploads\/2024\/01\/sub-20mas_franca_ap_d.jpg\" alt=\"\" width=\"960\" height=\"640\" srcset=\"https:\/\/fpvoleibol.pt\/fpv\/wp-content\/uploads\/2024\/01\/sub-20mas_franca_ap_d.jpg 960w, https:\/\/fpvoleibol.pt\/fpv\/wp-content\/uploads\/2024\/01\/sub-20mas_franca_ap_d-300x200.jpg 300w, https:\/\/fpvoleibol.pt\/fpv\/wp-content\/uploads\/2024\/01\/sub-20mas_franca_ap_d-768x512.jpg 768w\" sizes=\"auto, (max-width: 960px) 100vw, 960px\" \/>A Fran\u00e7a venceu (<a href=\"https:\/\/www-old.cev.eu\/Competition-Area\/MatchStatistics.aspx?ID=72153\">3-2: 27-29, 25-15, 21-25, 25-18 e 15-13<\/a>) a It\u00e1lia na final do <a href=\"https:\/\/www.cev.eu\/national-team\/age-group-championships\/u20m-2024\/zonal-1st-round\/#wevza\">Torneio WEVZA &#8211; 1.\u00aa Ronda de Qualifica\u00e7\u00e3o para o Campeonato da Europa 2024<\/a>, disputado na cidade alem\u00e3 de Frankfurt, e apurou-se directamente para a fase final do <strong>Campeonato da Europa 2024<\/strong>, agendada para os dias 26 de Agosto a 7 de Setembro de 2024, na Gr\u00e9cia e na S\u00e9rvia.<br \/>\nA B\u00e9lgica foi 3.\u00ba classificada no Torneio WEVZA, depois de superar (<a href=\"https:\/\/www-old.cev.eu\/Competition-Area\/MatchStatistics.aspx?ID=72152\">3-0: 25-21, 25-16 e 25-15<\/a>), a Su\u00ed\u00e7a.<\/p>\n<p>A <strong>Selec\u00e7\u00e3o Nacional de Sub-20 Masculinos<\/strong>, orientada por <strong>Jo\u00e3o Jos\u00e9<\/strong>, foi 7.\u00ba classificada e vai disputar agora a 2.\u00aa Ronda de Qualifica\u00e7\u00e3o para o Europeu, agendada para 4 a 7 de Abril.<\/p>\n<p>J\u00e1 est\u00e3o apuradas para a fase final do Europeu de Sub-20 Masculinos as selec\u00e7\u00f5es vencedoras dos torneios das respectivas associa\u00e7\u00f5es zonais: Bulg\u00e1ria (BVA\/Balc\u00e3s), disputado na Rom\u00e9nia; Pol\u00f3nia (EEVZA\/Europa de Leste), realizado na Pol\u00f3nia; Eslov\u00e9nia (MEVZA\/Europa Central), acolhido pela Eslov\u00e1quia; Finl\u00e2ndia (NEVZA\/Europa do Norte), que decorreu na Finl\u00e2ndia; e Fran\u00e7a (WEVZA\/Europa Ocidental), disputado na Alemanha, enquanto o Torneio da SCA (Divis\u00e3o dos Pequenos Pa\u00edses) ter\u00e1 lugar na Irlanda, de 26 a 28 de Janeiro.<\/p>\n<p>A 1.\u00aa Ronda de Qualifica\u00e7\u00e3o para o Europeu \u00e9 realizada sob a forma de torneios organizados pelas associa\u00e7\u00f5es zonais**.<br \/>\nO torneio da Associa\u00e7\u00e3o Zonal de Voleibol do Oeste Europeu (Western European Volleyball Zonal Association), mais conhecida como WEVZA*, realizou-se de 9 a 13 de Janeiro em Frankfurt, sendo composto por dois grupos: a Pool B, composta por Portugal, It\u00e1lia, Alemanha e B\u00e9lgica, e a Pool A, formada por Espanha, Su\u00ed\u00e7a, Fran\u00e7a e Pa\u00edses Baixos.<br \/>\nOs dois primeiros classificados de cada pool defrontaram-se nas meias-finais: 1.\u00ba da Pool A x 2.\u00ba Pool B e 1.\u00ba Pool B x 2.\u00ba da Pool A. O vencedor do jogo final (Fran\u00e7a) apurou-se directamente para o Campeonato da Europa de 2024.<br \/>\nPara classifica\u00e7\u00e3o do 5.\u00ba ao 8.\u00ba lugar, defrontam-se o 3.\u00ba da Pool A e o 4.\u00ba da Pool B, bem como o 4.\u00ba da Pool A com o 3.\u00ba da Pool B.<\/p>\n<p>A Fase Final do Campeonato da Europa de Sub-20 Masculinos est\u00e1 agendada para os dias 26 de Agosto a 7 de Setembro de 2024, na Gr\u00e9cia e na S\u00e9rvia.<\/p>\n<p>Apuram-se para o Campeonato da Europa 16 selec\u00e7\u00f5es: os dois organizadores (Gr\u00e9cia e S\u00e9rvia), mais os vencedores dos seis torneios zonais da 1.\u00aa Ronda e os vencedores e os tr\u00eas segundos melhores classificados da 2.\u00aa Ronda.<\/p>\n<p><img loading=\"lazy\" decoding=\"async\" class=\"size-full wp-image-30176 aligncenter\" src=\"https:\/\/fpvoleibol.pt\/fpv\/wp-content\/uploads\/2024\/01\/sub-20mas_franca_ap_d1.jpg\" alt=\"\" width=\"640\" height=\"427\" srcset=\"https:\/\/fpvoleibol.pt\/fpv\/wp-content\/uploads\/2024\/01\/sub-20mas_franca_ap_d1.jpg 640w, https:\/\/fpvoleibol.pt\/fpv\/wp-content\/uploads\/2024\/01\/sub-20mas_franca_ap_d1-300x200.jpg 300w\" sizes=\"auto, (max-width: 640px) 100vw, 640px\" \/><\/p>\n<p style=\"text-align: center;\"><strong><span style=\"font-size: 8pt;\">O portugu\u00eas Jo\u00e3o Borba integrou a equipa de arbitragem no Torneio WEVZA<\/span><\/strong><\/p>\n<p>*<span style=\"font-size: 8pt;\">Mais conhecida pela sigla WEVZA, a Western European Volleyball Zonal Association (<strong>Associa\u00e7\u00e3o Zonal de Voleibol do Oeste Europeu ) <\/strong>foi constitu\u00edda no dia 26 de Setembro de 2013, integrando oito pa\u00edses \u2013 Portugal, Espanha, Alemanha, B\u00e9lgica, It\u00e1lia, Holanda, Fran\u00e7a e Su\u00ed\u00e7a \u2013 e com o <\/span><span style=\"font-size: 8pt;\">objectivo primordial de fortalecer e fomentar a organiza\u00e7\u00e3o de actividades desportivas, tanto de Voleibol como de Voleibol de Praia, com especial \u00eanfase nas categorias de forma\u00e7\u00e3o.<br \/>\n<\/span><span style=\"font-size: 8pt;\">**A Confedera\u00e7\u00e3o Europeia de Voleibol (CEV) conta com seis associa\u00e7\u00f5es zonais: a WEVZA (Europa Ocidental), a BVA (Balc\u00e3s), a EEVZA (Europa de Leste), a MEVZA (Europa Central), a NEVZA (Europa do Norte) e ainda a SCD (Divis\u00e3o dos Pequenos Pa\u00edses), da qual fazem parte Andorra, Chipre, Ilhas Faro\u00e9, Gibraltar, Gronel\u00e2ndia, Isl\u00e2ndia, Irlanda, Liechtenstein, Luxemburgo, Malta, M\u00f3naco, Irlanda do Norte, San Marino, Esc\u00f3cia e Pa\u00eds de Gales.<\/span><\/p>\n<p style=\"text-align: center;\">Mais informa\u00e7\u00f5es:\u00a0<a href=\"http:\/\/wevza.com\/\" target=\"_blank\" rel=\"noopener noreferrer\">www.wevza.com<\/a><\/p>\n","protected":false},"excerpt":{"rendered":"<p>A Fran\u00e7a venceu (3-2: 27-29, 25-15, 21-25, 25-18 e 15-13) a It\u00e1lia na final do Torneio WEVZA &#8211; 1.\u00aa Ronda de Qualifica\u00e7\u00e3o para o Campeonato da Europa 2024, disputado na [&hellip;]<\/p>\n","protected":false},"author":2,"featured_media":30178,"comment_status":"open","ping_status":"open","sticky":false,"template":"","format":"standard","meta":{"_monsterinsights_skip_tracking":false,"_monsterinsights_sitenote_active":false,"_monsterinsights_sitenote_note":"","_monsterinsights_sitenote_category":0,"footnotes":""},"categories":[13,8],"tags":[103,62,50],"class_list":{"0":"post-30173","1":"post","2":"type-post","3":"status-publish","4":"format-standard","5":"has-post-thumbnail","7":"category-arbitragem","8":"category-voleibol","9":"tag-epoca-2023-2024","10":"tag-europeu-de-sub-20-masculinos","11":"tag-wevza","12":"czr-hentry"},"aioseo_notices":[],"_links":{"self":[{"href":"https:\/\/fpvoleibol.pt\/fpv\/wp-json\/wp\/v2\/posts\/30173","targetHints":{"allow":["GET"]}}],"collection":[{"href":"https:\/\/fpvoleibol.pt\/fpv\/wp-json\/wp\/v2\/posts"}],"about":[{"href":"https:\/\/fpvoleibol.pt\/fpv\/wp-json\/wp\/v2\/types\/post"}],"author":[{"embeddable":true,"href":"https:\/\/fpvoleibol.pt\/fpv\/wp-json\/wp\/v2\/users\/2"}],"replies":[{"embeddable":true,"href":"https:\/\/fpvoleibol.pt\/fpv\/wp-json\/wp\/v2\/comments?post=30173"}],"version-history":[{"count":4,"href":"https:\/\/fpvoleibol.pt\/fpv\/wp-json\/wp\/v2\/posts\/30173\/revisions"}],"predecessor-version":[{"id":30185,"href":"https:\/\/fpvoleibol.pt\/fpv\/wp-json\/wp\/v2\/posts\/30173\/revisions\/30185"}],"wp:featuredmedia":[{"embeddable":true,"href":"https:\/\/fpvoleibol.pt\/fpv\/wp-json\/wp\/v2\/media\/30178"}],"wp:attachment":[{"href":"https:\/\/fpvoleibol.pt\/fpv\/wp-json\/wp\/v2\/media?parent=30173"}],"wp:term":[{"taxonomy":"category","embeddable":true,"href":"https:\/\/fpvoleibol.pt\/fpv\/wp-json\/wp\/v2\/categories?post=30173"},{"taxonomy":"post_tag","embeddable":true,"href":"https:\/\/fpvoleibol.pt\/fpv\/wp-json\/wp\/v2\/tags?post=30173"}],"curies":[{"name":"wp","href":"https:\/\/api.w.org\/{rel}","templated":true}]}}