{"id":30151,"date":"2024-01-12T16:59:43","date_gmt":"2024-01-12T16:59:43","guid":{"rendered":"https:\/\/fpvoleibol.pt\/fpv\/?p=30151"},"modified":"2024-01-12T17:42:04","modified_gmt":"2024-01-12T17:42:04","slug":"europeu-sub-20-defrontam-neerlandeses","status":"publish","type":"post","link":"https:\/\/fpvoleibol.pt\/fpv\/2024\/01\/12\/europeu-sub-20-defrontam-neerlandeses\/","title":{"rendered":"EUROPEU: SUB-20 DEFRONTAM NEERLANDESES"},"content":{"rendered":"<p><img loading=\"lazy\" decoding=\"async\" class=\"size-full wp-image-30155 aligncenter\" src=\"https:\/\/fpvoleibol.pt\/fpv\/wp-content\/uploads\/2024\/01\/snmas_sub20_d.jpg\" alt=\"\" width=\"960\" height=\"640\" srcset=\"https:\/\/fpvoleibol.pt\/fpv\/wp-content\/uploads\/2024\/01\/snmas_sub20_d.jpg 960w, https:\/\/fpvoleibol.pt\/fpv\/wp-content\/uploads\/2024\/01\/snmas_sub20_d-300x200.jpg 300w, https:\/\/fpvoleibol.pt\/fpv\/wp-content\/uploads\/2024\/01\/snmas_sub20_d-768x512.jpg 768w\" sizes=\"auto, (max-width: 960px) 100vw, 960px\" \/>A <strong>Selec\u00e7\u00e3o Nacional de Sub-20 Masculinos<\/strong>, orientada por <strong>Jo\u00e3o Jos\u00e9<\/strong>, defronta amanh\u00e3 (<a href=\"https:\/\/www.youtube.com\/@DVV_Volleyball\">10h30<\/a>) os <span style=\"text-decoration: underline;\">Pa\u00edses Baixos<\/span>, no jogo de defini\u00e7\u00e3o dos 7.\u00ba e 8.\u00ba lugares da Pool B do <a href=\"https:\/\/www.cev.eu\/national-team\/age-group-championships\/u20m-2024\/zonal-1st-round\/#wevza\">Torneio WEVZA &#8211; 1.\u00aa Ronda de Qualifica\u00e7\u00e3o para o Campeonato da Europa 2024<\/a>, a decorrer na cidade alem\u00e3 de Frankfurt.<br \/>\nA Espanha, que venceu hoje Portugal por <a href=\"https:\/\/www-old.cev.eu\/Competition-Area\/MatchStatistics.aspx?ID=72146\">3-0 (25-17, 25-18 e 25-20)<\/a>, vai disputar o 5.\u00ba lugar com a Alemanha.<\/p>\n<p>O espanhol <strong>Marc Aloma<\/strong>r, com 15 pontos, e o portugu\u00eas <strong>Afonso Igl\u00e9sias,<\/strong> com 12, foram os jogadores mais concretizadores das duas selec\u00e7\u00f5es. Ver estat\u00edstica <a href=\"https:\/\/www-old.cev.eu\/Competition-Area\/MatchStatistics.aspx?ID=72146\">AQUI<\/a><\/p>\n<p>B\u00e9lgica x Su\u00ed\u00e7a (ou It\u00e1lia) e <span style=\"text-decoration: underline;\">Fran\u00e7a x It\u00e1lia (ou Su\u00ed\u00e7a)<\/span> ser\u00e3o, respectivamente, os jogos de atribui\u00e7\u00e3o dos 3.\u00ba e 4.\u00ba lugares e da <span style=\"text-decoration: underline;\">final.<\/span><\/p>\n<p>A 1.\u00aa Ronda de Qualifica\u00e7\u00e3o para o Europeu \u00e9 realizada sob a forma de torneios organizados pelas associa\u00e7\u00f5es zonais**.<br \/>\nO torneio da Associa\u00e7\u00e3o Zonal de Voleibol do Oeste Europeu (Western European Volleyball Zonal Association), mais conhecida como WEVZA*, realiza-se de 9 a 13 de Janeiro em Frankfurt, sendo composto por dois grupos.<br \/>\nPortugal integra a Pool B, juntamente com a It\u00e1lia (1-3), a Alemanha (3-2) e a B\u00e9lgica (0-3).<br \/>\nNa Pool A, que \u00e9 formada por Espanha, Su\u00ed\u00e7a, Fran\u00e7a e Pa\u00edses Baixos, os gauleses asseguraram o 1.\u00ba lugar no grupo. Jogos de hoje: Espanha x Su\u00ed\u00e7a (1-3) e Fran\u00e7a x Pa\u00edses Baixos (3-0).<\/p>\n<p>Os dois primeiros classificados de cada pool defrontam-se nas meias-finais: 1.\u00ba da Pool A x 2.\u00ba Pool B e 1.\u00ba Pool B x 2.\u00ba da Pool A. O vencedor do jogo final apura-se directamente para o Campeonato da Europa de 2024.<br \/>\nPara classifica\u00e7\u00e3o do 5.\u00ba ao 8.\u00ba lugar, defrontam-se o 3.\u00ba da Pool A e o 4.\u00ba da Pool B, bem como o 4.\u00ba da Pool A com o 3.\u00ba da Pool B.<br \/>\nJogos em directo <a href=\"https:\/\/www.youtube.com\/@DVV_Volleyball\">AQUI<\/a><\/p>\n<p>A Fase Final do Campeonato da Europa de Sub-20 Masculinos est\u00e1 agendada para os dias 26 de Agosto a 7 de Setembro de 2024, na Gr\u00e9cia e na S\u00e9rvia.<\/p>\n<p>Apuram-se para o Campeonato da Europa 16 selec\u00e7\u00f5es: os dois organizadores (Gr\u00e9cia e S\u00e9rvia), mais os vencedores dos seis torneios zonais da 1.\u00aa Ronda e os vencedores e os tr\u00eas segundos melhores classificados da 2.\u00aa Ronda.<\/p>\n<p>Comitiva portuguesa para o <a href=\"https:\/\/www.cev.eu\/national-team\/age-group-championships\/u20m-2024\/zonal-1st-round\/#wevza\">Torneio WEVZA &#8211; 1.\u00aa Ronda de Qualifica\u00e7\u00e3o para o Campeonato da Europa 2024<\/a>, em Frankfurt.<\/p>\n<p style=\"text-align: center;\"><strong><span style=\"background-color: #000000; color: #ffffff;\"><img loading=\"lazy\" decoding=\"async\" class=\"size-full wp-image-30139 aligncenter\" src=\"https:\/\/fpvoleibol.pt\/fpv\/wp-content\/uploads\/2024\/01\/snsub20mas_porxbel_01_d.jpg\" alt=\"\" width=\"960\" height=\"640\" srcset=\"https:\/\/fpvoleibol.pt\/fpv\/wp-content\/uploads\/2024\/01\/snsub20mas_porxbel_01_d.jpg 960w, https:\/\/fpvoleibol.pt\/fpv\/wp-content\/uploads\/2024\/01\/snsub20mas_porxbel_01_d-300x200.jpg 300w, https:\/\/fpvoleibol.pt\/fpv\/wp-content\/uploads\/2024\/01\/snsub20mas_porxbel_01_d-768x512.jpg 768w\" sizes=\"auto, (max-width: 960px) 100vw, 960px\" \/>Jogadores<\/span><\/strong><\/p>\n<p style=\"text-align: center;\"><strong>AA Espinho<\/strong><br \/>\nAfonso Igl\u00e9sias<br \/>\nPedro Santos<br \/>\nTom\u00e1s Teixeira<br \/>\n<strong><br \/>\nAA S. Mamede<br \/>\n<\/strong>Manuel Catarino<\/p>\n<p style=\"text-align: center;\"><strong>Ala Nun\u2019 \u00c1lvares de Gondomar<br \/>\n<\/strong>Tiago Dias<\/p>\n<p style=\"text-align: center;\"><strong>Amares Volei<\/strong><br \/>\nDinis Gomes<\/p>\n<p style=\"text-align: center;\"><strong>Esmoriz GC<\/strong><br \/>\nGustavo Sousa<br \/>\nRafael Pinto<\/p>\n<p style=\"text-align: center;\"><strong>SC Espinho<\/strong><br \/>\nMiguel Pedrosa<\/p>\n<p style=\"text-align: center;\"><strong>SL Benfica<\/strong><br \/>\nDiogo Fevereiro<\/p>\n<p style=\"text-align: center;\"><strong>VC Viana<\/strong><br \/>\nJo\u00e3o Salgueiro<\/p>\n<p style=\"text-align: center;\"><strong>Park University<br \/>\n<\/strong>Jorge Marques<\/p>\n<p style=\"text-align: center;\"><span style=\"background-color: #000000; color: #ffffff;\"><strong>Equipa t\u00e9cnica<\/strong><\/span><\/p>\n<p style=\"text-align: center;\"><strong>Team Manager<br \/>\n<\/strong>Arnaldo Rocha<\/p>\n<p style=\"text-align: center;\"><strong>Treinador Principal<br \/>\n<\/strong>Jo\u00e3o Jos\u00e9<\/p>\n<p style=\"text-align: center;\"><strong>Treinador Adjunto<br \/>\n<\/strong>Ricardo Lemos<\/p>\n<p style=\"text-align: center;\"><strong>Treinador Adjunto<br \/>\n<\/strong>Diogo Rosa<\/p>\n<p style=\"text-align: center;\"><strong>Fisioterapeuta<br \/>\n<\/strong>M\u00e1rcia Santos<\/p>\n<p style=\"text-align: center;\"><strong>\u00c1rbitro<br \/>\n<\/strong>Jo\u00e3o Borba<\/p>\n<p>*<span style=\"font-size: 8pt;\">Mais conhecida pela sigla WEVZA, a Western European Volleyball Zonal Association (<strong>Associa\u00e7\u00e3o Zonal de Voleibol do Oeste Europeu ) <\/strong>foi constitu\u00edda no dia 26 de Setembro de 2013, integrando oito pa\u00edses \u2013 Portugal, Espanha, Alemanha, B\u00e9lgica, It\u00e1lia, Holanda, Fran\u00e7a e Su\u00ed\u00e7a \u2013 e com o <\/span><span style=\"font-size: 8pt;\">objectivo primordial de fortalecer e fomentar a organiza\u00e7\u00e3o de actividades desportivas, tanto de Voleibol como de Voleibol de Praia, com especial \u00eanfase nas categorias de forma\u00e7\u00e3o.<br \/>\n<\/span><span style=\"font-size: 8pt;\">**A Confedera\u00e7\u00e3o Europeia de Voleibol (CEV) conta com seis associa\u00e7\u00f5es zonais: a WEVZA (Europa Ocidental), a BVA (Balc\u00e3s), a EEVZA (Europa de Leste), a MEVZA (Europa Central), a NEVZA (Europa do Norte) e ainda a SCD (Divis\u00e3o dos Pequenos Pa\u00edses), da qual fazem parte Andorra, Chipre, Ilhas Faro\u00e9, Gibraltar, Gronel\u00e2ndia, Isl\u00e2ndia, Irlanda, Liechtenstein, Luxemburgo, Malta, M\u00f3naco, Irlanda do Norte, San Marino, Esc\u00f3cia e Pa\u00eds de Gales.<\/span><\/p>\n<p style=\"text-align: center;\">Mais informa\u00e7\u00f5es:\u00a0<a href=\"http:\/\/wevza.com\/\" target=\"_blank\" rel=\"noopener noreferrer\">www.wevza.com<\/a><\/p>\n","protected":false},"excerpt":{"rendered":"<p>A Selec\u00e7\u00e3o Nacional de Sub-20 Masculinos, orientada por Jo\u00e3o Jos\u00e9, defronta amanh\u00e3 (10h30) os Pa\u00edses Baixos, no jogo de defini\u00e7\u00e3o dos 7.\u00ba e 8.\u00ba lugares da Pool B do Torneio [&hellip;]<\/p>\n","protected":false},"author":2,"featured_media":30156,"comment_status":"open","ping_status":"open","sticky":false,"template":"","format":"standard","meta":{"_monsterinsights_skip_tracking":false,"_monsterinsights_sitenote_active":false,"_monsterinsights_sitenote_note":"","_monsterinsights_sitenote_category":0,"footnotes":""},"categories":[13,8],"tags":[103,62,50],"class_list":{"0":"post-30151","1":"post","2":"type-post","3":"status-publish","4":"format-standard","5":"has-post-thumbnail","7":"category-arbitragem","8":"category-voleibol","9":"tag-epoca-2023-2024","10":"tag-europeu-de-sub-20-masculinos","11":"tag-wevza","12":"czr-hentry"},"aioseo_notices":[],"_links":{"self":[{"href":"https:\/\/fpvoleibol.pt\/fpv\/wp-json\/wp\/v2\/posts\/30151","targetHints":{"allow":["GET"]}}],"collection":[{"href":"https:\/\/fpvoleibol.pt\/fpv\/wp-json\/wp\/v2\/posts"}],"about":[{"href":"https:\/\/fpvoleibol.pt\/fpv\/wp-json\/wp\/v2\/types\/post"}],"author":[{"embeddable":true,"href":"https:\/\/fpvoleibol.pt\/fpv\/wp-json\/wp\/v2\/users\/2"}],"replies":[{"embeddable":true,"href":"https:\/\/fpvoleibol.pt\/fpv\/wp-json\/wp\/v2\/comments?post=30151"}],"version-history":[{"count":6,"href":"https:\/\/fpvoleibol.pt\/fpv\/wp-json\/wp\/v2\/posts\/30151\/revisions"}],"predecessor-version":[{"id":30167,"href":"https:\/\/fpvoleibol.pt\/fpv\/wp-json\/wp\/v2\/posts\/30151\/revisions\/30167"}],"wp:featuredmedia":[{"embeddable":true,"href":"https:\/\/fpvoleibol.pt\/fpv\/wp-json\/wp\/v2\/media\/30156"}],"wp:attachment":[{"href":"https:\/\/fpvoleibol.pt\/fpv\/wp-json\/wp\/v2\/media?parent=30151"}],"wp:term":[{"taxonomy":"category","embeddable":true,"href":"https:\/\/fpvoleibol.pt\/fpv\/wp-json\/wp\/v2\/categories?post=30151"},{"taxonomy":"post_tag","embeddable":true,"href":"https:\/\/fpvoleibol.pt\/fpv\/wp-json\/wp\/v2\/tags?post=30151"}],"curies":[{"name":"wp","href":"https:\/\/api.w.org\/{rel}","templated":true}]}}