{"id":30039,"date":"2024-01-09T18:48:05","date_gmt":"2024-01-09T18:48:05","guid":{"rendered":"https:\/\/fpvoleibol.pt\/fpv\/?p=30039"},"modified":"2024-01-11T12:41:05","modified_gmt":"2024-01-11T12:41:05","slug":"sub-20-guerreiros-frente-aos-favoritos","status":"publish","type":"post","link":"https:\/\/fpvoleibol.pt\/fpv\/2024\/01\/09\/sub-20-guerreiros-frente-aos-favoritos\/","title":{"rendered":"SUB-20 GUERREIROS FRENTE AOS FAVORITOS"},"content":{"rendered":"<p><img loading=\"lazy\" decoding=\"async\" class=\"size-full wp-image-30080 aligncenter\" src=\"https:\/\/fpvoleibol.pt\/fpv\/wp-content\/uploads\/2024\/01\/snsub20masculinos_porxita_01.jpg\" alt=\"\" width=\"960\" height=\"640\" srcset=\"https:\/\/fpvoleibol.pt\/fpv\/wp-content\/uploads\/2024\/01\/snsub20masculinos_porxita_01.jpg 960w, https:\/\/fpvoleibol.pt\/fpv\/wp-content\/uploads\/2024\/01\/snsub20masculinos_porxita_01-300x200.jpg 300w, https:\/\/fpvoleibol.pt\/fpv\/wp-content\/uploads\/2024\/01\/snsub20masculinos_porxita_01-768x512.jpg 768w\" sizes=\"auto, (max-width: 960px) 100vw, 960px\" \/>A <strong>Selec\u00e7\u00e3o Nacional de Sub-20 Masculinos<\/strong>, orientada por <strong>Jo\u00e3o Jos\u00e9<\/strong>,\u00a0estreou-se hoje no <a href=\"https:\/\/www.cev.eu\/national-team\/age-group-championships\/u20m-2024\/zonal-1st-round\/#wevza\">Torneio WEVZA &#8211; 1.\u00aa Ronda de Qualifica\u00e7\u00e3o para o Campeonato da Europa 2024<\/a> com uma derrota <em>renhida<\/em> (<a href=\"https:\/\/www-old.cev.eu\/Competition-Area\/MatchStatistics.aspx?ID=72140\">1-3: 25-23, 19-25, 17-25 e 21-25<\/a>) frente \u00e0 sua cong\u00e9nere italiana, uma das principais candidatas ao primeiro lugar na Pool de apuramento que se est\u00e1 a disputar na cidade alem\u00e3 de Frankfurt.<br \/>\nPortugal defronta amanh\u00e3 a Alemanha \u2013 que hoje venceu a B\u00e9lgica por 3-2 (20-25, 26-24, 25-23, 20-25 e 15-13) \u2013, em jogo agendado para as 18h00 e que pode ser seguido <a href=\"https:\/\/www.youtube.com\/@DVV_Volleyball\">AQUI<\/a><\/p>\n<p>Portugal entrou bem no jogo com a It\u00e1lia. Sem se sentirem atemorizados com o poder de fogo do jogo ofensivo dos transalpinos, os jovens lusitanos exploraram bem as debilidades do seu advers\u00e1rio na recep\u00e7\u00e3o e alcan\u00e7aram a lideran\u00e7a com um servi\u00e7o direto de Miguel Pedrosa (6-5).<br \/>\nOs italianos voltaram \u00e0 carga (8-7), mas os pupilos de Jo\u00e3o Jos\u00e9 n\u00e3o se deixaram perturbar e lideraram sempre at\u00e9 \u00e0 entrada para a recta final do set (19-19). Ap\u00f3s a perda de dois pontos consecutivos (21-21), o Seleccionador Nacional parou o jogo. A conversa surtiu efeito e a <em>turma das quinas<\/em> acabaria por selar com o resultado de 25-23 um merecido triunfo frente \u00e0quele que \u00e9 considerado um dos principais candidatos ao apuramento directo para o Europeu.<\/p>\n<p>Infelizmente para Portugal, os italianos aprenderam (bem) a li\u00e7\u00e3o e entraram com outra atitude no segundo parcial, privilegiando mais as ac\u00e7\u00f5es defensivas, sobretudo o seu (alto) bloco.<br \/>\nE foi atrav\u00e9s da conjuga\u00e7\u00e3o entre o seu forte ataque e uma s\u00f3lida defesa alta que os transalpinos lideraram o set (8-6, 12-8, 18-13) at\u00e9 \u00e0 sua conclus\u00e3o: 25-19, fixado com um bloco de Pardo Mati.<\/p>\n<p>O terceiro set foi equilibrado at\u00e9 aos 13-13.<br \/>\nDois pontos do possante Pardo Mati, obtidos num ataque ao centro da rede e atrav\u00e9s de um servi\u00e7o directo, desnivelaram completamente os pratos da balan\u00e7a (19-15) e <em>abriram alas<\/em> para novo triunfo da It\u00e1lia: 25-17.<\/p>\n<p>No quarto set, a It\u00e1lia afastou-se (16-12, 19-14), mas os servi\u00e7os de Diogo Fevereiro ajudaram a equipa portuguesa a aproximar-se (18-19) e a reentrar na luta.<br \/>\nSentindo-se em perigo, os italianos aceleraram a suas jogadas de ataque e selaram a vit\u00f3ria com um ataque de Pardo Mati: 25-21.<\/p>\n<p>Os italianos <strong>Lorenzo Magliano<\/strong> e <strong>Pardo Mati<\/strong>, respectivamente com 18 e 13 pontos, e os portugueses <strong>Afonso Igl\u00e9sias <\/strong>e<strong> Tom\u00e1s Nat\u00e1rio Teixeira<\/strong>, ambos com 10, foram os jogadores mais concretizadores das duas equipas. Ver estat\u00edstica <a href=\"https:\/\/www-old.cev.eu\/Competition-Area\/MatchStatistics.aspx?ID=72140\">AQUI<\/a><\/p>\n<p><img loading=\"lazy\" decoding=\"async\" class=\"size-full wp-image-30081 aligncenter\" src=\"https:\/\/fpvoleibol.pt\/fpv\/wp-content\/uploads\/2024\/01\/snsub20masculinos_porxita_team_d.jpg\" alt=\"\" width=\"960\" height=\"640\" srcset=\"https:\/\/fpvoleibol.pt\/fpv\/wp-content\/uploads\/2024\/01\/snsub20masculinos_porxita_team_d.jpg 960w, https:\/\/fpvoleibol.pt\/fpv\/wp-content\/uploads\/2024\/01\/snsub20masculinos_porxita_team_d-300x200.jpg 300w, https:\/\/fpvoleibol.pt\/fpv\/wp-content\/uploads\/2024\/01\/snsub20masculinos_porxita_team_d-768x512.jpg 768w\" sizes=\"auto, (max-width: 960px) 100vw, 960px\" \/>A 1.\u00aa Ronda de Qualifica\u00e7\u00e3o para o Europeu \u00e9 realizada sob a forma de torneios organizados pelas associa\u00e7\u00f5es zonais**.<br \/>\nO torneio da Associa\u00e7\u00e3o Zonal de Voleibol do Oeste Europeu (Western European Volleyball Zonal Association), mais conhecida como WEVZA*, realiza-se de 9 a 13 de Janeiro em Frankfurt, sendo composto por dois grupos.<br \/>\nPortugal integra a Pool B, defrontando sucessivamente a It\u00e1lia (1-3), a Alemanha (amanh\u00e3, 19h00 locais) e a B\u00e9lgica (quinta-feira, 11h30 locais).<\/p>\n<p>Na Pool B, que \u00e9 formada por Espanha, Su\u00ed\u00e7a, Fran\u00e7a e Pa\u00edses Baixos, os franceses e os espanh\u00f3is <em>entraram com o p\u00e9 direito<\/em> na competi\u00e7\u00e3o ao vencerem hoje, respectivamente, os su\u00ed\u00e7os por <a href=\"https:\/\/www-old.cev.eu\/Competition-Area\/MatchStatistics.aspx?ID=72134\">3-0 (25-16, 25-20 e 25-21)<\/a> e os neerlandeses por <a href=\"https:\/\/www-old.cev.eu\/Competition-Area\/MatchStatistics.aspx?ID=72135\">3-2 (25-19, 24-26, 22-25, 25-18 e 15-13)<\/a>.<\/p>\n<p>Os dois primeiros classificados de cada pool defrontam-se nas meias-finais: 1.\u00ba da Pool A x 2.\u00ba Pool B e 1.\u00ba Pool B x 2.\u00ba da Pool A.<br \/>\nPara classifica\u00e7\u00e3o do 5.\u00ba ao 8.\u00ba lugar, defrontam-se o 3.\u00ba da Pool A e o 4.\u00ba da Pool B, bem como o 4.\u00ba da Pool A com o 3.\u00ba da Pool B.<br \/>\nJogos em directo <a href=\"https:\/\/www.youtube.com\/@DVV_Volleyball\">AQUI<\/a><\/p>\n<p>A Fase Final do Campeonato da Europa de Sub-20 Masculinos est\u00e1 agendada para os dias 26 de Agosto a 7 de Setembro de 2024, na Gr\u00e9cia e na S\u00e9rvia.<\/p>\n<p>Apuram-se para o Campeonato da Europa 16 selec\u00e7\u00f5es: os dois organizadores (Gr\u00e9cia e S\u00e9rvia), mais os vencedores dos seis torneios zonais da 1.\u00aa Ronda e os vencedores e os tr\u00eas segundos melhores classificados da 2.\u00aa Ronda.<br \/>\nA Finl\u00e2ndia j\u00e1 est\u00e1 apurada por ter vencido o torneio da NEVZA.<\/p>\n<p>Comitiva portuguesa para o <a href=\"https:\/\/www.cev.eu\/national-team\/age-group-championships\/u20m-2024\/zonal-1st-round\/#wevza\">Torneio WEVZA &#8211; 1.\u00aa Ronda de Qualifica\u00e7\u00e3o para o Campeonato da Europa 2024<\/a>, em Frankfurt.<\/p>\n<p style=\"text-align: center;\"><strong><span style=\"background-color: #000000; color: #ffffff;\">Jogadores<\/span><\/strong><\/p>\n<p style=\"text-align: center;\"><strong>AA Espinho<\/strong><br \/>\nAfonso Igl\u00e9sias<br \/>\nPedro Santos<br \/>\nTom\u00e1s Teixeira<br \/>\n<strong><br \/>\nAA S. Mamede<br \/>\n<\/strong>Manuel Catarino<\/p>\n<p style=\"text-align: center;\"><strong>Ala Nun\u2019 \u00c1lvares de Gondomar<br \/>\n<\/strong>Tiago Dias<\/p>\n<p style=\"text-align: center;\"><strong>Amares Volei<\/strong><br \/>\nDinis Gomes<\/p>\n<p style=\"text-align: center;\"><strong>Esmoriz GC<\/strong><br \/>\nGustavo Sousa<br \/>\nRafael Pinto<\/p>\n<p style=\"text-align: center;\"><strong>SC Espinho<\/strong><br \/>\nMiguel Pedrosa<\/p>\n<p style=\"text-align: center;\"><strong>SL Benfica<\/strong><br \/>\nDiogo Fevereiro<\/p>\n<p style=\"text-align: center;\"><strong>VC Viana<\/strong><br \/>\nJo\u00e3o Salgueiro<\/p>\n<p style=\"text-align: center;\"><strong>Park University<br \/>\n<\/strong>Jorge Marques<\/p>\n<p style=\"text-align: center;\"><span style=\"background-color: #000000; color: #ffffff;\"><strong>Equipa t\u00e9cnica<\/strong><\/span><\/p>\n<p style=\"text-align: center;\"><strong>Team Manager<br \/>\n<\/strong>Arnaldo Rocha<\/p>\n<p style=\"text-align: center;\"><strong>Treinador Principal<br \/>\n<\/strong>Jo\u00e3o Jos\u00e9<\/p>\n<p style=\"text-align: center;\"><strong>Treinador Adjunto<br \/>\n<\/strong>Ricardo Lemos<\/p>\n<p style=\"text-align: center;\"><strong>Treinador Adjunto<br \/>\n<\/strong>Diogo Rosa<\/p>\n<p style=\"text-align: center;\"><strong>Fisioterapeuta<br \/>\n<\/strong>M\u00e1rcia Santos<\/p>\n<p style=\"text-align: center;\"><strong>\u00c1rbitro<br \/>\n<\/strong>Jo\u00e3o Borba<\/p>\n<p>*<span style=\"font-size: 8pt;\">Mais conhecida pela sigla WEVZA, a Western European Volleyball Zonal Association (<strong>Associa\u00e7\u00e3o Zonal de Voleibol do Oeste Europeu ) <\/strong>foi constitu\u00edda no dia 26 de Setembro de 2013, integrando oito pa\u00edses \u2013 Portugal, Espanha, Alemanha, B\u00e9lgica, It\u00e1lia, Holanda, Fran\u00e7a e Su\u00ed\u00e7a \u2013 e com o <\/span><span style=\"font-size: 8pt;\">objectivo primordial de fortalecer e fomentar a organiza\u00e7\u00e3o de actividades desportivas, tanto de Voleibol como de Voleibol de Praia, com especial \u00eanfase nas categorias de forma\u00e7\u00e3o.<br \/>\n<\/span><span style=\"font-size: 8pt;\">**A Confedera\u00e7\u00e3o Europeia de Voleibol (CEV) conta com seis associa\u00e7\u00f5es zonais: a WEVZA (Europa Ocidental), a BVA (Balc\u00e3s), a EEVZA (Europa de Leste), a MEVZA (Europa Central), a NEVZA (Europa do Norte) e ainda a SCD (Divis\u00e3o dos Pequenos Pa\u00edses), da qual fazem parte Andorra, Chipre, Ilhas Faro\u00e9, Gibraltar, Gronel\u00e2ndia, Isl\u00e2ndia, Irlanda, Liechtenstein, Luxemburgo, Malta, M\u00f3naco, Irlanda do Norte, San Marino, Esc\u00f3cia e Pa\u00eds de Gales.<\/span><\/p>\n<p style=\"text-align: center;\">Mais informa\u00e7\u00f5es:\u00a0<a href=\"http:\/\/wevza.com\/\" target=\"_blank\" rel=\"noopener noreferrer\">www.wevza.com<\/a><\/p>\n","protected":false},"excerpt":{"rendered":"<p>A Selec\u00e7\u00e3o Nacional de Sub-20 Masculinos, orientada por Jo\u00e3o Jos\u00e9,\u00a0estreou-se hoje no Torneio WEVZA &#8211; 1.\u00aa Ronda de Qualifica\u00e7\u00e3o para o Campeonato da Europa 2024 com uma derrota renhida (1-3: [&hellip;]<\/p>\n","protected":false},"author":2,"featured_media":30082,"comment_status":"open","ping_status":"open","sticky":false,"template":"","format":"standard","meta":{"_monsterinsights_skip_tracking":false,"_monsterinsights_sitenote_active":false,"_monsterinsights_sitenote_note":"","_monsterinsights_sitenote_category":0,"footnotes":""},"categories":[13,8],"tags":[103,62,50],"class_list":{"0":"post-30039","1":"post","2":"type-post","3":"status-publish","4":"format-standard","5":"has-post-thumbnail","7":"category-arbitragem","8":"category-voleibol","9":"tag-epoca-2023-2024","10":"tag-europeu-de-sub-20-masculinos","11":"tag-wevza","12":"czr-hentry"},"aioseo_notices":[],"_links":{"self":[{"href":"https:\/\/fpvoleibol.pt\/fpv\/wp-json\/wp\/v2\/posts\/30039","targetHints":{"allow":["GET"]}}],"collection":[{"href":"https:\/\/fpvoleibol.pt\/fpv\/wp-json\/wp\/v2\/posts"}],"about":[{"href":"https:\/\/fpvoleibol.pt\/fpv\/wp-json\/wp\/v2\/types\/post"}],"author":[{"embeddable":true,"href":"https:\/\/fpvoleibol.pt\/fpv\/wp-json\/wp\/v2\/users\/2"}],"replies":[{"embeddable":true,"href":"https:\/\/fpvoleibol.pt\/fpv\/wp-json\/wp\/v2\/comments?post=30039"}],"version-history":[{"count":20,"href":"https:\/\/fpvoleibol.pt\/fpv\/wp-json\/wp\/v2\/posts\/30039\/revisions"}],"predecessor-version":[{"id":30136,"href":"https:\/\/fpvoleibol.pt\/fpv\/wp-json\/wp\/v2\/posts\/30039\/revisions\/30136"}],"wp:featuredmedia":[{"embeddable":true,"href":"https:\/\/fpvoleibol.pt\/fpv\/wp-json\/wp\/v2\/media\/30082"}],"wp:attachment":[{"href":"https:\/\/fpvoleibol.pt\/fpv\/wp-json\/wp\/v2\/media?parent=30039"}],"wp:term":[{"taxonomy":"category","embeddable":true,"href":"https:\/\/fpvoleibol.pt\/fpv\/wp-json\/wp\/v2\/categories?post=30039"},{"taxonomy":"post_tag","embeddable":true,"href":"https:\/\/fpvoleibol.pt\/fpv\/wp-json\/wp\/v2\/tags?post=30039"}],"curies":[{"name":"wp","href":"https:\/\/api.w.org\/{rel}","templated":true}]}}