{"id":29837,"date":"2023-12-22T17:14:48","date_gmt":"2023-12-22T17:14:48","guid":{"rendered":"https:\/\/fpvoleibol.pt\/fpv\/?p=29837"},"modified":"2023-12-22T17:14:48","modified_gmt":"2023-12-22T17:14:48","slug":"portugueses-no-mundo-93","status":"publish","type":"post","link":"https:\/\/fpvoleibol.pt\/fpv\/2023\/12\/22\/portugueses-no-mundo-93\/","title":{"rendered":"PORTUGUESES NO MUNDO"},"content":{"rendered":"<p style=\"text-align: left;\"><img loading=\"lazy\" decoding=\"async\" class=\"size-full wp-image-28562 aligncenter\" src=\"https:\/\/fpvoleibol.pt\/fpv\/wp-content\/uploads\/2023\/10\/portugueses_no_mundo_publ.jpg\" alt=\"\" width=\"960\" height=\"570\" srcset=\"https:\/\/fpvoleibol.pt\/fpv\/wp-content\/uploads\/2023\/10\/portugueses_no_mundo_publ.jpg 960w, https:\/\/fpvoleibol.pt\/fpv\/wp-content\/uploads\/2023\/10\/portugueses_no_mundo_publ-300x178.jpg 300w, https:\/\/fpvoleibol.pt\/fpv\/wp-content\/uploads\/2023\/10\/portugueses_no_mundo_publ-768x456.jpg 768w\" sizes=\"auto, (max-width: 960px) 100vw, 960px\" \/>Na <a href=\"https:\/\/www.plusliga.pl\/\">Plusliga<\/a>, o Bogdanka Luk Lublin, de <strong>Alexandre Ferreira<\/strong>, que \u00e9 5.\u00ba classificado no principal campeonato polaco, recebe hoje o Exact Systems Hemarpol Cz\u0119stochowa (12.\u00ba).<\/p>\n<p style=\"text-align: left;\">Por seu turno, o Aluron CMC Warta Zawiercie, de <strong>Miguel Tavares Rodrigues<\/strong>, que ocupa o 3.\u00ba lugar na <a href=\"https:\/\/www.plusliga.pl\/\">Plusliga<\/a>, recebe o l\u00edder Jastrzebski Wegiel no dia 30 de Dezembro.<br \/>\nNa Ta\u00e7a CEV, o Warta Zawiercie foi \u00e0 Rom\u00e9nia voltar a vencer (<a href=\"https:\/\/www-old.cev.eu\/Competition-Area\/MatchStatistics.aspx?ID=69738\">3-0: 25-23, 25-16 e 25-19<\/a>) o SCM Craiova e apurou-se para a\u00a0fase seguinte \u2013 Play-off, onde ir\u00e1 defrontar os italianos do Allianz Milano \u2013, depois de na primeira m\u00e3o ter vencido facilmente (<a href=\"https:\/\/www-old.cev.eu\/Competition-Area\/MatchStatistics.aspx?ID=69730\">3-0: 25-18, 25-14 e 25-14<\/a>) em casa.<\/p>\n<p>Em Fran\u00e7a, o Saint-Nazaire VBA, de <strong>Louren\u00e7o Martins<\/strong>, actualmente na 6.\u00aa posi\u00e7\u00e3o na tabela classificativa da Liga Francesa (<a href=\"https:\/\/lnv-web.dataproject.com\/CompetitionMatches.aspx?ID=105&amp;PID=142\">Marmara Spikeligue<\/a>), recebe o Saint-Jean d&#8217;Illac (13.\u00ba) na 13.\u00aa Jornada (30 de Dezembro).<br \/>\nNa Challenge Cup, os gauleses foram afastados nos oitavos-de-final ao perderem novamente, desta vez em casa <a href=\"https:\/\/www-old.cev.eu\/Competition-Area\/MatchStatistics.aspx?ID=69775\">(1-3 : 24-26, 25-23, 22-25 e 18-25<\/a>), diante dos polacos do Projekt Warszawa, com o zona 4 portugu\u00eas a pontuar por 6 vezes (5 ataques e 1 servi\u00e7o).<\/p>\n<p>Em It\u00e1lia, o Gas Sales Bluenergy Piacenza, de <strong>Bruno Dias<\/strong>, actual 3.\u00ba classificado na <a href=\"https:\/\/www.legavolley.it\/risultati\/?Anno=2023&amp;IdCampionato=911\">SuperLega Credem Banca<\/a>, visita o Valsa Group Modena (6.\u00ba) no dia 26 de Dezembro.<br \/>\nNa Liga dos Campe\u00f5es, a equipa do distribuidor portugu\u00eas visita no dia 10 de Janeiro de 2024 os turcos do Halkbank Ankara, em jogo da pen\u00faltima jornada da Pool C da 4.\u00aa Ronda.<\/p>\n<p>Ainda em It\u00e1lia, o CDA Volley Talmassons, de <strong>J\u00falia Kavalenka<\/strong>, que se mant\u00e9m no 4.\u00ba lugar da classifica\u00e7\u00e3o na <a href=\"https:\/\/www.legavolleyfemminile.it\/\">Liga A2 A italiana &#8211; femininos<\/a>, recebe o l\u00edder Futura Giovani Busto Arsizio no dia 23 de Dezembro.<\/p>\n<p>Em Espanha, o Grupo Herce Soria (CDV R\u00edo Duero Soria), de <strong>Bruno Cunha<\/strong>, que ocupa a\u00a0vice-lideran\u00e7a da <a href=\"http:\/\/www.rfevb.com\">Superliga espanhola<\/a>, recebe o Arenal Emev\u00e9 (10.\u00ba) no dia 6 de Janeiro de 2024, em jogo da 13.\u00aa jornada.<br \/>\nDe 15 a 18 de Fevereiro de 2024, o Grupo Herce Soria, que ergueu o trof\u00e9u na edi\u00e7\u00e3o de 2023, vai disputar a Copa de SM El Rey, juntamente com os outros sete melhores classificados da 1.\u00aa fase da Superliga: CV Guaguas, Unicaja Costa de Almer\u00eda, CV Melilla, Cisneros Alter Tenerife, Conectabalear CV Manacor, Pamesa Teruel Voleibol e UPV Leleman Conqueridor.<br \/>\nNos oitavos-de-final da Ta\u00e7a CEV, os espanh\u00f3is, que tinham perdido na primeira m\u00e3o pela diferen\u00e7a m\u00ednima (<a href=\"https:\/\/www-old.cev.eu\/Competition-Area\/MatchStatistics.aspx?ID=69726\">2-3: 25-23, 21-25, 18-25, 25-19 e 20-22<\/a>) na recep\u00e7\u00e3o ao Ch\u00eanois Gen\u00e8ve, venceram pela margem m\u00e1xima (<a href=\"https:\/\/www-old.cev.eu\/Competition-Area\/MatchStatistics.aspx?ID=69734\">3-0: 27-25, 25-15 e 32-30<\/a>) na Su\u00ed\u00e7a e apuraram-se para a fase seguinte (Play-off), onde ir\u00e3o defrontar os turcos do Arkas Izmir.<br \/>\nO oposto da Selec\u00e7\u00e3o Nacional cotou-se como o melhor pontuador do jogo, tendo concretizado com \u00eaxito 17 ataques.<\/p>\n<p>Na Ch\u00e9quia, o Kladno Volejabl cz, de <strong>Jos\u00e9 Neves<\/strong>, actual vice-l\u00edder da <a href=\"https:\/\/www.cvf.cz\/\">Extraligy,<\/a> o principal campeonato checo, recebe o VK Ostrava (13.\u00ba e \u00faltimo classificado) no dia 30 de Dezembro.<br \/>\nNas competi\u00e7\u00f5es europeias, a equipa do distribuidor lusitano, que tinha vencido (<a href=\"https:\/\/www-old.cev.eu\/Competition-Area\/MatchStatistics.aspx?ID=69729\">3-2: 26-28, 20-25, 25-19, 25-17 e 15-13<\/a>) na recep\u00e7\u00e3o ao Nantes R\u00e9ze M\u00e9tropole, perdeu por <a href=\"https:\/\/www-old.cev.eu\/Competition-Area\/MatchStatistics.aspx?ID=69737\">0-3 (20-25, 23-25 e 19-25)<\/a> na visita aos franceses e foi afastada nos oitavos-de-final da Ta\u00e7a CEV.<\/p>\n<p><span style=\"text-decoration: underline;\">Atletas \/ t\u00e9cnicos que actuam no estrangeiro e\/ou com<b> *inscri\u00e7\u00e3o iniciada em 2023\/2024<\/b>:<\/span><\/p>\n<p><strong><span style=\"text-decoration: underline;\">Processo conclu\u00eddo<\/span><\/strong><\/p>\n<p><a href=\"https:\/\/lkpslublin.pl\">Bogdanka Luk Lublin (Pol\u00f3nia)<\/a> \u2013 Alexandre Ferreira<br \/>\n<a href=\"http:\/\/www.plusliga.pl\/en\/teams\/id\/30288.html\" target=\"_blank\" rel=\"noopener noreferrer\">Aluron Warta Zawiercie (Pol\u00f3nia)<\/a> \u2013 Miguel Tavares Rodrigues<br \/>\n<a href=\"http:\/\/www.snvba.net\/\" target=\"_blank\" rel=\"noopener noreferrer\">Saint-Nazaire VB Atlantique (Fran\u00e7a)<\/a> \u2013 Louren\u00e7o Martins<br \/>\n<a href=\"https:\/\/kladno.volejbal.cz\/\">Kladno Volejbal cz (Ch\u00e9quia)<\/a> \u2013 Jos\u00e9 Neves<br \/>\n<a href=\"https:\/\/www.rioduerovoley.com\/\">CDV R\u00edo Duero Soria (Espanha)<\/a> \u2013 Bruno Cunha<br \/>\n<a href=\"https:\/\/www.volley2001garlasco.it\/\">Volley 2001 Garlasco (It\u00e1lia)<\/a>\u00a0\u2013 Gustavo Cavalcanti<br \/>\n<a href=\"https:\/\/volleytalmassons.it\/\">CDA Volley Talmassons (It\u00e1lia)<\/a> \u2013 J\u00falia Kavalenka<br \/>\n<a href=\"https:\/\/www.gassalespiacenza.it\/\">You Energy Volley Piacenza (It\u00e1lia)<\/a> \u2013 Bruno Dias<br \/>\n<a href=\"https:\/\/www.facebook.com\/pallavoloazzurra.alessano?locale=it_IT\">Pallavolo Azzurra Alessano \u2013 Aurispa Delcar Lecce (It\u00e1lia)<\/a>\u00a0\u2013 Jos\u00e9 Pedro Monteiro<br \/>\n<a style=\"color: #001b2e;\" href=\"https:\/\/www.aich-dob.at\/\">SK Zadruga Aich\/Dob (\u00c1ustria)<\/a>\u00a0\u2013 Miguel Sinfr\u00f3nio<br \/>\n<a href=\"https:\/\/www.uvcgraz.at\/\">UVC Holding Graz (\u00c1ustria)<\/a>\u00a0\u2013 Jos\u00e9 Jardim<br \/>\n<a href=\"https:\/\/www.facebook.com\/syrosvolleyball\/\">Foinikas Syros (Gr\u00e9cia)<\/a> \u2013 Jos\u00e9 Pedro Gomes<br \/>\n<a href=\"https:\/\/www.facebook.com\/ASDTreviglioPallavolo\">ASD Treviglio Pallavolo (It\u00e1lia)<\/a> \u2013 Ana Rita Branco<br \/>\n<a href=\"https:\/\/knrc.hu\/\">KNRC Kaposv\u00e1r (Hungria)<\/a> \u2013 Marta Hurst<br \/>\n<a href=\"https:\/\/cambraivolley.com\/\">Volley Club de Cambrai (Fran\u00e7a)<\/a> \u2013 Guilherme Maia<br \/>\n<a href=\"https:\/\/laillevolley.fr\/\">Union Sportive Laille (Fran\u00e7a)<\/a>\u00a0\u2013 Tiago Fernandes<br \/>\n<a href=\"https:\/\/www.facebook.com\/AlCaudryVolleyBall\/\" target=\"_blank\" rel=\"noopener noreferrer\">Al Caudry Volley-Ball (Fran\u00e7a)<\/a>\u00a0\u2013 Joana Gonzalez<br \/>\n<a href=\"https:\/\/www.facebook.com\/AlCaudryVolleyBall\/\" target=\"_blank\" rel=\"noopener noreferrer\">Al Caudry Volley-Ball (Fran\u00e7a)<\/a> \u2013 Ana Matos<br \/>\n<a href=\"https:\/\/www.vnvb.fr\/\">Vand\u0153uvre Nancy Volley-Ball (Fran\u00e7a)<\/a> \u2013 Jo\u00e3o Scheltinga<br \/>\n<a href=\"https:\/\/www.facebook.com\/EVVSM\/\">Volley Vernon St. Marcel (Fran\u00e7a)<\/a> \u2013 Ecaterina Ursu<br \/>\n<a href=\"https:\/\/www.facebook.com\/wissousvolley\/\">Union Sportive Wissous VB (Fran\u00e7a)<\/a> \u2013 Joana Filipa Ferreira Lobo<br \/>\n<a href=\"https:\/\/www.annecyvolleyball.com\/page\/1436123-le-club\">Annecy Volley-Ball (Fran\u00e7a)<\/a> \u2013 \u00c2ngelo Sarova Gomes<br \/>\n<a href=\"https:\/\/www.charleroivolley.be\/\">ES Charleroi Volley (B\u00e9lgica)<\/a>\u00a0\u2013 Beatriz Santos<br \/>\n<a href=\"http:\/\/www.le-volleys.de\/regionalliga-ost.html\" target=\"_blank\" rel=\"noopener noreferrer\">LE Volleys (Alemanha)<\/a> \u2013 Lorena Matilde Silveira<br \/>\n<a href=\"http:\/\/www.vbc-kl.de\/\">VBC Kaiserslautern (Alemanha)<\/a> \u2013 J\u00e9ssica Soares<br \/>\n<a href=\"https:\/\/southamptonvolleyball.co.uk\/\">Southampton Volleyball Clube (Inglaterra)<\/a>\u00a0\u2013 Ema Sofia Carneiro<br \/>\n<a href=\"http:\/\/www.darkstarvolleyball.com\/our-teams\/male-player\/\">Darkstar Derbyshire (Inglaterra)<\/a> \u2013 Marcelo Goulart<br \/>\n<a href=\"https:\/\/www.dartfordvolleyballclub.co.uk\/\">Dartford Volleyball Club (Inglaterra)<\/a> \u2013 Mariana Cruz Santos<br \/>\n<a href=\"https:\/\/southamptonvolleyball.co.uk\/\">Southampton Volleyball Club (Inglaterra)<\/a>\u00a0\u2013 Maria Lima Antunes<br \/>\n<a href=\"https:\/\/southamptonvolleyball.co.uk\/\">Southampton Volleyball Club (Inglaterra)<\/a> \u2013 Iara Amaral<br \/>\n<a href=\"https:\/\/southamptonvolleyball.co.uk\/\">Southampton Volleyball Club (Inglaterra)<\/a> \u2013 Dina Grosu<br \/>\n<a href=\"https:\/\/www.onyxvolleyball.com\/\">Onyx Volleyball Club (Inglaterra)<\/a> \u2013 Jo\u00e3o Alexandre Ribeiro Silva<br \/>\n<a href=\"https:\/\/www.facebook.com\/IBBPoloniaVC\">IBB Polonia London Volleyball Club (Inglaterra)<\/a> \u2013 Jo\u00e3o Alves<br \/>\n<a href=\"https:\/\/www.iksu.se\/sv\/sektioner\/iksu-volleyboll2\/\">IKSU (Su\u00e9cia)<\/a> \u2013 Daniela Macedo Fangueiro<br \/>\n<a href=\"https:\/\/cityvolleybasel.ch\/\">Traktor Basel Volley (Su\u00ed\u00e7a)<\/a> \u2013 Diogo Figueiredo<br \/>\n<a href=\"https:\/\/www.facebook.com\/VolleyballEchternach\">VB Echternach (Luxemburgo<\/a>) \u2013 Daniel Dias Amorim<br \/>\n<a href=\"https:\/\/www.facebook.com\/birkirkaravolleyball\">Birkirkara Volleyball Club (Malta)<\/a> \u2013 Ashley Rose Fantazia<\/p>\n<p>&#8230;&#8230;&#8230;&#8230;&#8230;&#8230;&#8230;&#8230;&#8230;&#8230;&#8230;&#8230;&#8230;&#8230;&#8230;&#8230;&#8230;&#8230;&#8230;&#8230;&#8230;&#8230;&#8230;&#8230;&#8230;&#8230;&#8230;&#8230;&#8230;&#8230;&#8230;<\/p>\n<p><span style=\"text-decoration: underline;\"><span class=\"auto-style7\"><strong>Treinadores<\/strong><\/span><\/span>:<br \/>\n<a href=\"https:\/\/www.facebook.com\/toursvolleyball\">Tours VB (Fran\u00e7a)<\/a> \u2013 David Sousa<br \/>\n<a href=\"https:\/\/www.vnvb.fr\/\">Vand\u0153uvre Nancy Volley-Ball (Fran\u00e7a)<\/a> \u2013 Andr\u00e9 S\u00e1<br \/>\n<a href=\"https:\/\/www.vnvb.fr\/\">Vand\u0153uvre Nancy Volley-Ball (Fran\u00e7a)<\/a> \u2013 Jo\u00e3o Scheltinga<br \/>\n<a href=\"https:\/\/www.volleya.ch\/\">Raiffeisen Volleya Obwalden NLB (Alemanha)<\/a>\u00a0\u2013 Filipe Carrasco Soares<br \/>\n<a href=\"https:\/\/www.facebook.com\/ZESARVFM\/\">Volleyball Franches-Montagnes (Su\u00ed\u00e7a)<\/a> &#8211; Eduardo Faustino<br \/>\n<a href=\"https:\/\/www.facebook.com\/Cork-Volleyball-Academy-100484505416947\/\">Cork Volleyball Academy (Irlanda)<\/a> \u2013 Ant\u00f3nio Barros<\/p>\n<p style=\"text-align: center;\"><span style=\"text-decoration: underline;\"><strong>\u00c1rbitros portugueses em ac\u00e7\u00e3o<\/strong><\/span><\/p>\n<p><strong>Ricardo Ferreira<\/strong><br \/>\nTorneio WEVZA \u2013 1.\u00aa Ronda de Qualifica\u00e7\u00e3o para o Europeu de Sub-20 Femininos, a realizar de 3 a 7 de Janeiro de 2024, na cidade italiana de Ragusa.<\/p>\n<p><strong>Rui Reis<\/strong><br \/>\nTorneio WEVZA \u2013 1.\u00aa Ronda de Qualifica\u00e7\u00e3o para o Europeu de Sub-18 Masculinos, a realizar de 3 a 7 de Janeiro de 2024, na cidade alem\u00e3 de Frankfurt.<\/p>\n<p><strong>Sofia Costa<\/strong><br \/>\nTorneio WEVZA \u2013 1.\u00aa Ronda de Qualifica\u00e7\u00e3o para o Europeu de Sub-18 Femininos, a realizar de 3 a 7 de Janeiro de 2024, na cidade belga de Herentals.<\/p>\n<p><strong>Jo\u00e3o Borba<\/strong><br \/>\nTorneio WEVZA \u2013 1.\u00aa Ronda de Qualifica\u00e7\u00e3o para o Europeu de Sub-20 Masculinos, a realizar de 9 a 11 de Janeiro de 2024, na cidade Alem\u00e3 de Frankfurt.<\/p>\n<p><strong>Pedro Pinto<\/strong><br \/>\nOlympiacos Piraeus (Gr\u00e9cia) x Grupa Azoty Kedzierzyn-Kozle (Pol\u00f3nia), da Pool A da 4.\u00aa Ronda da Liga dos Campe\u00f5es &#8211; masculinos, no dia 11 de Janeiro de 2024.<\/p>\n<p><strong>Nuno Maia<\/strong><br \/>\nB\u00e9ziers VB (Fran\u00e7a) x Crvena Zvezda Beograd (S\u00e9rvia), dos Play Offs da Ta\u00e7a CEV &#8211; femininos, no dia 16 de Janeiro de 2024.<\/p>\n","protected":false},"excerpt":{"rendered":"<p>Na Plusliga, o Bogdanka Luk Lublin, de Alexandre Ferreira, que \u00e9 5.\u00ba classificado no principal campeonato polaco, recebe hoje o Exact Systems Hemarpol Cz\u0119stochowa (12.\u00ba). Por seu turno, o Aluron [&hellip;]<\/p>\n","protected":false},"author":2,"featured_media":29009,"comment_status":"open","ping_status":"open","sticky":false,"template":"","format":"standard","meta":{"_monsterinsights_skip_tracking":false,"_monsterinsights_sitenote_active":false,"_monsterinsights_sitenote_note":"","_monsterinsights_sitenote_category":0,"footnotes":""},"categories":[13,8],"tags":[103,52],"class_list":{"0":"post-29837","1":"post","2":"type-post","3":"status-publish","4":"format-standard","5":"has-post-thumbnail","7":"category-arbitragem","8":"category-voleibol","9":"tag-epoca-2023-2024","10":"tag-portugueses-no-mundo","11":"czr-hentry"},"aioseo_notices":[],"_links":{"self":[{"href":"https:\/\/fpvoleibol.pt\/fpv\/wp-json\/wp\/v2\/posts\/29837","targetHints":{"allow":["GET"]}}],"collection":[{"href":"https:\/\/fpvoleibol.pt\/fpv\/wp-json\/wp\/v2\/posts"}],"about":[{"href":"https:\/\/fpvoleibol.pt\/fpv\/wp-json\/wp\/v2\/types\/post"}],"author":[{"embeddable":true,"href":"https:\/\/fpvoleibol.pt\/fpv\/wp-json\/wp\/v2\/users\/2"}],"replies":[{"embeddable":true,"href":"https:\/\/fpvoleibol.pt\/fpv\/wp-json\/wp\/v2\/comments?post=29837"}],"version-history":[{"count":5,"href":"https:\/\/fpvoleibol.pt\/fpv\/wp-json\/wp\/v2\/posts\/29837\/revisions"}],"predecessor-version":[{"id":29856,"href":"https:\/\/fpvoleibol.pt\/fpv\/wp-json\/wp\/v2\/posts\/29837\/revisions\/29856"}],"wp:featuredmedia":[{"embeddable":true,"href":"https:\/\/fpvoleibol.pt\/fpv\/wp-json\/wp\/v2\/media\/29009"}],"wp:attachment":[{"href":"https:\/\/fpvoleibol.pt\/fpv\/wp-json\/wp\/v2\/media?parent=29837"}],"wp:term":[{"taxonomy":"category","embeddable":true,"href":"https:\/\/fpvoleibol.pt\/fpv\/wp-json\/wp\/v2\/categories?post=29837"},{"taxonomy":"post_tag","embeddable":true,"href":"https:\/\/fpvoleibol.pt\/fpv\/wp-json\/wp\/v2\/tags?post=29837"}],"curies":[{"name":"wp","href":"https:\/\/api.w.org\/{rel}","templated":true}]}}