{"id":2970,"date":"2021-01-08T12:14:38","date_gmt":"2021-01-08T11:14:38","guid":{"rendered":"https:\/\/fpvoleibol.pt\/fpv\/?p=2970"},"modified":"2021-01-08T12:17:49","modified_gmt":"2021-01-08T11:17:49","slug":"treinos-regulares-de-sub-16-femininos","status":"publish","type":"post","link":"https:\/\/fpvoleibol.pt\/fpv\/2021\/01\/08\/treinos-regulares-de-sub-16-femininos\/","title":{"rendered":"TREINOS REGULARES DE SUB-16 FEMININOS"},"content":{"rendered":"<p><img loading=\"lazy\" decoding=\"async\" class=\"alignnone size-full wp-image-2975\" src=\"https:\/\/fpvoleibol.pt\/fpv\/wp-content\/uploads\/2021\/01\/Sub17femininos.jpg\" alt=\"\" width=\"960\" height=\"540\" srcset=\"https:\/\/fpvoleibol.pt\/fpv\/wp-content\/uploads\/2021\/01\/Sub17femininos.jpg 960w, https:\/\/fpvoleibol.pt\/fpv\/wp-content\/uploads\/2021\/01\/Sub17femininos-300x169.jpg 300w, https:\/\/fpvoleibol.pt\/fpv\/wp-content\/uploads\/2021\/01\/Sub17femininos-768x432.jpg 768w, https:\/\/fpvoleibol.pt\/fpv\/wp-content\/uploads\/2021\/01\/Sub17femininos-528x297.jpg 528w\" sizes=\"auto, (max-width: 960px) 100vw, 960px\" \/><\/p>\n<p>Tendo em vista a prepara\u00e7\u00e3o da <strong>Selec\u00e7\u00e3o Nacional de Sub-16 Femininos<\/strong> para o <span style=\"text-decoration: underline;\">Torneio da WEVZA \u2013 de qualifica\u00e7\u00e3o para o Campeonato da Europa da categoria,<\/span> a disputar em Mar\u00e7o de 2021\u2013 e no seguimento do <a href=\"https:\/\/www.facebook.com\/fpvoleibol\/videos\/2891971931071289\">est\u00e1gio realizado em Dezembro \u00faltimo<\/a>, a equipa t\u00e9cnica liderada por Rui Pedro Silva convocou as seguintes atletas para treinos regulares:<\/p>\n<p><span style=\"text-decoration: underline;\"><strong>Convocadas<\/strong><\/span><\/p>\n<p><strong>AA S. Mamede<\/strong><br \/>\nMariana Duarte<\/p>\n<p><strong>AJM\/FC Porto<\/strong><br \/>\nEma Torres<br \/>\nMariana Marques<br \/>\nMaria Jo\u00e3o Peres<br \/>\nCarolina Pacheco Mendes<\/p>\n<p><strong>Boavista FC<\/strong><br \/>\nRita Ben\u00eddeo<br \/>\nFrancisca Guedes<\/p>\n<p><strong>Cast\u00ealo da Maia GC<\/strong><br \/>\nIn\u00eas Campos<br \/>\nLuna Nunes<\/p>\n<p><strong>GC Vilacondense<\/strong><br \/>\nLia Forman<\/p>\n<p><strong>Leix\u00f5es SC<\/strong><br \/>\nFrancisca Pelicano<br \/>\nBeatriz Cerveira<\/p>\n<p><strong>SC Braga<\/strong><br \/>\nLeonor Coelho<br \/>\nMaria Rita Mello<\/p>\n<p><strong>VC Viana<\/strong><br \/>\nMaria Carlota Amaral<\/p>\n<p>Os treinos regulares realizam-se de segunda a quinta-feira (18h30 \u00e0s 21h30) na Escola Secund\u00e1ria Rodrigues de Freitas, no Porto.<\/p>\n<p style=\"font-weight: 400; text-align: left;\">Os treinos desta selec\u00e7\u00e3o integram-se na prepara\u00e7\u00e3o para as competi\u00e7\u00f5es da <strong>Associa\u00e7\u00e3o Zonal de Voleibol do Oeste Europeu<\/strong> (Western European Volleyball Zonal Association).<\/p>\n<p><strong>Ver v\u00eddeo do est\u00e1gio de prepara\u00e7\u00e3o<\/strong> <a href=\"https:\/\/www.facebook.com\/fpvoleibol\/videos\/2891971931071289\">aqui<\/a><\/p>\n<p style=\"font-weight: 400; text-align: left;\">Mais conhecida pela sigla WEVZA, a <strong>Associa\u00e7\u00e3o Zonal de Voleibol do Oeste Europeu <\/strong>foi constitu\u00edda no dia 26 de Setembro de 2013, integra oito pa\u00edses \u2013 Portugal, Espanha, Alemanha, B\u00e9lgica, It\u00e1lia, Holanda, Fran\u00e7a e Su\u00ed\u00e7a \u2013 e tem actualmente como Presidente o portugu\u00eas Vicente Ara\u00fajo, Presidente da FPV, e como Vice-Presidentes o franc\u00eas Eric Tanguy, Presidente da Federa\u00e7\u00e3o Francesa, e o belga Claude Kriescher, representante da Federa\u00e7\u00e3o Belga.<\/p>\n<p class=\"auto-style2\" style=\"text-align: left;\" align=\"justify\">O objectivo primordial desta associa\u00e7\u00e3o zonal \u00e9 fortalecer e fomentar a organiza\u00e7\u00e3o de actividades desportivas, tanto de Voleibol como de Voleibol de Praia, com especial \u00eanfase nas categorias de forma\u00e7\u00e3o.<\/p>\n<p class=\"auto-style2\" align=\"justify\">A Confedera\u00e7\u00e3o Europeia de Voleibol (CEV) conta com seis associa\u00e7\u00f5es zonais: a WEVZA (Europa Ocidental), a BVA (Balc\u00e3s), a EEVZA (Europa de Leste), a MEVZA (Europa Central), a NEVZA (Europa do Norte) e ainda a SCD (Divis\u00e3o dos Pequenos Pa\u00edses), da qual fazem parte Andorra, Chipre, Ilhas Faro\u00e9, Gibraltar, Gronel\u00e2ndia, Isl\u00e2ndia, Irlanda, Liechtenstein, Luxemburgo, Malta, M\u00f3naco, Irlanda do Norte, San Marino, Esc\u00f3cia e Pa\u00eds de Gales.<\/p>\n<p class=\"auto-style2\" align=\"justify\">Mais informa\u00e7\u00f5es:\u00a0<a href=\"http:\/\/wevza.com\/\" target=\"_blank\" rel=\"noopener noreferrer\">www.wevza.com<\/a>\u00a0\/\u00a0\u00a0<a href=\"http:\/\/www.cev.lu\/\" target=\"_blank\" rel=\"noopener noreferrer\">www.cev.lu<\/a><\/p>\n","protected":false},"excerpt":{"rendered":"<p>Tendo em vista a prepara\u00e7\u00e3o da Selec\u00e7\u00e3o Nacional de Sub-16 Femininos para o Torneio da WEVZA \u2013 de qualifica\u00e7\u00e3o para o Campeonato da Europa da categoria, a disputar em Mar\u00e7o [&hellip;]<\/p>\n","protected":false},"author":2,"featured_media":0,"comment_status":"open","ping_status":"open","sticky":false,"template":"","format":"standard","meta":{"_monsterinsights_skip_tracking":false,"_monsterinsights_sitenote_active":false,"_monsterinsights_sitenote_note":"","_monsterinsights_sitenote_category":0,"footnotes":""},"categories":[8],"tags":[],"class_list":{"0":"post-2970","1":"post","2":"type-post","3":"status-publish","4":"format-standard","6":"category-voleibol","7":"czr-hentry"},"aioseo_notices":[],"_links":{"self":[{"href":"https:\/\/fpvoleibol.pt\/fpv\/wp-json\/wp\/v2\/posts\/2970","targetHints":{"allow":["GET"]}}],"collection":[{"href":"https:\/\/fpvoleibol.pt\/fpv\/wp-json\/wp\/v2\/posts"}],"about":[{"href":"https:\/\/fpvoleibol.pt\/fpv\/wp-json\/wp\/v2\/types\/post"}],"author":[{"embeddable":true,"href":"https:\/\/fpvoleibol.pt\/fpv\/wp-json\/wp\/v2\/users\/2"}],"replies":[{"embeddable":true,"href":"https:\/\/fpvoleibol.pt\/fpv\/wp-json\/wp\/v2\/comments?post=2970"}],"version-history":[{"count":4,"href":"https:\/\/fpvoleibol.pt\/fpv\/wp-json\/wp\/v2\/posts\/2970\/revisions"}],"predecessor-version":[{"id":2980,"href":"https:\/\/fpvoleibol.pt\/fpv\/wp-json\/wp\/v2\/posts\/2970\/revisions\/2980"}],"wp:attachment":[{"href":"https:\/\/fpvoleibol.pt\/fpv\/wp-json\/wp\/v2\/media?parent=2970"}],"wp:term":[{"taxonomy":"category","embeddable":true,"href":"https:\/\/fpvoleibol.pt\/fpv\/wp-json\/wp\/v2\/categories?post=2970"},{"taxonomy":"post_tag","embeddable":true,"href":"https:\/\/fpvoleibol.pt\/fpv\/wp-json\/wp\/v2\/tags?post=2970"}],"curies":[{"name":"wp","href":"https:\/\/api.w.org\/{rel}","templated":true}]}}