{"id":29471,"date":"2023-12-08T22:20:52","date_gmt":"2023-12-08T22:20:52","guid":{"rendered":"https:\/\/fpvoleibol.pt\/fpv\/?p=29471"},"modified":"2023-12-09T11:19:50","modified_gmt":"2023-12-09T11:19:50","slug":"arbitro-portugues-nas-finais-do-circuito-mundial","status":"publish","type":"post","link":"https:\/\/fpvoleibol.pt\/fpv\/2023\/12\/08\/arbitro-portugues-nas-finais-do-circuito-mundial\/","title":{"rendered":"\u00c1RBITRO PORTUGU\u00caS NAS FINAIS DO CIRCUITO MUNDIAL"},"content":{"rendered":"<p><img loading=\"lazy\" decoding=\"async\" class=\"size-full wp-image-29475 aligncenter\" src=\"https:\/\/fpvoleibol.pt\/fpv\/wp-content\/uploads\/2023\/12\/ruicarvalho_fin_d.jpg\" alt=\"\" width=\"960\" height=\"540\" srcset=\"https:\/\/fpvoleibol.pt\/fpv\/wp-content\/uploads\/2023\/12\/ruicarvalho_fin_d.jpg 960w, https:\/\/fpvoleibol.pt\/fpv\/wp-content\/uploads\/2023\/12\/ruicarvalho_fin_d-300x169.jpg 300w, https:\/\/fpvoleibol.pt\/fpv\/wp-content\/uploads\/2023\/12\/ruicarvalho_fin_d-768x432.jpg 768w, https:\/\/fpvoleibol.pt\/fpv\/wp-content\/uploads\/2023\/12\/ruicarvalho_fin_d-528x297.jpg 528w\" sizes=\"auto, (max-width: 960px) 100vw, 960px\" \/>As <a href=\"https:\/\/en.volleyballworld.com\/beachvolleyball\/competitions\/beach-pro-tour\/2023\/the-finals\/doha-qat\/\">Beach Pro Tour Finals<\/a> est\u00e3o a decorrer em Doha, no Catar, e definem os campe\u00f5es de 2023 do Circuito Mundial de Voleibol de Praia.<\/p>\n<p>O portugu\u00eas <strong>Rui Carvalho<\/strong> vai arbitrar amanh\u00e3 (11h00) a meia-final de femininos disputada pelas duplas Kristen Nuss\/Taryn Kloth (Estados Unidos) e Mariafe Artacho Del Solar\/Taliqua Clancy (Austr\u00e1lia).<\/p>\n<p>Rui Carvalho j\u00e1 tinha arbitrado este ano a final do torneio de masculinos dos Europeus de Voleibol de Praia, que decorreram na cidade alem\u00e3 de Munique e colocaram frente a frente os checos Perusic e Schweiner e os suecos Ahman e Hellvig, um dia depois de ter <em>dirigido<\/em>\u00a0o jogo de atribui\u00e7\u00e3o dos 3.\u00ba e 4.\u00ba lugares do torneio de femininos, que as holandesas Stam e Schoon venceram (2-1) frente \u00e0s espanholas \u00c1lvarez e Moreno.<\/p>\n<p><img loading=\"lazy\" decoding=\"async\" class=\"size-full wp-image-18715 aligncenter\" src=\"https:\/\/fpvoleibol.pt\/fpv\/wp-content\/uploads\/2022\/08\/vp-europeus2022-d1.jpg\" alt=\"\" width=\"1000\" height=\"666\" srcset=\"https:\/\/fpvoleibol.pt\/fpv\/wp-content\/uploads\/2022\/08\/vp-europeus2022-d1.jpg 1000w, https:\/\/fpvoleibol.pt\/fpv\/wp-content\/uploads\/2022\/08\/vp-europeus2022-d1-300x200.jpg 300w, https:\/\/fpvoleibol.pt\/fpv\/wp-content\/uploads\/2022\/08\/vp-europeus2022-d1-768x511.jpg 768w\" sizes=\"auto, (max-width: 1000px) 100vw, 1000px\" \/><\/p>\n<p class=\"auto-style1\"><strong>Rui Carvalho<\/strong>, al\u00e9m de ter <em>apitado<\/em>\u00a0a<a href=\"https:\/\/www.fpvoleibol.pt\/noticias\/2012\/20120810-297.html?_ga=2.171237024.1292916403.1661076800-678894450.1661076800\" target=\"_blank\" rel=\"noopener noreferrer\">\u00a0final de masculinos de Voleibol de Praia nos Jogos Ol\u00edmpicos de Londres 2012<\/a>, esteve igualmente presente no jogo de atribui\u00e7\u00e3o do 3.\u00ba e 4.\u00ba lugar dos Jogos Ol\u00edmpicos de T\u00f3quio.<\/p>\n<p class=\"auto-style1\">Informa\u00e7\u00f5es adicionais:\u00a0<a href=\"http:\/\/www.cev.eu\/\" target=\"_blank\" rel=\"noopener noreferrer\">www.cev.eu<\/a>\u00a0\/\u00a0<a href=\"http:\/\/www.fivb.com\/\" target=\"_blank\" rel=\"noopener noreferrer\">www.fivb.com<\/a><\/p>\n","protected":false},"excerpt":{"rendered":"<p>As Beach Pro Tour Finals est\u00e3o a decorrer em Doha, no Catar, e definem os campe\u00f5es de 2023 do Circuito Mundial de Voleibol de Praia. O portugu\u00eas Rui Carvalho vai [&hellip;]<\/p>\n","protected":false},"author":2,"featured_media":29476,"comment_status":"open","ping_status":"open","sticky":false,"template":"","format":"standard","meta":{"_monsterinsights_skip_tracking":false,"_monsterinsights_sitenote_active":false,"_monsterinsights_sitenote_note":"","_monsterinsights_sitenote_category":0,"footnotes":""},"categories":[13,9],"tags":[74],"class_list":{"0":"post-29471","1":"post","2":"type-post","3":"status-publish","4":"format-standard","5":"has-post-thumbnail","7":"category-arbitragem","8":"category-voleibol-de-praia","9":"tag-beach-pro-tour","10":"czr-hentry"},"aioseo_notices":[],"_links":{"self":[{"href":"https:\/\/fpvoleibol.pt\/fpv\/wp-json\/wp\/v2\/posts\/29471","targetHints":{"allow":["GET"]}}],"collection":[{"href":"https:\/\/fpvoleibol.pt\/fpv\/wp-json\/wp\/v2\/posts"}],"about":[{"href":"https:\/\/fpvoleibol.pt\/fpv\/wp-json\/wp\/v2\/types\/post"}],"author":[{"embeddable":true,"href":"https:\/\/fpvoleibol.pt\/fpv\/wp-json\/wp\/v2\/users\/2"}],"replies":[{"embeddable":true,"href":"https:\/\/fpvoleibol.pt\/fpv\/wp-json\/wp\/v2\/comments?post=29471"}],"version-history":[{"count":7,"href":"https:\/\/fpvoleibol.pt\/fpv\/wp-json\/wp\/v2\/posts\/29471\/revisions"}],"predecessor-version":[{"id":29478,"href":"https:\/\/fpvoleibol.pt\/fpv\/wp-json\/wp\/v2\/posts\/29471\/revisions\/29478"}],"wp:featuredmedia":[{"embeddable":true,"href":"https:\/\/fpvoleibol.pt\/fpv\/wp-json\/wp\/v2\/media\/29476"}],"wp:attachment":[{"href":"https:\/\/fpvoleibol.pt\/fpv\/wp-json\/wp\/v2\/media?parent=29471"}],"wp:term":[{"taxonomy":"category","embeddable":true,"href":"https:\/\/fpvoleibol.pt\/fpv\/wp-json\/wp\/v2\/categories?post=29471"},{"taxonomy":"post_tag","embeddable":true,"href":"https:\/\/fpvoleibol.pt\/fpv\/wp-json\/wp\/v2\/tags?post=29471"}],"curies":[{"name":"wp","href":"https:\/\/api.w.org\/{rel}","templated":true}]}}