{"id":29417,"date":"2023-12-06T11:04:31","date_gmt":"2023-12-06T11:04:31","guid":{"rendered":"https:\/\/fpvoleibol.pt\/fpv\/?p=29417"},"modified":"2023-12-06T12:23:16","modified_gmt":"2023-12-06T12:23:16","slug":"i-clinic-treinadores-anag","status":"publish","type":"post","link":"https:\/\/fpvoleibol.pt\/fpv\/2023\/12\/06\/i-clinic-treinadores-anag\/","title":{"rendered":"I CLINIC TREINADORES ANAG"},"content":{"rendered":"<p><strong><img loading=\"lazy\" decoding=\"async\" class=\"size-full wp-image-29424 aligncenter\" src=\"https:\/\/fpvoleibol.pt\/fpv\/wp-content\/uploads\/2023\/12\/ANAG_HS_d.jpg\" alt=\"\" width=\"960\" height=\"568\" srcset=\"https:\/\/fpvoleibol.pt\/fpv\/wp-content\/uploads\/2023\/12\/ANAG_HS_d.jpg 960w, https:\/\/fpvoleibol.pt\/fpv\/wp-content\/uploads\/2023\/12\/ANAG_HS_d-300x178.jpg 300w, https:\/\/fpvoleibol.pt\/fpv\/wp-content\/uploads\/2023\/12\/ANAG_HS_d-768x454.jpg 768w\" sizes=\"auto, (max-width: 960px) 100vw, 960px\" \/>Hugo Silva<\/strong> \u00e9 um dos convidados especiais da <span style=\"text-decoration: underline;\">I Clinic de Treinadores da Ala de Nun&#8217; \u00c1lvares de Gondomar<\/span> (ANAG), a realizar no dia 16 de Dezembro no pavilh\u00e3o da ANAG.<br \/>\nO Seleccionador Nacional de Seniores Femininos vai apresentar o tema \u00abLideran\u00e7a ao Alto n\u00edvel\u00bb.<\/p>\n<p>O evento, que \u00e9 aberto a treinadores externos, tem o seu in\u00edcio agendado para as 18h30 e como oradores especiais os treinadores <strong>Hugo Silva <\/strong>e<strong> Miguel Coelho<\/strong>, com o tema \u00abLideran\u00e7a ao Alto N\u00edvel\u00bb, e <strong>Tiago Gomes<\/strong>, com o tema \u00abPara al\u00e9m do campo: O treinador como l\u00edder de pessoas\u00bb.<\/p>\n<p>Informa\u00e7\u00f5es adicionais: <a href=\"https:\/\/www.facebook.com\/aladegondomar\">ANAG<\/a><\/p>\n","protected":false},"excerpt":{"rendered":"<p>Hugo Silva \u00e9 um dos convidados especiais da I Clinic de Treinadores da Ala de Nun&#8217; \u00c1lvares de Gondomar (ANAG), a realizar no dia 16 de Dezembro no pavilh\u00e3o da [&hellip;]<\/p>\n","protected":false},"author":2,"featured_media":29418,"comment_status":"open","ping_status":"open","sticky":false,"template":"","format":"standard","meta":{"_monsterinsights_skip_tracking":false,"_monsterinsights_sitenote_active":false,"_monsterinsights_sitenote_note":"","_monsterinsights_sitenote_category":0,"footnotes":""},"categories":[20,15,11,8],"tags":[103],"class_list":{"0":"post-29417","1":"post","2":"type-post","3":"status-publish","4":"format-standard","5":"has-post-thumbnail","7":"category-destaque","8":"category-diversos","9":"category-formacao","10":"category-voleibol","11":"tag-epoca-2023-2024","12":"czr-hentry"},"aioseo_notices":[],"_links":{"self":[{"href":"https:\/\/fpvoleibol.pt\/fpv\/wp-json\/wp\/v2\/posts\/29417","targetHints":{"allow":["GET"]}}],"collection":[{"href":"https:\/\/fpvoleibol.pt\/fpv\/wp-json\/wp\/v2\/posts"}],"about":[{"href":"https:\/\/fpvoleibol.pt\/fpv\/wp-json\/wp\/v2\/types\/post"}],"author":[{"embeddable":true,"href":"https:\/\/fpvoleibol.pt\/fpv\/wp-json\/wp\/v2\/users\/2"}],"replies":[{"embeddable":true,"href":"https:\/\/fpvoleibol.pt\/fpv\/wp-json\/wp\/v2\/comments?post=29417"}],"version-history":[{"count":3,"href":"https:\/\/fpvoleibol.pt\/fpv\/wp-json\/wp\/v2\/posts\/29417\/revisions"}],"predecessor-version":[{"id":29425,"href":"https:\/\/fpvoleibol.pt\/fpv\/wp-json\/wp\/v2\/posts\/29417\/revisions\/29425"}],"wp:featuredmedia":[{"embeddable":true,"href":"https:\/\/fpvoleibol.pt\/fpv\/wp-json\/wp\/v2\/media\/29418"}],"wp:attachment":[{"href":"https:\/\/fpvoleibol.pt\/fpv\/wp-json\/wp\/v2\/media?parent=29417"}],"wp:term":[{"taxonomy":"category","embeddable":true,"href":"https:\/\/fpvoleibol.pt\/fpv\/wp-json\/wp\/v2\/categories?post=29417"},{"taxonomy":"post_tag","embeddable":true,"href":"https:\/\/fpvoleibol.pt\/fpv\/wp-json\/wp\/v2\/tags?post=29417"}],"curies":[{"name":"wp","href":"https:\/\/api.w.org\/{rel}","templated":true}]}}