{"id":29177,"date":"2023-11-27T17:45:16","date_gmt":"2023-11-27T17:45:16","guid":{"rendered":"https:\/\/fpvoleibol.pt\/fpv\/?p=29177"},"modified":"2023-11-28T10:07:03","modified_gmt":"2023-11-28T10:07:03","slug":"portugueses-no-mundo-88","status":"publish","type":"post","link":"https:\/\/fpvoleibol.pt\/fpv\/2023\/11\/27\/portugueses-no-mundo-88\/","title":{"rendered":"PORTUGUESES NO MUNDO"},"content":{"rendered":"<p style=\"text-align: center;\"><img loading=\"lazy\" decoding=\"async\" class=\"size-full wp-image-29223 aligncenter\" src=\"https:\/\/fpvoleibol.pt\/fpv\/wp-content\/uploads\/2023\/11\/mtr_alex.jpg\" alt=\"\" width=\"973\" height=\"578\" srcset=\"https:\/\/fpvoleibol.pt\/fpv\/wp-content\/uploads\/2023\/11\/mtr_alex.jpg 973w, https:\/\/fpvoleibol.pt\/fpv\/wp-content\/uploads\/2023\/11\/mtr_alex-300x178.jpg 300w, https:\/\/fpvoleibol.pt\/fpv\/wp-content\/uploads\/2023\/11\/mtr_alex-768x456.jpg 768w\" sizes=\"auto, (max-width: 973px) 100vw, 973px\" \/><\/p>\n<p style=\"text-align: left;\">O Aluron CMC Warta Zawiercie, de <strong>Miguel Tavares Rodrigues<\/strong>, recebeu e venceu (<a href=\"https:\/\/www.plusliga.pl\/games\/id\/1102817.html#stats\">3-0: 25-19, 25-21 e 29-27<\/a>) o Bogdanka Luk Lublin, de <strong>Alexandre Ferreira<\/strong>.<br \/>\nAp\u00f3s o desfecho deste reencontro entre o distribuidor e o zona 4 (e capit\u00e3o) da Selec\u00e7\u00e3o Nacional de Seniores Masculinos, o Warta Zawiercie manteve a 4.\u00aa posi\u00e7\u00e3o na tabela classificativa da <span style=\"font-size: 12pt;\"><strong> <a href=\"https:\/\/www.plusliga.pl\/\">Plusliga<\/a><\/strong><\/span>, agora a apenas um ponto do 3.\u00ba classificado, enquanto o Bogdanka Luk Lublin desceu ao 6.\u00ba lugar.<br \/>\nMiguel contabilizou <a href=\"https:\/\/www.plusliga.pl\/games\/id\/1102817.html#stats\">2 pontos<\/a> (ataque e servi\u00e7o) e Alex <a href=\"https:\/\/www.plusliga.pl\/games\/id\/1102817.html#stats\">9<\/a> (8 ataques e 1 bloco), no regresso a um pavilh\u00e3o e a um p\u00fablico que conhece bem, pois representou as cores do Warta Zawiercie nas \u00e9pocas de 2018\/19 e 2019\/20.<br \/>\nNa 9.\u00aa jornada, o Bogdanka Luk Lublin recebe o Jastrzebski Wegiel (l\u00edder isolado) no dia 2 de Dezembro e o Aluron CMC Warta Zawiercie \u00e9 o anfitri\u00e3o do Trefl Gdansk (3.\u00ba classificado) no dia seguinte.<br \/>\nNas competi\u00e7\u00f5es europeias, o Aluron CMC Warta Zawiercie est\u00e1 apurado para os 16 avos-de-final da Ta\u00e7a CEV, onde vai voltar a medir for\u00e7as, no dia 29 de Novembro, com os b\u00falgaros do Hebar Pazardzhik.<br \/>\nNa primeira m\u00e3o, a equipa polaca venceu por <a href=\"https:\/\/www-old.cev.eu\/Competition-Area\/MatchStatistics.aspx?ID=69064\">3-0 (25-19, 25-13 e 25-18)<\/a>, com Miguel Tavares Rodrigues a rubricar dois pontos (servi\u00e7o e bloco).<\/p>\n<p style=\"text-align: center;\"><img loading=\"lazy\" decoding=\"async\" class=\"size-full wp-image-29226 aligncenter\" src=\"https:\/\/fpvoleibol.pt\/fpv\/wp-content\/uploads\/2023\/11\/AluronxBogdanka_Alex_ob.jpg\" alt=\"\" width=\"960\" height=\"948\" srcset=\"https:\/\/fpvoleibol.pt\/fpv\/wp-content\/uploads\/2023\/11\/AluronxBogdanka_Alex_ob.jpg 960w, https:\/\/fpvoleibol.pt\/fpv\/wp-content\/uploads\/2023\/11\/AluronxBogdanka_Alex_ob-300x296.jpg 300w, https:\/\/fpvoleibol.pt\/fpv\/wp-content\/uploads\/2023\/11\/AluronxBogdanka_Alex_ob-768x758.jpg 768w\" sizes=\"auto, (max-width: 960px) 100vw, 960px\" \/><span style=\"font-size: 8pt;\"><strong>Reconhecimento por parte do Warta Zawiercie<\/strong><\/span><\/p>\n<p>Em Fran\u00e7a, o Saint-Nazaire VBA, de <strong>Louren\u00e7o Martins<\/strong>, recebeu e derrotou o Narbonne Volley (<a href=\"https:\/\/lnv-web.dataproject.com\/MatchStatistics.aspx?mID=7341&amp;ID=105&amp;CID=255&amp;PID=142&amp;type=LegList\">3-0: 25-13, 25-22 e 25-19<\/a>), com o zona 4 portugu\u00eas cotar-se como o melhor pontuador do jogo ao contabilizar 11 pontos (8 ataques, 2 blocos e 1 servi\u00e7o).<br \/>\nNa 9.\u00aa jornada da Liga Francesa (<a href=\"https:\/\/lnv-web.dataproject.com\/CompetitionMatches.aspx?ID=105&amp;PID=142\">Marmara Spikeligue<\/a>), a equipa do internacional lusitano, que ocupa o 6.\u00ba lugar na tabela classificativa, recebe o Toulouse (3.\u00ba) no dia 1 de Dezembro.<br \/>\nNa Challenge Cup, os gauleses visitaram e derrotaram (<a href=\"https:\/\/www-old.cev.eu\/Competition-Area\/MatchStatistics.aspx?ID=69159\">3-1: 22-25, 25-19, 25-18 e 25-21<\/a>) os b\u00falgaros do Deya Sport Burgas, com o zona 4 da Selec\u00e7\u00e3o Nacional a contribuir com 6 pontos (5 ataques e 1 bloco).<br \/>\nO jogo da 2.\u00aa m\u00e3o dos 16 avos-de-final da Challenge Cup est\u00e1 agendado para amanh\u00e3, em Fran\u00e7a.<\/p>\n<p style=\"text-align: center;\"><img loading=\"lazy\" decoding=\"async\" class=\"size-full wp-image-29216 aligncenter\" src=\"https:\/\/fpvoleibol.pt\/fpv\/wp-content\/uploads\/2023\/11\/Bruno_Dias_Piacenza_d.jpg\" alt=\"\" width=\"960\" height=\"443\" srcset=\"https:\/\/fpvoleibol.pt\/fpv\/wp-content\/uploads\/2023\/11\/Bruno_Dias_Piacenza_d.jpg 960w, https:\/\/fpvoleibol.pt\/fpv\/wp-content\/uploads\/2023\/11\/Bruno_Dias_Piacenza_d-300x138.jpg 300w, https:\/\/fpvoleibol.pt\/fpv\/wp-content\/uploads\/2023\/11\/Bruno_Dias_Piacenza_d-768x354.jpg 768w\" sizes=\"auto, (max-width: 960px) 100vw, 960px\" \/><span style=\"font-size: 8pt;\"><strong>Fotos: <a href=\"https:\/\/www.legavolley.it\">legavolley<\/a> \/ <a href=\"https:\/\/www.gassalespiacenza.it\/\">Piacenza<\/a><\/strong><\/span><\/p>\n<p>Em It\u00e1lia, o Gas Sales Bluenergy Piacenza, de <strong>Bruno Dias<\/strong>, visitou o Mint Vero Volley Monza, advers\u00e1rio do <span style=\"text-decoration: underline;\">Sporting CP<\/span> na Challenge Cup, tendo sa\u00eddo derrotado pela diferen\u00e7a m\u00ednima (<a href=\"https:\/\/www.legavolley.it\/match\/37109\">2-3: 25-22, 21-25, 25-19, 20-25 e 12-15<\/a>) e ocupa actualmente o 4.\u00ba lugar na classifica\u00e7\u00e3o geral da\u00a0<a href=\"https:\/\/www.legavolley.it\/risultati\/?Anno=2023&amp;IdCampionato=911\">SuperLega Credem Banca<\/a>.<br \/>\nNa 8.\u00aa jornada, agendada para o dia 3 de Dezembro, o Piacenza recebe o Rana Verona (10.\u00ba).<br \/>\nNa Liga dos Campe\u00f5es, a equipa transalpina, que se estreou a perder (1-3) com os turcos do Halkbank Ankara na Pool C, vai defrontar o SL Benfica no dia 30 de Novembro, em Lisboa.<\/p>\n<p>Na <a href=\"https:\/\/www.legavolleyfemminile.it\/\">Liga A2 A italiana &#8211; femininos<\/a>, o CDA Volley Talmassons, de <strong>J\u00falia Kavalenka<\/strong>,\u00a0subiu ao 3.\u00ba lugar da classifica\u00e7\u00e3o ao receber e vencer (<a href=\"https:\/\/www.legavolleyfemminile.it\/match-center\/746539\/\">3-2: 25-27, 19-25, 25-17, 25-17 e 15-12<\/a>) o Valsabbina Millenium Brescia, com a oposta da Selec\u00e7\u00e3o Nacional a assinar 14 pontos (9 ataques, 3 blocos e 2 servi\u00e7os).<br \/>\nDepois, somou nova vit\u00f3ria, desta vez no recinto do VTB Fcredil Bologna: <a href=\"https:\/\/www.lvf.biz\/public\/tabellini\/746544_3247_scoresheet.pdf\">3-1 (21-25, 25-20, 25-23 e 25-23)<\/a>. A jogadora portuguesa foi pouco utilizada mas ainda assim contabilizou 6 pontos (4 ataques e 2 blocos).<br \/>\nNa pr\u00f3xima jornada, marcada para o dia 3 de Dezembro, o Talmassons recebe o Volley Soverato (8.\u00ba).<\/p>\n<p>Em Espanha, o Grupo Herce Soria (CDV R\u00edo Duero Soria), de <strong>Bruno Cunha<\/strong>, recebeu o CV San Roque, tendo triunfado por <a href=\"https:\/\/rfevb-web.dataproject.com\/MatchStatistics.aspx?mID=10871&amp;ID=124&amp;CID=295&amp;PID=152&amp;type=LegList\">3-1 (25-17, 29-31, 25-16 e 25-22)<\/a>.<br \/>\nO oposto portugu\u00eas contabilizou 22 pontos no ataque, tendo sido o segundo melhor pontuador do jogo e o jogador que conseguiu mais pontos no ataque na <a style=\"color: #001b2e;\" href=\"https:\/\/www.rfevb.com\/svm-tops-de-la-jornada\">9.\u00aa jornada<\/a>.<br \/>\nNa pr\u00f3xima jornada, o Soria, que ocupa o 2.\u00ba lugar na classifica\u00e7\u00e3o da <a href=\"http:\/\/www.rfevb.com\">Superliga espanhola<\/a>, em igualdade pontual com o l\u00edder Almeria, visita no dia 2 de Dezembro o Cisneros Alter Tenerife (5.\u00ba).<br \/>\nNos 16 avos-de-final da Ta\u00e7a CEV, os espanh\u00f3is \u00a0foram vencer (<a href=\"https:\/\/www-old.cev.eu\/Competition-Area\/MatchStatistics.aspx?ID=69056\">3-0: 26-24, 25-22 e 25-20<\/a>) \u00e0 S\u00e9rvia o Vojvodina Novi Sad, com o oposto portugu\u00eas a cotar-se como o melhor pontuador do jogo, com 15 pontos (14 ataques e 1 bloco).<br \/>\nO segundo jogo est\u00e1 agendado para o dia 29 de Novembro, em Espanha.<\/p>\n<p>Na Ch\u00e9quia, o Kladno Volejabl cz, de <strong>Jos\u00e9 Neves<\/strong>, visitou e venceu (<a href=\"https:\/\/cvf-web.dataproject.com\/MatchStatistics.aspx?mID=3043&amp;ID=34\">2-3: 23-25, 26-24, 25-21, 19-25 e 15-12<\/a>) o Odolena Voda e continua a liderar, isolado e invicto, a <a href=\"https:\/\/www.cvf.cz\/\">Extraligy,<\/a> o principal campeonato checo.<br \/>\nNo dia 29 de Novembro, o Kladno visita os b\u00f3snios do OK Radnik Bijejina em jogo da 2.\u00aa m\u00e3o dos 16 avos-de-final da Ta\u00e7a CEV.<br \/>\nNo dia 2 de Dezembro, recebe o VK Lvi Praga, vice-l\u00edder, em jogo da 9.\u00aa jornada da Extraligy.<\/p>\n<p><span style=\"text-decoration: underline;\">Atletas \/ t\u00e9cnicos que actuam no estrangeiro e\/ou com<b> *inscri\u00e7\u00e3o iniciada em 2023\/2024<\/b>:<\/span><\/p>\n<p><strong><span style=\"text-decoration: underline;\">Processo conclu\u00eddo<\/span><\/strong><\/p>\n<p><a href=\"https:\/\/lkpslublin.pl\">Bogdanka Luk Lublin (Pol\u00f3nia)<\/a> \u2013 Alexandre Ferreira<br \/>\n<a href=\"http:\/\/www.plusliga.pl\/en\/teams\/id\/30288.html\" target=\"_blank\" rel=\"noopener noreferrer\">Aluron Warta Zawiercie (Pol\u00f3nia)<\/a> \u2013 Miguel Tavares Rodrigues<br \/>\n<a href=\"http:\/\/www.snvba.net\/\" target=\"_blank\" rel=\"noopener noreferrer\">Saint-Nazaire VB Atlantique (Fran\u00e7a)<\/a> \u2013 Louren\u00e7o Martins<br \/>\n<a href=\"https:\/\/kladno.volejbal.cz\/\">Kladno Volejbal cz (Ch\u00e9quia)<\/a> \u2013 Jos\u00e9 Neves<br \/>\n<a href=\"https:\/\/www.rioduerovoley.com\/\">CDV R\u00edo Duero Soria (Espanha)<\/a> \u2013 Bruno Cunha<br \/>\n<a href=\"https:\/\/www.volley2001garlasco.it\/\">Volley 2001 Garlasco (It\u00e1lia)<\/a>\u00a0\u2013 Gustavo Cavalcanti<br \/>\n<a href=\"https:\/\/volleytalmassons.it\/\">CDA Volley Talmassons (It\u00e1lia)<\/a> \u2013 J\u00falia Kavalenka<br \/>\n<a href=\"https:\/\/www.gassalespiacenza.it\/\">You Energy Volley Piacenza (It\u00e1lia)<\/a> \u2013 Bruno Dias<br \/>\n<a href=\"https:\/\/www.facebook.com\/pallavoloazzurra.alessano?locale=it_IT\">Pallavolo Azzurra Alessano \u2013 Aurispa Delcar Lecce (It\u00e1lia)<\/a>\u00a0\u2013 Jos\u00e9 Pedro Monteiro<br \/>\n<a style=\"color: #001b2e;\" href=\"https:\/\/www.aich-dob.at\/\">SK Zadruga Aich\/Dob (\u00c1ustria)<\/a>\u00a0\u2013 Miguel Sinfr\u00f3nio<br \/>\n<a href=\"https:\/\/www.uvcgraz.at\/\">UVC Holding Graz (\u00c1ustria)<\/a>\u00a0\u2013 Jos\u00e9 Jardim<br \/>\n<a href=\"https:\/\/www.facebook.com\/syrosvolleyball\/\">Foinikas Syros (Gr\u00e9cia)<\/a> \u2013 Jos\u00e9 Pedro Gomes<br \/>\n<a href=\"https:\/\/www.facebook.com\/ASDTreviglioPallavolo\">ASD Treviglio Pallavolo (It\u00e1lia)<\/a> \u2013 Ana Rita Branco<br \/>\n<a href=\"https:\/\/knrc.hu\/\">KNRC Kaposv\u00e1r (Hungria)<\/a> \u2013 Marta Hurst<br \/>\n<a href=\"https:\/\/cambraivolley.com\/\">Volley Club de Cambrai (Fran\u00e7a)<\/a> \u2013 Guilherme Maia<br \/>\n<a href=\"https:\/\/laillevolley.fr\/\">Union Sportive Laille (Fran\u00e7a)<\/a>\u00a0\u2013 Tiago Fernandes<br \/>\n<a href=\"https:\/\/www.facebook.com\/AlCaudryVolleyBall\/\" target=\"_blank\" rel=\"noopener noreferrer\">Al Caudry Volley-Ball (Fran\u00e7a)<\/a>\u00a0\u2013 Joana Gonzalez<br \/>\n<a href=\"https:\/\/www.facebook.com\/AlCaudryVolleyBall\/\" target=\"_blank\" rel=\"noopener noreferrer\">Al Caudry Volley-Ball (Fran\u00e7a)<\/a> \u2013 Ana Matos<br \/>\n<a href=\"https:\/\/www.vnvb.fr\/\">Vand\u0153uvre Nancy Volley-Ball (Fran\u00e7a)<\/a> \u2013 Jo\u00e3o Scheltinga<br \/>\n<a href=\"https:\/\/www.facebook.com\/EVVSM\/\">Volley Vernon St. Marcel (Fran\u00e7a)<\/a> \u2013 Ecaterina Ursu<br \/>\n<a href=\"https:\/\/www.facebook.com\/wissousvolley\/\">Union Sportive Wissous VB (Fran\u00e7a)<\/a> \u2013 Joana Filipa Ferreira Lobo<br \/>\n<a href=\"https:\/\/www.annecyvolleyball.com\/page\/1436123-le-club\">Annecy Volley-Ball (Fran\u00e7a)<\/a> \u2013 \u00c2ngelo Sarova Gomes<br \/>\n<a href=\"https:\/\/www.charleroivolley.be\/\">ES Charleroi Volley (B\u00e9lgica)<\/a>\u00a0\u2013 Beatriz Santos<br \/>\n<a href=\"http:\/\/www.le-volleys.de\/regionalliga-ost.html\" target=\"_blank\" rel=\"noopener noreferrer\">LE Volleys (Alemanha)<\/a> \u2013 Lorena Matilde Silveira<br \/>\n<a href=\"http:\/\/www.vbc-kl.de\/\">VBC Kaiserslautern (Alemanha)<\/a> \u2013 J\u00e9ssica Soares<br \/>\n<a href=\"https:\/\/southamptonvolleyball.co.uk\/\">Southampton Volleyball Clube (Inglaterra)<\/a>\u00a0\u2013 Ema Sofia Carneiro<br \/>\n<a href=\"http:\/\/www.darkstarvolleyball.com\/our-teams\/male-player\/\">Darkstar Derbyshire (Inglaterra)<\/a> \u2013 Marcelo Goulart<br \/>\n<a href=\"https:\/\/www.dartfordvolleyballclub.co.uk\/\">Dartford Volleyball Club (Inglaterra)<\/a> \u2013 Mariana Cruz Santos<br \/>\n<a href=\"https:\/\/southamptonvolleyball.co.uk\/\">Southampton Volleyball Club (Inglaterra)<\/a>\u00a0\u2013 Maria Lima Antunes<br \/>\n<a href=\"https:\/\/southamptonvolleyball.co.uk\/\">Southampton Volleyball Club (Inglaterra)<\/a> \u2013 Iara Amaral<br \/>\n<a href=\"https:\/\/southamptonvolleyball.co.uk\/\">Southampton Volleyball Club (Inglaterra)<\/a> \u2013 Dina Grosu<br \/>\n<a href=\"https:\/\/www.onyxvolleyball.com\/\">Onyx Volleyball Club (Inglaterra)<\/a> \u2013 Jo\u00e3o Alexandre Ribeiro Silva<br \/>\n<a href=\"https:\/\/www.facebook.com\/IBBPoloniaVC\">IBB Polonia London Volleyball Club (Inglaterra)<\/a> \u2013 Jo\u00e3o Alves<br \/>\n<a href=\"https:\/\/www.iksu.se\/sv\/sektioner\/iksu-volleyboll2\/\">IKSU (Su\u00e9cia)<\/a> \u2013 Daniela Macedo Fangueiro<br \/>\n<a href=\"https:\/\/cityvolleybasel.ch\/\">Traktor Basel Volley (Su\u00ed\u00e7a)<\/a> \u2013 Diogo Figueiredo<br \/>\n<a href=\"https:\/\/www.facebook.com\/VolleyballEchternach\">VB Echternach (Luxemburgo<\/a>) \u2013 Daniel Dias Amorim<br \/>\n<a href=\"https:\/\/www.facebook.com\/birkirkaravolleyball\">Birkirkara Volleyball Club (Malta)<\/a> \u2013 Ashley Rose Fantazia<\/p>\n<p>&#8230;&#8230;&#8230;&#8230;&#8230;&#8230;&#8230;&#8230;&#8230;&#8230;&#8230;&#8230;&#8230;&#8230;&#8230;&#8230;&#8230;&#8230;&#8230;&#8230;&#8230;&#8230;&#8230;&#8230;&#8230;&#8230;&#8230;&#8230;&#8230;&#8230;&#8230;<\/p>\n<p><span style=\"text-decoration: underline;\"><span class=\"auto-style7\"><strong>Treinadores<\/strong><\/span><\/span>:<br \/>\n<a href=\"https:\/\/www.facebook.com\/toursvolleyball\">Tours VB (Fran\u00e7a)<\/a> \u2013 David Sousa<br \/>\n<a href=\"https:\/\/www.vnvb.fr\/\">Vand\u0153uvre Nancy Volley-Ball (Fran\u00e7a)<\/a> \u2013 Andr\u00e9 S\u00e1<br \/>\n<a href=\"https:\/\/www.vnvb.fr\/\">Vand\u0153uvre Nancy Volley-Ball (Fran\u00e7a)<\/a> \u2013 Jo\u00e3o Scheltinga<br \/>\n<a href=\"https:\/\/www.volleya.ch\/\">Raiffeisen Volleya Obwalden NLB (Alemanha)<\/a>\u00a0\u2013 Filipe Carrasco Soares<br \/>\n<a href=\"https:\/\/www.facebook.com\/ZESARVFM\/\">Volleyball Franches-Montagnes (Su\u00ed\u00e7a)<\/a> &#8211; Eduardo Faustino<br \/>\n<a href=\"https:\/\/www.facebook.com\/Cork-Volleyball-Academy-100484505416947\/\">Cork Volleyball Academy (Irlanda)<\/a> \u2013 Ant\u00f3nio Barros<\/p>\n<p style=\"text-align: center;\"><span style=\"text-decoration: underline;\"><strong>\u00c1rbitros portugueses em ac\u00e7\u00e3o<\/strong><\/span><\/p>\n<p><strong>Ricardo Ferreira<\/strong><br \/>\nAllianz Vero Volley Milano (It\u00e1lia) x Volley Mulhouse Alsace (Fran\u00e7a), Pool A da Liga dos Campe\u00f5es &#8211; femininos, no dia 6 de Dezembro de 2023.<br \/>\nJastrzebski Wegiel (Pol\u00f3nia) x &#8211; Jihostroj Ceske Budejovice (Ch\u00e9quia), Pool C da Liga dos Campe\u00f5es &#8211; masculinos, no dia 20 de Dezembro de 2023.<\/p>\n<p><strong>Jos\u00e9 Caramez<\/strong><br \/>\nPamesa Teruel (Espanha) x Panvita Pomgrad Murska Sobota, 2.\u00aa m\u00e3o dos 16 avos-de-final da Challenge Cup &#8211; masculinos, no dia 29 de Novembro de 2023.<\/p>\n<p><strong>Pedro Pinto<\/strong><br \/>\nSavino Del Bene Scandicci (It\u00e1lia) x Eczacibasi Dynavit Istanbul (Turquia), Pool B da Liga dos Campe\u00f5es &#8211; femininos, no dia 29 de Novembro de 2023.<br \/>\nAsseco Resovia Rzesz\u00f3w (Pol\u00f3nia) x Trentino Itas (It\u00e1lia), Pool B da Liga dos Campe\u00f5es &#8211; masculinos, no dia 13 de Dezembro de 2023.<\/p>\n<p style=\"text-align: left;\"><strong>V\u00edtor Gon\u00e7alves<br \/>\n<\/strong>\u00c1rbitro de Reserva no FC Porto x B\u00e9ziers VC, 1.\u00aa m\u00e3o dos oitavos-de-final da Ta\u00e7a CEV &#8211; femininos, no dia 28 de Novembro.<br \/>\nSVG Luneburg (Alemanha) x Jastrzebsi Wegiel (Pol\u00f3nia), Pool D da Liga dos Campe\u00f5es &#8211; masculinos, no dia 13 de Dezembro de 2023.<\/p>\n<p style=\"text-align: left;\"><strong>Nuno Maia<\/strong><br \/>\nChaumont VB 52 (Fran\u00e7a) x Nantes Rez\u00e9 M\u00e9tropole (Fran\u00e7a), 2.\u00aa m\u00e3o dos 16 avos-de-final da Ta\u00e7a CEV &#8211; masculinos, no dia 29 de Novembro de 2023.<\/p>\n<p><strong>Nuno Teixeira<\/strong><br \/>\nAllianz Milano (It\u00e1lia) x Decospan VT Menen (B\u00e9lgica), 1.\u00aa m\u00e3o dos 16 avos-de-final da Ta\u00e7a CEV &#8211; masculinos, no dia 22 de Novembro.<br \/>\n\u00c1rbitro de reserva no SL Benfica x Gas Sales Daiko Piacenza (It\u00e1lia), da Pool C da Liga dos Campe\u00f5es, no dia 30 de Novembro de 2023.<\/p>\n<p><strong>Raquel Portela<\/strong><br \/>\nHypo Tirol Innsbruck (\u00c1ustria) x Fenerbah\u00e7e PRL Istanbul, 16 avos-de-final da Ta\u00e7a CEV &#8211; masculinos, no dia 22 de Novembro de 2023.<br \/>\nLevallois Paris Saint Cloud (Fran\u00e7a) x Thy Istanbul, oitavos-de-final da Ta\u00e7a CEV &#8211; femininos, no dia 28 de Novembro de 2023.<\/p>\n<p style=\"text-align: center;\"><span style=\"text-decoration: underline;\"><strong>Voleibol de Praia<\/strong><\/span><\/p>\n<p><strong>Rui Carvalho<\/strong><br \/>\nFinais BPT 2023 \u2013 Doha (Catar), de 6 a 9 de Dezembro de 2023.<\/p>\n","protected":false},"excerpt":{"rendered":"<p>O Aluron CMC Warta Zawiercie, de Miguel Tavares Rodrigues, recebeu e venceu (3-0: 25-19, 25-21 e 29-27) o Bogdanka Luk Lublin, de Alexandre Ferreira. Ap\u00f3s o desfecho deste reencontro entre [&hellip;]<\/p>\n","protected":false},"author":2,"featured_media":29218,"comment_status":"open","ping_status":"open","sticky":false,"template":"","format":"standard","meta":{"_monsterinsights_skip_tracking":false,"_monsterinsights_sitenote_active":false,"_monsterinsights_sitenote_note":"","_monsterinsights_sitenote_category":0,"footnotes":""},"categories":[13,8],"tags":[54,103,32,52,53],"class_list":{"0":"post-29177","1":"post","2":"type-post","3":"status-publish","4":"format-standard","5":"has-post-thumbnail","7":"category-arbitragem","8":"category-voleibol","9":"tag-challenge-cup","10":"tag-epoca-2023-2024","11":"tag-liga-dos-campeoes","12":"tag-portugueses-no-mundo","13":"tag-taca-cev","14":"czr-hentry"},"aioseo_notices":[],"_links":{"self":[{"href":"https:\/\/fpvoleibol.pt\/fpv\/wp-json\/wp\/v2\/posts\/29177","targetHints":{"allow":["GET"]}}],"collection":[{"href":"https:\/\/fpvoleibol.pt\/fpv\/wp-json\/wp\/v2\/posts"}],"about":[{"href":"https:\/\/fpvoleibol.pt\/fpv\/wp-json\/wp\/v2\/types\/post"}],"author":[{"embeddable":true,"href":"https:\/\/fpvoleibol.pt\/fpv\/wp-json\/wp\/v2\/users\/2"}],"replies":[{"embeddable":true,"href":"https:\/\/fpvoleibol.pt\/fpv\/wp-json\/wp\/v2\/comments?post=29177"}],"version-history":[{"count":21,"href":"https:\/\/fpvoleibol.pt\/fpv\/wp-json\/wp\/v2\/posts\/29177\/revisions"}],"predecessor-version":[{"id":29227,"href":"https:\/\/fpvoleibol.pt\/fpv\/wp-json\/wp\/v2\/posts\/29177\/revisions\/29227"}],"wp:featuredmedia":[{"embeddable":true,"href":"https:\/\/fpvoleibol.pt\/fpv\/wp-json\/wp\/v2\/media\/29218"}],"wp:attachment":[{"href":"https:\/\/fpvoleibol.pt\/fpv\/wp-json\/wp\/v2\/media?parent=29177"}],"wp:term":[{"taxonomy":"category","embeddable":true,"href":"https:\/\/fpvoleibol.pt\/fpv\/wp-json\/wp\/v2\/categories?post=29177"},{"taxonomy":"post_tag","embeddable":true,"href":"https:\/\/fpvoleibol.pt\/fpv\/wp-json\/wp\/v2\/tags?post=29177"}],"curies":[{"name":"wp","href":"https:\/\/api.w.org\/{rel}","templated":true}]}}