{"id":29072,"date":"2023-11-20T15:12:02","date_gmt":"2023-11-20T15:12:02","guid":{"rendered":"https:\/\/fpvoleibol.pt\/fpv\/?p=29072"},"modified":"2023-11-20T15:32:18","modified_gmt":"2023-11-20T15:32:18","slug":"portugueses-no-mundo-87","status":"publish","type":"post","link":"https:\/\/fpvoleibol.pt\/fpv\/2023\/11\/20\/portugueses-no-mundo-87\/","title":{"rendered":"PORTUGUESES NO MUNDO"},"content":{"rendered":"<p><img loading=\"lazy\" decoding=\"async\" class=\"size-full wp-image-25360 aligncenter\" src=\"https:\/\/fpvoleibol.pt\/fpv\/wp-content\/uploads\/2023\/06\/snsm_2023_alex_serv.jpg\" alt=\"\" width=\"960\" height=\"640\" srcset=\"https:\/\/fpvoleibol.pt\/fpv\/wp-content\/uploads\/2023\/06\/snsm_2023_alex_serv.jpg 960w, https:\/\/fpvoleibol.pt\/fpv\/wp-content\/uploads\/2023\/06\/snsm_2023_alex_serv-300x200.jpg 300w, https:\/\/fpvoleibol.pt\/fpv\/wp-content\/uploads\/2023\/06\/snsm_2023_alex_serv-768x512.jpg 768w\" sizes=\"auto, (max-width: 960px) 100vw, 960px\" \/>Na Pol\u00f3nia, o Aluron CMC Warta Zawiercie, de <strong>Miguel Tavares Rodrigues<\/strong>, que recebeu e venceu (<a href=\"https:\/\/www.plusliga.pl\/games\/id\/1102811.html\">3-0: 25-11, 25-19 e 26-24<\/a>) o Barkom Kazany Lw\u00f3w e \u00e9 agora o 6.\u00ba classificado (com menos um jogo disputado que o 5.\u00ba) na <a href=\"https:\/\/www.plusliga.pl\/\">Plusliga<\/a>, defronta hoje o KGHM Cuprum Lubin, antiga equipa do distribuidor portugu\u00eas, recebendo no domingo o Bogdanka Luk Lublin, de Alexandre Ferreira.<br \/>\nFrente ao Lw\u00f3w, Miguel Tavares pontuou por tr\u00eas vezes no ataque.<br \/>\nNas competi\u00e7\u00f5es europeias, a equipa do distribuidor da Selec\u00e7\u00e3o Nacional est\u00e1 apurada para os 16 avos-de-final da Ta\u00e7a CEV, onde vai medir for\u00e7as com os b\u00falgaros do Hebar Pazardzhik, nos dias 23 e 29 de Novembro.<\/p>\n<p style=\"text-align: left;\">Por seu turno, o Bogdanka Luk Lublin, de <strong>Alexandre Ferreira<\/strong>, que ocupa agora a 7.\u00aa posi\u00e7\u00e3o no principal campeonato polaco (com menos um jogo disputado que o 5.\u00ba), depois de perder (<a href=\"https:\/\/www.plusliga.pl\/games\/id\/1102802.html\">2-3: 25-27, 25-20, 25-23, 16-25 e 12-15<\/a>) no recinto do Projekt Warszawa, vice-l\u00edder da <a href=\"https:\/\/www.plusliga.pl\/\">Plusliga<\/a>, recebe hoje o Slepsk Malow Suwalki, actual 9.\u00ba classificado.<br \/>\nDiante do Warszawa, o capit\u00e3o da Selec\u00e7\u00e3o Nacional<em> facturou<\/em> por 21 vezes (19 no ataque e 2 no servi\u00e7o) e foi o melhor pontuador da sua equipa e o segundo melhor no jogo.<\/p>\n<p>Em Fran\u00e7a, o Saint-Nazaire VBA, de <strong>Louren\u00e7o Martins<\/strong>, visitou e derrotou (<a href=\"https:\/\/lnv-web.dataproject.com\/MatchStatistics.aspx?mID=7334&amp;ID=105&amp;CID=255&amp;PID=142&amp;type=LegList\">3-1: 25-22, 22-25, 25-23 e 25-16<\/a>) o Montpellier Herault Sporting Club Volley, com o zona 4 portugu\u00eas a rubricar 14 pontos (13 ataques e 1 servi\u00e7o) e a cotar-se como o 2.\u00ba melhor pontuador do jogo.<br \/>\nNa pr\u00f3xima jornada da Liga Francesa (<a href=\"https:\/\/lnv-web.dataproject.com\/CompetitionMatches.aspx?ID=105&amp;PID=142\">Marmara Spikeligue<\/a>), a equipa do internacional lusitano, que ocupa o 6.\u00ba lugar na tabela classificativa, recebe no dia 25 de Novembro o Narbonne Volley, 14.\u00ba e \u00faltimo classificado.<br \/>\nNos 16 avos-de-final da Challenge Cup, o St-Nazaire defronta os b\u00falgaros do Dea Sport Burgas nos dias 21 (fora) e 28 de Novembro (casa).<\/p>\n<p><img loading=\"lazy\" decoding=\"async\" class=\"size-full wp-image-28931 aligncenter\" src=\"https:\/\/fpvoleibol.pt\/fpv\/wp-content\/uploads\/2023\/11\/Bruno_Cunha_foto_MMorales.jpg\" alt=\"\" width=\"960\" height=\"570\" srcset=\"https:\/\/fpvoleibol.pt\/fpv\/wp-content\/uploads\/2023\/11\/Bruno_Cunha_foto_MMorales.jpg 960w, https:\/\/fpvoleibol.pt\/fpv\/wp-content\/uploads\/2023\/11\/Bruno_Cunha_foto_MMorales-300x178.jpg 300w, https:\/\/fpvoleibol.pt\/fpv\/wp-content\/uploads\/2023\/11\/Bruno_Cunha_foto_MMorales-768x456.jpg 768w\" sizes=\"auto, (max-width: 960px) 100vw, 960px\" \/>O Grupo Herce Soria (CDV R\u00edo Duero Soria), de <strong>Bruno Cunha<\/strong>, foi vencer (<a href=\"https:\/\/rfevb-web.dataproject.com\/MatchStatistics.aspx?mID=10824&amp;ID=124&amp;CID=295&amp;PID=152&amp;type=LegList\">3-1: 31-29, 25-19, 23-25 e 25-19<\/a>) ao recinto do Volei Villena Petrer, com o oposto da Selec\u00e7\u00e3o Nacional a ser o melhor pontuador do jogo \u2013 e o <a href=\"https:\/\/www.rfevb.com\/svm-tops-de-la-jornada\">terceiro melhor atacante da 8.\u00aa jornada<\/a> \u2013 ao contabilizar 26 pontos (23 ataques, 2 servi\u00e7os e 1 bloco).<br \/>\nNa pr\u00f3xima jornada, o Soria, que reparte com o Unicaja Costa de Almer\u00eda, antiga equipa de Marco Ferreira [SC Espinho], a lideran\u00e7a da <a href=\"http:\/\/www.rfevb.com\">Superliga espanhola<\/a>, recebe o CV San Roque (9.\u00ba) no dia 25 de Novembro.<br \/>\nNos 16 avos-de-final da Ta\u00e7a CEV, o R\u00edo Duero Soria defronta os s\u00e9rvios do OK Vojvodina Novi Sad nos dias 22 (fora) e 29 de Novembro (casa). [<span style=\"font-size: 8pt;\">Foto: <a href=\"http:\/\/rfevb.com\">RFEVB<\/a><\/span>]<\/p>\n<p>Em It\u00e1lia, o Gas Sales Bluenergy Piacenza, de <strong>Bruno Dias<\/strong>, somou a segunda derrota (<a href=\"https:\/\/www.legavolley.it\/match\/37100\">2-3: 25-21, 25-20, 18-25, 24-26 e 18-20<\/a>) na <a href=\"https:\/\/www.legavolley.it\/risultati\/?Anno=2023&amp;IdCampionato=911\">SuperLega Credem Banca<\/a> no recinto do Sir Susa Vim Perugia, e ocupa actualmente o 3.\u00ba lugar na classifica\u00e7\u00e3o geral.<br \/>\nNo dia 26 de Novembro, o Piacenza visita o Mint Vero Volley Monza (4.\u00ba).<br \/>\nNa Liga dos Campe\u00f5es, onde integra a Pool C (juntamente com o SL Benfica), o Piacenza come\u00e7a por receber os turcos do Halkbank Ankara, no dia 22 de Novembro.<\/p>\n<p>Na <a href=\"https:\/\/www.legavolleyfemminile.it\/\">Liga A2 A italiana &#8211; femininos<\/a>, o CDA Volley Talmassonso, de <strong>J\u00falia Kavalenka<\/strong>, que \u00e9 4.\u00ba classificado, foi ao recinto do Sirdeco Volley Pescara vencer pela margem m\u00e1xima (<a href=\"https:\/\/www.legavolleyfemminile.it\/match-center\/746537\/statistiche\/\">3-0: 25-15, 25-21 e 25-22<\/a>).<br \/>\nNo dia 22 de Novembro, a equipa da oposta da Selec\u00e7\u00e3o Nacional recebe o Valsabbina Millenium Brescia, que ocupa actualmente o 5.\u00ba posto classificativo.<\/p>\n<p><span style=\"text-decoration: underline;\">Atletas \/ t\u00e9cnicos que actuam no estrangeiro e\/ou com<b> *inscri\u00e7\u00e3o iniciada em 2023\/2024<\/b>:<\/span><\/p>\n<p><strong><span style=\"text-decoration: underline;\">Processo conclu\u00eddo<\/span><\/strong><\/p>\n<p><a href=\"https:\/\/lkpslublin.pl\">Bogdanka Luk Lublin (Pol\u00f3nia)<\/a> \u2013 Alexandre Ferreira<br \/>\n<a href=\"http:\/\/www.plusliga.pl\/en\/teams\/id\/30288.html\" target=\"_blank\" rel=\"noopener noreferrer\">Aluron Warta Zawiercie (Pol\u00f3nia)<\/a> \u2013 Miguel Tavares Rodrigues<br \/>\n<a href=\"http:\/\/www.snvba.net\/\" target=\"_blank\" rel=\"noopener noreferrer\">Saint-Nazaire VB Atlantique (Fran\u00e7a)<\/a> \u2013 Louren\u00e7o Martins<br \/>\n<a href=\"https:\/\/kladno.volejbal.cz\/\">Kladno Volejbal cz (Ch\u00e9quia)<\/a> \u2013 Jos\u00e9 Neves<br \/>\n<a href=\"https:\/\/www.rioduerovoley.com\/\">CDV R\u00edo Duero Soria (Espanha)<\/a> \u2013 Bruno Cunha<br \/>\n<a href=\"https:\/\/www.volley2001garlasco.it\/\">Volley 2001 Garlasco (It\u00e1lia)<\/a>\u00a0\u2013 Gustavo Cavalcanti<br \/>\n<a href=\"https:\/\/volleytalmassons.it\/\">CDA Volley Talmassons (It\u00e1lia)<\/a> \u2013 J\u00falia Kavalenka<br \/>\n<a href=\"https:\/\/www.gassalespiacenza.it\/\">You Energy Volley Piacenza (It\u00e1lia)<\/a> \u2013 Bruno Dias<br \/>\n<a href=\"https:\/\/www.facebook.com\/pallavoloazzurra.alessano?locale=it_IT\">Pallavolo Azzurra Alessano \u2013 Aurispa Delcar Lecce (It\u00e1lia)<\/a>\u00a0\u2013 Jos\u00e9 Pedro Monteiro<br \/>\n<a style=\"color: #001b2e;\" href=\"https:\/\/www.aich-dob.at\/\">SK Zadruga Aich\/Dob (\u00c1ustria)<\/a>\u00a0\u2013 Miguel Sinfr\u00f3nio<br \/>\n<a href=\"https:\/\/www.uvcgraz.at\/\">UVC Holding Graz (\u00c1ustria)<\/a>\u00a0\u2013 Jos\u00e9 Jardim<br \/>\n<a href=\"https:\/\/www.facebook.com\/syrosvolleyball\/\">Foinikas Syros (Gr\u00e9cia)<\/a> \u2013 Jos\u00e9 Pedro Gomes<br \/>\n<a href=\"https:\/\/www.facebook.com\/ASDTreviglioPallavolo\">ASD Treviglio Pallavolo (It\u00e1lia)<\/a> \u2013 Ana Rita Branco<br \/>\n<a href=\"https:\/\/knrc.hu\/\">KNRC Kaposv\u00e1r (Hungria)<\/a> \u2013 Marta Hurst<br \/>\n<a href=\"https:\/\/cambraivolley.com\/\">Volley Club de Cambrai (Fran\u00e7a)<\/a> \u2013 Guilherme Maia<br \/>\n<a href=\"https:\/\/laillevolley.fr\/\">Union Sportive Laille (Fran\u00e7a)<\/a>\u00a0\u2013 Tiago Fernandes<br \/>\n<a href=\"https:\/\/www.facebook.com\/AlCaudryVolleyBall\/\" target=\"_blank\" rel=\"noopener noreferrer\">Al Caudry Volley-Ball (Fran\u00e7a)<\/a>\u00a0\u2013 Joana Gonzalez<br \/>\n<a href=\"https:\/\/www.facebook.com\/AlCaudryVolleyBall\/\" target=\"_blank\" rel=\"noopener noreferrer\">Al Caudry Volley-Ball (Fran\u00e7a)<\/a> \u2013 Ana Matos<br \/>\n<a href=\"https:\/\/www.vnvb.fr\/\">Vand\u0153uvre Nancy Volley-Ball (Fran\u00e7a)<\/a> \u2013 Jo\u00e3o Scheltinga<br \/>\n<a href=\"https:\/\/www.facebook.com\/EVVSM\/\">Volley Vernon St. Marcel (Fran\u00e7a)<\/a> \u2013 Ecaterina Ursu<br \/>\n<a href=\"https:\/\/www.facebook.com\/wissousvolley\/\">Union Sportive Wissous VB (Fran\u00e7a)<\/a> \u2013 Joana Filipa Ferreira Lobo<br \/>\n<a href=\"https:\/\/www.annecyvolleyball.com\/page\/1436123-le-club\">Annecy Volley-Ball (Fran\u00e7a)<\/a> \u2013 \u00c2ngelo Sarova Gomes<br \/>\n<a href=\"https:\/\/www.charleroivolley.be\/\">ES Charleroi Volley (B\u00e9lgica)<\/a>\u00a0\u2013 Beatriz Santos<br \/>\n<a href=\"http:\/\/www.le-volleys.de\/regionalliga-ost.html\" target=\"_blank\" rel=\"noopener noreferrer\">LE Volleys (Alemanha)<\/a> \u2013 Lorena Matilde Silveira<br \/>\n<a href=\"http:\/\/www.vbc-kl.de\/\">VBC Kaiserslautern (Alemanha)<\/a> \u2013 J\u00e9ssica Soares<br \/>\n<a href=\"https:\/\/southamptonvolleyball.co.uk\/\">Southampton Volleyball Clube (Inglaterra)<\/a>\u00a0\u2013 Ema Sofia Carneiro<br \/>\n<a href=\"http:\/\/www.darkstarvolleyball.com\/our-teams\/male-player\/\">Darkstar Derbyshire (Inglaterra)<\/a> \u2013 Marcelo Goulart<br \/>\n<a href=\"https:\/\/www.dartfordvolleyballclub.co.uk\/\">Dartford Volleyball Club (Inglaterra)<\/a> \u2013 Mariana Cruz Santos<br \/>\n<a href=\"https:\/\/southamptonvolleyball.co.uk\/\">Southampton Volleyball Club (Inglaterra)<\/a>\u00a0\u2013 Maria Lima Antunes<br \/>\n<a href=\"https:\/\/southamptonvolleyball.co.uk\/\">Southampton Volleyball Club (Inglaterra)<\/a> \u2013 Iara Amaral<br \/>\n<a href=\"https:\/\/southamptonvolleyball.co.uk\/\">Southampton Volleyball Club (Inglaterra)<\/a> \u2013 Dina Grosu<br \/>\n<a href=\"https:\/\/www.onyxvolleyball.com\/\">Onyx Volleyball Club (Inglaterra)<\/a> \u2013 Jo\u00e3o Alexandre Ribeiro Silva<br \/>\n<a href=\"https:\/\/www.facebook.com\/IBBPoloniaVC\">IBB Polonia London Volleyball Club (Inglaterra)<\/a> \u2013 Jo\u00e3o Alves<br \/>\n<a href=\"https:\/\/www.iksu.se\/sv\/sektioner\/iksu-volleyboll2\/\">IKSU (Su\u00e9cia)<\/a> \u2013 Daniela Macedo Fangueiro<br \/>\n<a href=\"https:\/\/cityvolleybasel.ch\/\">Traktor Basel Volley (Su\u00ed\u00e7a)<\/a> \u2013 Diogo Figueiredo<br \/>\n<a href=\"https:\/\/www.facebook.com\/VolleyballEchternach\">VB Echternach (Luxemburgo<\/a>) \u2013 Daniel Dias Amorim<br \/>\n<a href=\"https:\/\/www.facebook.com\/birkirkaravolleyball\">Birkirkara Volleyball Club (Malta)<\/a> \u2013 Ashley Rose Fantazia<\/p>\n<p>&#8230;&#8230;&#8230;&#8230;&#8230;&#8230;&#8230;&#8230;&#8230;&#8230;&#8230;&#8230;&#8230;&#8230;&#8230;&#8230;&#8230;&#8230;&#8230;&#8230;&#8230;&#8230;&#8230;&#8230;&#8230;&#8230;&#8230;&#8230;&#8230;&#8230;&#8230;<\/p>\n<p><span style=\"text-decoration: underline;\"><span class=\"auto-style7\"><strong>Treinadores<\/strong><\/span><\/span>:<br \/>\n<a href=\"https:\/\/www.facebook.com\/toursvolleyball\">Tours VB (Fran\u00e7a)<\/a> \u2013 David Sousa<br \/>\n<a href=\"https:\/\/www.vnvb.fr\/\">Vand\u0153uvre Nancy Volley-Ball (Fran\u00e7a)<\/a> \u2013 Andr\u00e9 S\u00e1<br \/>\n<a href=\"https:\/\/www.vnvb.fr\/\">Vand\u0153uvre Nancy Volley-Ball (Fran\u00e7a)<\/a> \u2013 Jo\u00e3o Scheltinga<br \/>\n<a href=\"https:\/\/www.volleya.ch\/\">Raiffeisen Volleya Obwalden NLB (Alemanha)<\/a>\u00a0\u2013 Filipe Carrasco Soares<br \/>\n<a href=\"https:\/\/www.facebook.com\/ZESARVFM\/\">Volleyball Franches-Montagnes (Su\u00ed\u00e7a)<\/a> &#8211; Eduardo Faustino<br \/>\n<a href=\"https:\/\/www.facebook.com\/Cork-Volleyball-Academy-100484505416947\/\">Cork Volleyball Academy (Irlanda)<\/a> \u2013 Ant\u00f3nio Barros<\/p>\n<p style=\"text-align: center;\"><span style=\"text-decoration: underline;\"><strong>\u00c1rbitros portugueses em ac\u00e7\u00e3o<\/strong><\/span><\/p>\n<p><strong>Ricardo Ferreira<\/strong><br \/>\nAllianz Vero Volley Milano (It\u00e1lia) x Volley Mulhouse Alsace (Fran\u00e7a), Pool A da Liga dos Campe\u00f5es &#8211; femininos, no dia 6 de Dezembro de 2023.<br \/>\nJastrzebski Wegiel (Pol\u00f3nia) x &#8211; Jihostroj Ceske Budejovice (Ch\u00e9quia), Pool C da Liga dos Campe\u00f5es &#8211; masculinos, no dia 20 de Dezembro de 2023.<\/p>\n<p><strong>Pedro Pinto<\/strong><br \/>\nSavino Del Bene Scandicci (It\u00e1lia) x Eczacibasi Dynavit Istanbul (Turquia), Pool B da Liga dos Campe\u00f5es &#8211; femininos, no dia 29 de Novembro de 2023.<br \/>\nAsseco Resovia Rzesz\u00f3w (Pol\u00f3nia) x Trentino Itas (It\u00e1lia), Pool B da Liga dos Campe\u00f5es &#8211; masculinos, no dia 13 de Dezembro de 2023.<\/p>\n<p style=\"text-align: left;\"><strong>V\u00edtor Gon\u00e7alves<br \/>\n<\/strong>SVG Luneburg (Alemanha) x Jastrzebsi Wegiel (Pol\u00f3nia), Pool D da Liga dos Campe\u00f5es &#8211; masculinos, no dia 13 de Dezembro de 2023.<\/p>\n<p style=\"text-align: left;\"><strong>Nuno Maia<\/strong><br \/>\nChaumont VB 52 (Fran\u00e7a) x Nantes Rez\u00e9 M\u00e9tropole (Fran\u00e7a), 2.\u00aa m\u00e3o dos 16 avos-de-final da Ta\u00e7a CEV &#8211; masculinos, no dia 29 de Novembro de 2023.<\/p>\n<p><strong>Nuno Teixeira<\/strong><br \/>\nAllianz Milano (It\u00e1lia) x Decospan VT Menen (B\u00e9lgica), 1.\u00aa m\u00e3o dos 16 avos-de-final da Ta\u00e7a CEV &#8211; masculinos, no dia 22 de Novembro.<br \/>\n\u00c1rbitro de reserva no SL Benfica x Gas Sales Daiko Piacenza (It\u00e1lia), da Pool C da Liga dos Campe\u00f5es, no dia 30 de Novembro de 2023.<\/p>\n<p><strong>Raquel Portela<\/strong><br \/>\nHypo Tirol Innsbruck (\u00c1ustria) x Fenerbah\u00e7e PRL Istanbul, 16 avos-de-final da Ta\u00e7a CEV &#8211; masculinos, no dia 22 de Novembro de 2023.<br \/>\nLevallois Paris Saint Cloud (Fran\u00e7a) x Thy Istanbul, oitavos-de-final da Ta\u00e7a CEV &#8211; femininos, no dia 28 de Novembro de 2023.<\/p>\n<p style=\"text-align: center;\"><span style=\"text-decoration: underline;\"><strong>Voleibol de Praia<\/strong><\/span><\/p>\n<p><strong>Rui Carvalho<\/strong><br \/>\nFinais BPT 2023 \u2013 Doha (Catar), de 6 a 9 de Dezembro de 2023.<\/p>\n","protected":false},"excerpt":{"rendered":"<p>Na Pol\u00f3nia, o Aluron CMC Warta Zawiercie, de Miguel Tavares Rodrigues, que recebeu e venceu (3-0: 25-11, 25-19 e 26-24) o Barkom Kazany Lw\u00f3w e \u00e9 agora o 6.\u00ba classificado [&hellip;]<\/p>\n","protected":false},"author":2,"featured_media":22286,"comment_status":"open","ping_status":"open","sticky":false,"template":"","format":"standard","meta":{"_monsterinsights_skip_tracking":false,"_monsterinsights_sitenote_active":false,"_monsterinsights_sitenote_note":"","_monsterinsights_sitenote_category":0,"footnotes":""},"categories":[13,8,9],"tags":[103,52],"class_list":{"0":"post-29072","1":"post","2":"type-post","3":"status-publish","4":"format-standard","5":"has-post-thumbnail","7":"category-arbitragem","8":"category-voleibol","9":"category-voleibol-de-praia","10":"tag-epoca-2023-2024","11":"tag-portugueses-no-mundo","12":"czr-hentry"},"aioseo_notices":[],"_links":{"self":[{"href":"https:\/\/fpvoleibol.pt\/fpv\/wp-json\/wp\/v2\/posts\/29072","targetHints":{"allow":["GET"]}}],"collection":[{"href":"https:\/\/fpvoleibol.pt\/fpv\/wp-json\/wp\/v2\/posts"}],"about":[{"href":"https:\/\/fpvoleibol.pt\/fpv\/wp-json\/wp\/v2\/types\/post"}],"author":[{"embeddable":true,"href":"https:\/\/fpvoleibol.pt\/fpv\/wp-json\/wp\/v2\/users\/2"}],"replies":[{"embeddable":true,"href":"https:\/\/fpvoleibol.pt\/fpv\/wp-json\/wp\/v2\/comments?post=29072"}],"version-history":[{"count":11,"href":"https:\/\/fpvoleibol.pt\/fpv\/wp-json\/wp\/v2\/posts\/29072\/revisions"}],"predecessor-version":[{"id":29083,"href":"https:\/\/fpvoleibol.pt\/fpv\/wp-json\/wp\/v2\/posts\/29072\/revisions\/29083"}],"wp:featuredmedia":[{"embeddable":true,"href":"https:\/\/fpvoleibol.pt\/fpv\/wp-json\/wp\/v2\/media\/22286"}],"wp:attachment":[{"href":"https:\/\/fpvoleibol.pt\/fpv\/wp-json\/wp\/v2\/media?parent=29072"}],"wp:term":[{"taxonomy":"category","embeddable":true,"href":"https:\/\/fpvoleibol.pt\/fpv\/wp-json\/wp\/v2\/categories?post=29072"},{"taxonomy":"post_tag","embeddable":true,"href":"https:\/\/fpvoleibol.pt\/fpv\/wp-json\/wp\/v2\/tags?post=29072"}],"curies":[{"name":"wp","href":"https:\/\/api.w.org\/{rel}","templated":true}]}}