{"id":2895,"date":"2021-01-04T12:48:43","date_gmt":"2021-01-04T11:48:43","guid":{"rendered":"https:\/\/fpvoleibol.pt\/fpv\/?p=2895"},"modified":"2021-01-04T12:49:26","modified_gmt":"2021-01-04T11:49:26","slug":"seleccoes-jovens-preparam-wevza","status":"publish","type":"post","link":"https:\/\/fpvoleibol.pt\/fpv\/2021\/01\/04\/seleccoes-jovens-preparam-wevza\/","title":{"rendered":"SELEC\u00c7\u00d5ES JOVENS PREPARAM TORNEIOS DA WEVZA"},"content":{"rendered":"<p><img loading=\"lazy\" decoding=\"async\" class=\"alignnone size-full wp-image-2898\" src=\"https:\/\/fpvoleibol.pt\/fpv\/wp-content\/uploads\/2021\/01\/sub17masconline.jpg\" alt=\"\" width=\"960\" height=\"600\" srcset=\"https:\/\/fpvoleibol.pt\/fpv\/wp-content\/uploads\/2021\/01\/sub17masconline.jpg 960w, https:\/\/fpvoleibol.pt\/fpv\/wp-content\/uploads\/2021\/01\/sub17masconline-300x188.jpg 300w, https:\/\/fpvoleibol.pt\/fpv\/wp-content\/uploads\/2021\/01\/sub17masconline-768x480.jpg 768w\" sizes=\"auto, (max-width: 960px) 100vw, 960px\" \/><\/p>\n<p>As selec\u00e7\u00f5es jovens continuam a preparar a participa\u00e7\u00e3o nos torneios da WEVZA, tendo a <a href=\"https:\/\/www.facebook.com\/fpvoleibol\/videos\/216412103274557\">Selec\u00e7\u00e3o Nacional de Sub-17 Masculinos<\/a> efectuado recentemente, por videoconfer\u00eancia, um treino te\u00f3rico sobre o <strong>Modelo de Jogo<\/strong>.<\/p>\n<p>Integrado na sua prepara\u00e7\u00e3o para o Torneio da WEVZA, de qualifica\u00e7\u00e3o para o Europeu da categoria, a <a href=\"https:\/\/www.facebook.com\/fpvoleibol\/videos\/216412103274557\">Selec\u00e7\u00e3o Nacional de Sub-17 Masculinos<\/a> realizou, de 18 a 23 de Dezembro, um <span style=\"text-decoration: underline;\">Est\u00e1gio de Natal<\/span> na Escola Secund\u00e1ria Carolina Michaelis, no Porto.<\/p>\n<p><strong>Ver v\u00eddeo dos est\u00e1gios de prepara\u00e7\u00e3o<\/strong> <a href=\"https:\/\/www.facebook.com\/fpvoleibol\/videos\/2891971931071289\">aqui<\/a><\/p>\n<p>A equipa t\u00e9cnica, liderada por Nuno Pereira, convocou os seguintes atletas:<\/p>\n<p><strong>AA Espinho<\/strong><br \/>\nAndr\u00e9 Santos<br \/>\nCarlos Ramos<br \/>\nJorge Marques<\/p>\n<p><strong>AA S. Mamede<\/strong><br \/>\nManuel Catarino<br \/>\nMiguel Morais Pereira<\/p>\n<p><strong>GC Santo Tirso<\/strong><br \/>\nAndr\u00e9 Gon\u00e7alves<\/p>\n<p><strong>CA Madalena<\/strong><br \/>\nGon\u00e7alo Ferreira<\/p>\n<p><strong>CV Oeiras<\/strong><br \/>\nDiogo Fevereiro<br \/>\nDuarte Abecassis<br \/>\nSantiago Pimentel<\/p>\n<p><strong>Esmoriz GC<\/strong><br \/>\nDaniel Teixeira<br \/>\nGustavo Sousa<br \/>\nRicardo Martins<\/p>\n<p><strong>Escola Sec. 3 Latino Coelho<\/strong><br \/>\nRafael Esperan\u00e7o<\/p>\n<p><strong>SC Espinho<\/strong><br \/>\nFrancisco Mendes<br \/>\nMiguel Pedrosa<br \/>\nLeonardo Pereira<\/p>\n<p><strong>SL Benfica<\/strong><br \/>\nEnzo Wantuil<br \/>\nNuno Marques<\/p>\n<p><strong>VC Viana<\/strong><br \/>\nJo\u00e3o Oliveira<br \/>\nJo\u00e3o Salgueiro<br \/>\nJos\u00e9 Rafael Oliveira<\/p>\n<p><strong>Centro de Gira Volei da CBA (Escola Carolina Beatriz \u00c2ngelo)<\/strong><br \/>\nRafael Lemos<\/p>\n<p style=\"font-weight: 400; text-align: left;\">Os treinos desta selec\u00e7\u00e3o integram-se na prepara\u00e7\u00e3o para as competi\u00e7\u00f5es da <strong>Associa\u00e7\u00e3o Zonal de Voleibol do Oeste Europeu<\/strong> (Western European Volleyball Zonal Association).<\/p>\n<p>Em femininos, e tendo em vista a prepara\u00e7\u00e3o da <strong>Selec\u00e7\u00e3o Nacional de Sub-16 Femininos<\/strong> para o <span style=\"text-decoration: underline;\">Torneio da WEVZA \u2013 de qualifica\u00e7\u00e3o para o Campeonato da Europa da categoria<\/span> \u2013, a disputar em Mar\u00e7o de 2021, a equipa t\u00e9cnica, liderada por Rui Pedro Silva, realizou um Est\u00e1gio de Natal\u00a0 de 19 a 23 de Dezembro, na Escola Secund\u00e1ria Rodrigues de Freitas, no Porto.<\/p>\n<p><span style=\"text-decoration: underline;\"><strong>Convocadas<\/strong><\/span><\/p>\n<p><strong>PV2014\/Academia de Voleibol Col\u00e9gio Efanor<\/strong><br \/>\nMatilde Babb<\/p>\n<p><strong>AA S. Mamede<\/strong><br \/>\nMariana Duarte<\/p>\n<p><strong>AJM\/FC Porto<\/strong><br \/>\nEma Torres<br \/>\nMariana Marques<br \/>\nMaria Jo\u00e3o Peres<br \/>\nCarolina Pacheco Mendes<\/p>\n<p><strong>Boavista FC<\/strong><br \/>\nRita Ben\u00eddeo<br \/>\nFrancisca Guedes<\/p>\n<p><strong>Cast\u00ealo da Maia GC<\/strong><br \/>\nIn\u00eas Campos<br \/>\nLuna Nunes<\/p>\n<p><strong>Esmoriz GC<\/strong><br \/>\nVict\u00f3ria Fortes<\/p>\n<p><strong>Madeira Torres<\/strong><br \/>\nMarta Aleixo<\/p>\n<p><strong>Leix\u00f5es SC<\/strong><br \/>\nFrancisca Pelicano<br \/>\nBeatriz Cerveira<\/p>\n<p><strong>Lus\u00f3fona VC<\/strong><br \/>\nCarolina Paradela<br \/>\nVit\u00f3ria Cadilha<\/p>\n<p><strong>SC Braga<\/strong><br \/>\nLeonor Coelho<\/p>\n<p><strong>Sintra Volei<\/strong><br \/>\nMatilde Quit\u00e9rio Ferreira<\/p>\n<p><strong>VC Viana<\/strong><br \/>\nMaria Carlota Amaral<\/p>\n<p style=\"font-weight: 400; text-align: left;\">Os treinos desta selec\u00e7\u00e3o integram-se na prepara\u00e7\u00e3o para as competi\u00e7\u00f5es da <strong>Associa\u00e7\u00e3o Zonal de Voleibol do Oeste Europeu<\/strong> (Western European Volleyball Zonal Association).<\/p>\n<p><strong>Ver v\u00eddeo dos est\u00e1gios de prepara\u00e7\u00e3o<\/strong> <a href=\"https:\/\/www.facebook.com\/fpvoleibol\/videos\/2891971931071289\">aqui<\/a><\/p>\n<p style=\"font-weight: 400; text-align: left;\">Mais conhecida pela sigla WEVZA, a <strong>Associa\u00e7\u00e3o Zonal de Voleibol do Oeste Europeu <\/strong>foi constitu\u00edda no dia 26 de Setembro de 2013, integra oito pa\u00edses \u2013 Portugal, Espanha, Alemanha, B\u00e9lgica, It\u00e1lia, Holanda, Fran\u00e7a e Su\u00ed\u00e7a \u2013 e tem actualmente como Presidente o portugu\u00eas Vicente Ara\u00fajo, Presidente da FPV, e como Vice-Presidentes o franc\u00eas Eric Tanguy, Presidente da Federa\u00e7\u00e3o Francesa, e o belga Claude Kriescher, representante da Federa\u00e7\u00e3o Belga.<\/p>\n<p class=\"auto-style2\" style=\"text-align: left;\" align=\"justify\">O objectivo primordial desta associa\u00e7\u00e3o zonal \u00e9 fortalecer e fomentar a organiza\u00e7\u00e3o de actividades desportivas, tanto de Voleibol como de Voleibol de Praia, com especial \u00eanfase nas categorias de forma\u00e7\u00e3o.<\/p>\n<p class=\"auto-style2\" align=\"justify\">A Confedera\u00e7\u00e3o Europeia de Voleibol (CEV) conta com seis associa\u00e7\u00f5es zonais: a WEVZA (Europa Ocidental), a BVA (Balc\u00e3s), a EEVZA (Europa de Leste), a MEVZA (Europa Central), a NEVZA (Europa do Norte) e ainda a SCD (Divis\u00e3o dos Pequenos Pa\u00edses), da qual fazem parte Andorra, Chipre, Ilhas Faro\u00e9, Gibraltar, Gronel\u00e2ndia, Isl\u00e2ndia, Irlanda, Liechtenstein, Luxemburgo, Malta, M\u00f3naco, Irlanda do Norte, San Marino, Esc\u00f3cia e Pa\u00eds de Gales.<\/p>\n<p class=\"auto-style2\" align=\"justify\">Mais informa\u00e7\u00f5es:\u00a0<a href=\"http:\/\/wevza.com\/\" target=\"_blank\" rel=\"noopener noreferrer\">www.wevza.com<\/a>\u00a0\/\u00a0\u00a0<a href=\"http:\/\/www.cev.lu\/\" target=\"_blank\" rel=\"noopener noreferrer\">www.cev.lu<\/a><\/p>\n","protected":false},"excerpt":{"rendered":"<p>As selec\u00e7\u00f5es jovens continuam a preparar a participa\u00e7\u00e3o nos torneios da WEVZA, tendo a Selec\u00e7\u00e3o Nacional de Sub-17 Masculinos efectuado recentemente, por videoconfer\u00eancia, um treino te\u00f3rico sobre o Modelo de [&hellip;]<\/p>\n","protected":false},"author":2,"featured_media":2897,"comment_status":"open","ping_status":"open","sticky":false,"template":"","format":"standard","meta":{"_monsterinsights_skip_tracking":false,"_monsterinsights_sitenote_active":false,"_monsterinsights_sitenote_note":"","_monsterinsights_sitenote_category":0,"footnotes":""},"categories":[11,8],"tags":[],"class_list":{"0":"post-2895","1":"post","2":"type-post","3":"status-publish","4":"format-standard","5":"has-post-thumbnail","7":"category-formacao","8":"category-voleibol","9":"czr-hentry"},"aioseo_notices":[],"_links":{"self":[{"href":"https:\/\/fpvoleibol.pt\/fpv\/wp-json\/wp\/v2\/posts\/2895","targetHints":{"allow":["GET"]}}],"collection":[{"href":"https:\/\/fpvoleibol.pt\/fpv\/wp-json\/wp\/v2\/posts"}],"about":[{"href":"https:\/\/fpvoleibol.pt\/fpv\/wp-json\/wp\/v2\/types\/post"}],"author":[{"embeddable":true,"href":"https:\/\/fpvoleibol.pt\/fpv\/wp-json\/wp\/v2\/users\/2"}],"replies":[{"embeddable":true,"href":"https:\/\/fpvoleibol.pt\/fpv\/wp-json\/wp\/v2\/comments?post=2895"}],"version-history":[{"count":4,"href":"https:\/\/fpvoleibol.pt\/fpv\/wp-json\/wp\/v2\/posts\/2895\/revisions"}],"predecessor-version":[{"id":2901,"href":"https:\/\/fpvoleibol.pt\/fpv\/wp-json\/wp\/v2\/posts\/2895\/revisions\/2901"}],"wp:featuredmedia":[{"embeddable":true,"href":"https:\/\/fpvoleibol.pt\/fpv\/wp-json\/wp\/v2\/media\/2897"}],"wp:attachment":[{"href":"https:\/\/fpvoleibol.pt\/fpv\/wp-json\/wp\/v2\/media?parent=2895"}],"wp:term":[{"taxonomy":"category","embeddable":true,"href":"https:\/\/fpvoleibol.pt\/fpv\/wp-json\/wp\/v2\/categories?post=2895"},{"taxonomy":"post_tag","embeddable":true,"href":"https:\/\/fpvoleibol.pt\/fpv\/wp-json\/wp\/v2\/tags?post=2895"}],"curies":[{"name":"wp","href":"https:\/\/api.w.org\/{rel}","templated":true}]}}