{"id":28936,"date":"2023-11-16T12:45:05","date_gmt":"2023-11-16T12:45:05","guid":{"rendered":"https:\/\/fpvoleibol.pt\/fpv\/?p=28936"},"modified":"2023-11-17T10:22:36","modified_gmt":"2023-11-17T10:22:36","slug":"pedrosa-campos-vs-evans-budinger-na-tailandia","status":"publish","type":"post","link":"https:\/\/fpvoleibol.pt\/fpv\/2023\/11\/16\/pedrosa-campos-vs-evans-budinger-na-tailandia\/","title":{"rendered":"PEDROSA\/CAMPOS vs EVANS\/BUDINGER NA TAIL\u00c2NDIA"},"content":{"rendered":"<p><img loading=\"lazy\" decoding=\"async\" class=\"size-full wp-image-28368 aligncenter\" src=\"https:\/\/fpvoleibol.pt\/fpv\/wp-content\/uploads\/2023\/10\/Pedrosa_campos_mundial_mexico_equa8_d.jpg\" alt=\"\" width=\"960\" height=\"1299\" srcset=\"https:\/\/fpvoleibol.pt\/fpv\/wp-content\/uploads\/2023\/10\/Pedrosa_campos_mundial_mexico_equa8_d.jpg 960w, https:\/\/fpvoleibol.pt\/fpv\/wp-content\/uploads\/2023\/10\/Pedrosa_campos_mundial_mexico_equa8_d-222x300.jpg 222w, https:\/\/fpvoleibol.pt\/fpv\/wp-content\/uploads\/2023\/10\/Pedrosa_campos_mundial_mexico_equa8_d-757x1024.jpg 757w, https:\/\/fpvoleibol.pt\/fpv\/wp-content\/uploads\/2023\/10\/Pedrosa_campos_mundial_mexico_equa8_d-768x1039.jpg 768w\" sizes=\"auto, (max-width: 960px) 100vw, 960px\" \/>A dupla portuguesa de Voleibol de Praia <strong>Jo\u00e3o Pedrosa\/<\/strong><strong>Hugo Campos<\/strong> inicia na sexta-feira a participa\u00e7\u00e3o no <a href=\"https:\/\/en.volleyballworld.com\/beachvolleyball\/competitions\/beach-pro-tour\/2023\/challenge\/chiang-mai-tha\/\">Beach Pro Tour Challenge de Chiang Mai<\/a>, a decorrer na Tail\u00e2ndia de 16 a 19 de Novembro.<\/p>\n<p>Inseridos na Pool C, os bicampe\u00f5es nacionais estreiam-se amanh\u00e3, pelas 10h40 locais (3.40 em Portugal) frente aos norte-americanos Miles Evans e Chase Budinger \u2013 este \u00faltimo um ex-jogador profissional de basquetebol \u2013, que venceram recentemente o BPT Challenge de Haikou, realizado na China, tendo sido 17.\u00bas classificados no Campeonato do Mundo 2023, disputado em Outubro na cidade mexicana de Tlaxcala.<\/p>\n<p>O outro jogo da Pool C coloca frente a frente os franceses Arthur Canet e T\u00e9o Rotar e os est\u00f3nios Kusti Nolvak e Mart Tiisaar.<\/p>\n<p>No caminho da qualifica\u00e7\u00e3o para a <a href=\"https:\/\/olympics.com\/pt\/olympic-games\/paris-2024\">33.\u00aa edi\u00e7\u00e3o dos Jogos Ol\u00edmpicos<\/a>, agendada para os dias 26 de Julho a 11 de Agosto de 2024 em Paris, capital da Fran\u00e7a, o passo seguinte ser\u00e1 dado no <a href=\"https:\/\/en.volleyballworld.com\/beachvolleyball\/competitions\/beach-pro-tour\/2023\/challenge\/nuvali-phi\/\">Beach Pro Tour de Nuvali<\/a>, etapa do Circuito Mundial que se realiza nas Filipinas, de 30 de Novembro a 3 de Dezembro.<\/p>\n<p>O primeiro desafio \u00e9 o <a href=\"https:\/\/en.volleyballworld.com\/beachvolleyball\/competitions\/beach-pro-tour\/2023\/challenge\/chiang-mai-tha\/\">Beach Pro Tour Challenge de Chiang Mai<\/a>, onde os <a href=\"https:\/\/fpvoleibol.pt\/fpv\/2023\/08\/13\/campos-pedrosa-e-beatriz-ines-bicampeoes-nacionais\/\">bicampe\u00f5es nacionais<\/a> v\u00e3o integrar o Quadro Principal, juntamente com duplas fortes e igualmente ambiciosas, como Julian Horl\/Alexander Horst (\u00c1ustria), Matthew Immers\/Steven van de Velde (Pa\u00edses Baixos), Pablo Herrera\/Adri\u00e1n Gavira (Espanha), Thomas Hodges\/Zachery Schubert (Austr\u00e1lia) ou os supracitados Miles Evans\/Chase Budinger (Estados Unidos da Am\u00e9rica), que venceram j\u00e1 este m\u00eas o BPT Challenge de Haikou.<\/p>\n<p>Nesta etapa do Beach Pro Tour a realizar na Tail\u00e2ndia est\u00e1 igualmente presente a \u00e1rbitra <strong>Sandra Deveza<\/strong>.<\/p>\n<p>No \u00faltimo torneio do Circuito Mundial em que participaram, o <a href=\"https:\/\/en.volleyballworld.com\/beachvolleyball\/competitions\/beach-pro-tour\/2023\/challenge\/haikou-chn\/schedule\/\">Beach Pro Tour Challenge de Haikou<\/a>, na China, os <a href=\"https:\/\/en.volleyballworld.com\/en\/beachvolleyball\/worldtour\/2021\/msfi2021\/men\/teams\/960755-pedrosa-campos\/joao_pedrosa?id=153921\">jovens lusitanos<\/a> classificaram-se no 19.\u00ba lugar, somando 300 pontos (150 por atleta) para o Ranking da FIVB.<\/p>\n<p>O <a href=\"https:\/\/en.volleyballworld.com\/beachvolleyball\/competitions\/beach-pro-tour\/2023\/challenge\/haikou-chn\/schedule\/\">Beach Pro Tour Challenge de Haikou<\/a>\u00a0foi a segunda etapa do Circuito Mundial em que os portugueses estiveram em ac\u00e7\u00e3o depois da hist\u00f3rica participa\u00e7\u00e3o no <strong>Campeonato do Mundo de Voleibol de Praia<\/strong>\u00a0(<a href=\"https:\/\/pt.volleyballworld.com\/beachvolleyball\/competitions\/beach-volleyball-world-championships-tlaxcala-2023\/\">FIVB Beach Volleyball World Championships)<\/a>, em Tlaxcala, no M\u00e9xico.<\/p>\n<p>O caminho da dupla lusa, que almeja uma presen\u00e7a nos Jogos Ol\u00edmpicos de Paris 2024, tem sido recheado de bons resultados no ano em curso: a medalha de bronze alcan\u00e7ada nos <a href=\"https:\/\/heraklion23.gr\/\">Jogos do Mediterr\u00e2neo<\/a> pelos bicampe\u00f5es nacionais juntou-se \u00e0 medalha de ouro conquistada no Beach Pro Tour Challenge de Edmonton (Canad\u00e1), etapa do Circuito Mundial de 2023, naquela que foi a primeira vez que a dupla portuguesa subiu ao lugar mais alto do p\u00f3dio numa etapa Challenge do Beach Pro Tour.<br \/>\nUm marco no percurso dos bicampe\u00f5es nacionais em t\u00edtulo e campe\u00f5es universit\u00e1rios na caminhada que encetaram h\u00e1 poucos anos ao optarem pela pr\u00e1tica do Voleibol de Praia ao longo de todo o ano, no que s\u00e3o apoiados pela Federa\u00e7\u00e3o Portuguesa de Voleibol.<\/p>\n<p>O <a href=\"https:\/\/en.volleyballworld.com\/beachvolleyball\/competitions\/beach-pro-tour\/2023\/challenge\/haikou-chn\/schedule\/\">Beach Pro Tour Challenge de Haikou<\/a> foi a 21.\u00aa prova do <strong><em>Volleyball World Beach Pro Tour<\/em><\/strong> da FIVB em que participaram <strong>Jo\u00e3o Pedrosa<\/strong> e <strong>Hugo Campos<\/strong>, depois de terem disputado em 2023 o <a href=\"https:\/\/en.volleyballworld.com\/beachvolleyball\/competitions\/beach-pro-tour\/2023\/challenge\/goa-ind\/schedule\/\">Beach Pro Tour Challenge de Goa<\/a>, o <a href=\"https:\/\/en.volleyballworld.com\/beachvolleyball\/competitions\/beach-pro-tour\/2023\/elite16\/paris-fra\/schedule\/\">Beach Pro Tour Elite 16 Paris<\/a>, o <span style=\"text-decoration: underline;\"><strong><a href=\"https:\/\/en.volleyballworld.com\/beachvolleyball\/competitions\/beach-pro-tour\/2023\/challenge\/edmonton-can\/schedule\/\">Beach Pro Tour Challenge de Edmonton<\/a><\/strong><\/span>, o <span style=\"text-decoration: underline;\"><a href=\"https:\/\/fpvoleibol.pt\/fpv\/features\/beach-pro-tour-2023\/\">Beach Pro Tour Challenge de Espinho<\/a><\/span>, o <a href=\"https:\/\/en.volleyballworld.com\/beachvolleyball\/competitions\/beach-pro-tour\/2023\/challenge\/jurmala-lat\/schedule\/\">Beach Pro Tour Challenge de Jurmala<\/a>, o <a href=\"https:\/\/en.volleyballworld.com\/beachvolleyball\/competitions\/beach-pro-tour\/2023\/elite16\/uberlandia-bra\/\">Beach Pro Tour Elite 16 de Uberl\u00e2ndia<\/a>, o <a href=\"https:\/\/en.volleyballworld.com\/beachvolleyball\/competitions\/beach-pro-tour\/2023\/challenge\/saquarema-bra\/\">Beach Pro Tour Challenge de Saquarema<\/a>, o <a style=\"color: #001b2e;\" href=\"https:\/\/en.volleyballworld.com\/beachvolleyball\/competitions\/beach-pro-tour\/2023\/challenge\/itapema-bra\/\">Beach Pro Tour Challenge de Itapema<\/a> e o <a href=\"https:\/\/en.volleyballworld.com\/beachvolleyball\/competitions\/beach-pro-tour\/2023\/challenge\/la-paz-mex\/\">Beach Pro Tour Challenge de La Paz<\/a> e em 2022 o <a href=\"https:\/\/en.volleyballworld.com\/beachvolleyball\/competitions\/beach-pro-tour-2022\/events\/challenge\/torquay-australia-c\/schedule\/372348\/\">Beach Pro Tour Challenge de Torquay<\/a>, o <a href=\"https:\/\/en.volleyballworld.com\/beachvolleyball\/competitions\/beach-pro-tour-2022\/events\/challenge\/dubai-uae-2\/schedule\/\">Beach Pro Tour Challenge do Dubai &#8211; 2nd<\/a>, o <a href=\"https:\/\/en.volleyballworld.com\/beachvolleyball\/competitions\/beach-pro-tour-2022\/events\/challenge\/dubai-uae-1\/teams\/men\/main-draw\">Beach Pro Tour Challenge do Dubai &#8211; 1st<\/a>, o <span style=\"text-decoration: underline;\"><a href=\"https:\/\/en.volleyballworld.com\/beachvolleyball\/competitions\/beach-pro-tour-2022\/events\/future\/cortegaca-portugal\/teams\/men\/by-country\">Beach Pro Tour Future de Cortega\u00e7a<\/a>,<\/span> o <a href=\"https:\/\/en.volleyballworld.com\/beachvolleyball\/competitions\/beach-pro-tour-2022\/events\/challenge\/agadir-morocco\/\">Beach Pro Tour Challenge de Agadir<\/a>, o <a href=\"https:\/\/en.volleyballworld.com\/beachvolleyball\/competitions\/beach-pro-tour-2022\/events\/challenge\/espinho-portugal\/\">Beach Pro Tour Challenge de Espinho<\/a>,\u00a0 o <a href=\"https:\/\/www.cev.eu\/beach\/tour\/2022\/2022-volleyball-world-beach-pro-tour-futures-giardini-naxos\/\">Beach Pro Tour Future de Giardini Naxos<\/a>, o <a href=\"https:\/\/en.volleyballworld.com\/beachvolleyball\/competitions\/beach-pro-tour-2022\/events\/future\/madrid-spain-men\/teams\/men\/by-country\">Beach Pro Tour Future de Madrid<\/a>, em Espanha, o <a href=\"https:\/\/en.volleyballworld.com\/beachvolleyball\/competitions\/beach-pro-tour-2022\/events\/challenge\/doha-qatar\/teams\/men\/qualification\">Beach Pro Tour Challenge de Doha<\/a>, no Catar, o <strong><a href=\"https:\/\/en.volleyballworld.com\/beachvolleyball\/competitions\/beach-pro-tour-2022\/events\/challenge\/tlaxcala-mexico\/\">Beach Pro Tour Challenge de Tlaxcala<\/a><\/strong>, no M\u00e9xico, e o <strong><a href=\"https:\/\/en.volleyballworld.com\/beachvolleyball\/competitions\/beach-pro-tour-2022\/events\/challenge\/itapema-brazil\/\">Beach Pro Tour Challenge de Itapema<\/a><\/strong>, no Brasil.<\/p>\n<p><img loading=\"lazy\" decoding=\"async\" class=\"size-full wp-image-19300 aligncenter\" src=\"https:\/\/fpvoleibol.pt\/fpv\/wp-content\/uploads\/2022\/09\/pedrosacampos_leonel_d_fadu.jpg\" alt=\"\" width=\"1000\" height=\"667\" srcset=\"https:\/\/fpvoleibol.pt\/fpv\/wp-content\/uploads\/2022\/09\/pedrosacampos_leonel_d_fadu.jpg 1000w, https:\/\/fpvoleibol.pt\/fpv\/wp-content\/uploads\/2022\/09\/pedrosacampos_leonel_d_fadu-300x200.jpg 300w, https:\/\/fpvoleibol.pt\/fpv\/wp-content\/uploads\/2022\/09\/pedrosacampos_leonel_d_fadu-768x512.jpg 768w\" sizes=\"auto, (max-width: 1000px) 100vw, 1000px\" \/>Apesar da sua juventude, <strong>Jo\u00e3o Pedrosa <\/strong>e<strong> Hugo Campos<\/strong>, <a href=\"https:\/\/fpvoleibol.pt\/fpv\/2022\/09\/10\/pedrosa-campos-campeoes-mundiais-universitarios\/\"><span style=\"text-decoration: underline;\">campe\u00f5es mundiais universit\u00e1rios 2022<\/span><\/a>, t\u00eam j\u00e1 um registo significativo nos \u00faltimos anos:<\/p>\n<p><span style=\"text-decoration: underline;\"><strong>2023<br \/>\n<\/strong><a href=\"https:\/\/en.volleyballworld.com\/beachvolleyball\/competitions\/beach-pro-tour\/2023\/challenge\/haikou-chn\/schedule\/\">Beach Pro Tour Challenge de Haikou<\/a>\u00a0\u2013 19.\u00ba lugar<br \/>\n<a href=\"https:\/\/en.volleyballworld.com\/beachvolleyball\/competitions\/beach-pro-tour\/2023\/challenge\/goa-ind\/schedule\/\">Beach Pro Tour Challenge de Goa<\/a> \u2013 9.\u00ba lugar\u00a0<strong><br \/>\n<a href=\"https:\/\/pt.volleyballworld.com\/beachvolleyball\/competitions\/beach-volleyball-world-championships-tlaxcala-2023\/\">FIVB Beach Volleyball World Championships<\/a> \u2013 33.\u00ba lugar<br \/>\n<\/strong><a href=\"https:\/\/en.volleyballworld.com\/beachvolleyball\/competitions\/beach-pro-tour\/2023\/elite16\/paris-fra\/schedule\/\">Beach Pro Tour Elite 16 Paris<\/a>\u00a0 \u2013 21.\u00ba lugar<strong><br \/>\n<\/strong><a href=\"https:\/\/heraklion23.gr\/\">III Jogos do Mediterr\u00e2neo de Praia<\/a><\/span> \u2013 3.\u00ba lugar<span style=\"text-decoration: underline;\"><strong><br \/>\n<a href=\"https:\/\/en.volleyballworld.com\/beachvolleyball\/competitions\/beach-pro-tour\/2023\/challenge\/edmonton-can\/schedule\/\">Beach Pro Tour Challenge de Edmonton<\/a><\/strong><\/span><strong>\u2013 1.\u00ba lugar<\/strong><span style=\"text-decoration: underline;\"><strong><br \/>\n<\/strong><a href=\"https:\/\/fpvoleibol.pt\/fpv\/features\/beach-pro-tour-2023\/\">Beach Pro Tour Challenge de Espinho<\/a><\/span> \u2013 9.\u00ba lugar<br \/>\n<a href=\"https:\/\/en.volleyballworld.com\/beachvolleyball\/competitions\/beach-pro-tour\/2023\/challenge\/jurmala-lat\/standings\/men\/\">Beach Pro Tour Challenge Jurmala (Let\u00f3nia)<\/a> \u2013 19.\u00ba lugar<br \/>\n<span style=\"text-decoration: underline;\">Ta\u00e7a das Na\u00e7\u00f5es &#8211; Pool G (Hungria) \u2013 3.\u00ba lugar<\/span><br \/>\n<span style=\"text-decoration: underline;\">Beach Pro Tour Elite 16 de Uberl\u00e2ndia \u2013 21.\u00ba lugar<strong><br \/>\n<\/strong>Beach Pro Tour Challenge de Saquarema \u2013 17.\u00ba lugar<strong><br \/>\n<\/strong><\/span><span style=\"text-decoration: underline;\">Beach Pro Tour Challenge de Itapema \u2013 19.\u00ba lugar<br \/>\n<\/span><span style=\"text-decoration: underline;\">Beach Pro Tour Challenge de La Paz \u2013 19.\u00ba lugar<br \/>\n<\/span><span style=\"text-decoration: underline;\"><strong>2022<br \/>\n<\/strong>Beach Pro Tour Challenge de Torquay \u2013 4.\u00ba lugar<br \/>\nBeach Pro Tour Challenge do Dubai &#8211; 2nd \u2013 9.\u00ba lugar<br \/>\nBeach Pro Tour Challenge do Dubai &#8211; 1st \u2013 9.\u00ba lugar<br \/>\n<strong>Mundiais Universit\u00e1rios de Voleibol de Praia, em Macei\u00f3\/Brasil &#8211; 1.\u00ba lugar<\/strong><br \/>\nBeach Pro Tour Future de Cortega\u00e7a\/Portugal &#8211; 2.\u00ba lugar<br \/>\n<\/span><span style=\"text-decoration: underline;\">Campeonato Nacional &#8211; Lidl, em Cortega\u00e7a &#8211; 1.\u00ba lugar<br \/>\nBeach Pro Tour Challenge de Agadir\/Marrocos &#8211; 33.\u00ba lugar\u00a0<strong><br \/>\n<\/strong>Beach Pro Tour Espinho Challenge\/Portugal &#8211; 19.\u00ba lugar<br \/>\nBeach Pro Tour Giardini Naxos Future\/It\u00e1lia &#8211; 9.\u00ba lugar<br \/>\nBeach Pro Tour Madrid Future\/Espanha &#8211; 17.\u00ba lugar<br \/>\nBeach Pro Tour Doha Challenge\/Catar &#8211; 25.\u00ba lugar<br \/>\nBeach Pro Tour Itapema Challenge\/Brasil &#8211; 33.\u00ba lugar<\/span><br \/>\n<span style=\"text-decoration: underline;\">Beach Pro Tour Tlaxcala Challenge\/M\u00e9xico &#8211; 33.\u00ba lugar<br \/>\n<\/span><span style=\"text-decoration: underline;\"><strong>2021<br \/>\n<\/strong><\/span>World Tour 2* (Praga\/Rep. Checa) &#8211; 21.\u00ba lugar<span style=\"text-decoration: underline;\"><br \/>\nWorld Tour 1* (Cortega\u00e7a\/Portugal) &#8211; 2.\u00ba lugar<strong><br \/>\n<\/strong><\/span>World Tour 1* (S\u00f3fia 2\/Bulg\u00e1ria) &#8211; 2.\u00ba lugar<br \/>\nWorld Tour 1* (S\u00f3fia 1\/Bulg\u00e1ria) &#8211; 3.\u00ba lugar<br \/>\nEuropeu Sub-22 (Baden\/\u00c1ustria) &#8211; 9.\u00ba lugar<br \/>\nWorld Tour 4* (Ostrava\/Rep. Checa) &#8211; 41.\u00ba lugar<br \/>\n<span style=\"text-decoration: underline;\"><strong>2020<\/strong><\/span><br \/>\nEuropeu Sub-22 (Izmir\/Turquia) &#8211; 17.\u00ba lugar<br \/>\nWorld Tour 1* (Montpellier\/Fran\u00e7a) &#8211; 9.\u00ba lugar<br \/>\n<span style=\"text-decoration: underline;\"><strong>2019<\/strong><\/span><br \/>\nJogos do Mediterr\u00e2neo \u2013 5.\u00ba lugar<br \/>\nWorld Tour 1* (Knokke-Heist\/B\u00e9lgica) \u2013 21.\u00ba lugar<br \/>\nWorld Tour 4* (Espinho\/Portugal) \u2013 25.\u00ba lugar<br \/>\nEuropeu Sub-20 (Gotemburgo\/Su\u00e9cia) \u2013 17.\u00ba lugar<br \/>\n<span style=\"text-decoration: underline;\"><strong>2018<\/strong><\/span><br \/>\nTorneio WEVZA (Quarteira\/Portugal) \u2013 4.\u00ba lugar<br \/>\nEuropeu Sub-20 (Anapa\/R\u00fassia) \u2013 25.\u00ba lugar<br \/>\nEuropeu Sub-18 (Kazan\/R\u00fassia) \u2013 17.\u00ba lugar<br \/>\n<span style=\"text-decoration: underline;\"><strong>2017<\/strong><\/span><br \/>\nCEV Youth Continental Cup &#8211; 3.\u00ba lugar<\/p>\n<p><span style=\"text-align: center;\">Ver\u00a0<\/span><strong style=\"text-align: center;\">curr\u00edculo<\/strong><span style=\"text-align: center;\">\u00a0internacional de\u00a0<\/span><a style=\"text-align: center;\" href=\"https:\/\/en.volleyballworld.com\/en\/beachvolleyball\/worldtour\/2021\/msfi2021\/men\/teams\/960755-pedrosa-campos\/joao_pedrosa?id=153921\"><strong>Jo\u00e3o Pedrosa aqui<\/strong>\u00a0<\/a><span style=\"text-align: center;\">e de\u00a0<\/span><a style=\"text-align: center;\" href=\"https:\/\/en.volleyballworld.com\/en\/beachvolleyball\/worldtour\/2021\/msfi2021\/men\/teams\/960755-pedrosa-campos\/hugo_campos?id=164474\"><strong>Hugo Campos aqui<\/strong><\/a><\/p>\n<p style=\"text-align: center;\"><span style=\"background-color: #333333; color: #ffffff;\"><strong>\u00c1rbitros portugueses em ac\u00e7\u00e3o<br \/>\nno Voleibol de Praia<\/strong><\/span><\/p>\n<p style=\"text-align: center;\"><strong>Sandra Deveza<\/strong><br \/>\nBeach Pro Tour Challenge de Chiang Mai, na Tail\u00e2ndia, 16 a 19 de Novembro de 2023.<\/p>\n<p style=\"text-align: center;\"><strong>Rui Carvalho<\/strong><br \/>\nFinais BPT 2023 \u2013 Doha (Catar), de 6 a 9 de Dezembro de 2023.<\/p>\n","protected":false},"excerpt":{"rendered":"<p>A dupla portuguesa de Voleibol de Praia Jo\u00e3o Pedrosa\/Hugo Campos inicia na sexta-feira a participa\u00e7\u00e3o no Beach Pro Tour Challenge de Chiang Mai, a decorrer na Tail\u00e2ndia de 16 a [&hellip;]<\/p>\n","protected":false},"author":2,"featured_media":28370,"comment_status":"open","ping_status":"open","sticky":false,"template":"","format":"standard","meta":{"_monsterinsights_skip_tracking":false,"_monsterinsights_sitenote_active":false,"_monsterinsights_sitenote_note":"","_monsterinsights_sitenote_category":0,"footnotes":""},"categories":[13,9],"tags":[74],"class_list":{"0":"post-28936","1":"post","2":"type-post","3":"status-publish","4":"format-standard","5":"has-post-thumbnail","7":"category-arbitragem","8":"category-voleibol-de-praia","9":"tag-beach-pro-tour","10":"czr-hentry"},"aioseo_notices":[],"_links":{"self":[{"href":"https:\/\/fpvoleibol.pt\/fpv\/wp-json\/wp\/v2\/posts\/28936","targetHints":{"allow":["GET"]}}],"collection":[{"href":"https:\/\/fpvoleibol.pt\/fpv\/wp-json\/wp\/v2\/posts"}],"about":[{"href":"https:\/\/fpvoleibol.pt\/fpv\/wp-json\/wp\/v2\/types\/post"}],"author":[{"embeddable":true,"href":"https:\/\/fpvoleibol.pt\/fpv\/wp-json\/wp\/v2\/users\/2"}],"replies":[{"embeddable":true,"href":"https:\/\/fpvoleibol.pt\/fpv\/wp-json\/wp\/v2\/comments?post=28936"}],"version-history":[{"count":10,"href":"https:\/\/fpvoleibol.pt\/fpv\/wp-json\/wp\/v2\/posts\/28936\/revisions"}],"predecessor-version":[{"id":29040,"href":"https:\/\/fpvoleibol.pt\/fpv\/wp-json\/wp\/v2\/posts\/28936\/revisions\/29040"}],"wp:featuredmedia":[{"embeddable":true,"href":"https:\/\/fpvoleibol.pt\/fpv\/wp-json\/wp\/v2\/media\/28370"}],"wp:attachment":[{"href":"https:\/\/fpvoleibol.pt\/fpv\/wp-json\/wp\/v2\/media?parent=28936"}],"wp:term":[{"taxonomy":"category","embeddable":true,"href":"https:\/\/fpvoleibol.pt\/fpv\/wp-json\/wp\/v2\/categories?post=28936"},{"taxonomy":"post_tag","embeddable":true,"href":"https:\/\/fpvoleibol.pt\/fpv\/wp-json\/wp\/v2\/tags?post=28936"}],"curies":[{"name":"wp","href":"https:\/\/api.w.org\/{rel}","templated":true}]}}