{"id":28162,"date":"2023-10-05T18:48:38","date_gmt":"2023-10-05T18:48:38","guid":{"rendered":"https:\/\/fpvoleibol.pt\/fpv\/?p=28162"},"modified":"2023-12-20T21:59:27","modified_gmt":"2023-12-20T21:59:27","slug":"benfica-e-vao-11-supertacas","status":"publish","type":"post","link":"https:\/\/fpvoleibol.pt\/fpv\/2023\/10\/05\/benfica-e-vao-11-supertacas\/","title":{"rendered":"BENFICA: E V\u00c3O 11 SUPERTA\u00c7AS"},"content":{"rendered":"<p><img loading=\"lazy\" decoding=\"async\" class=\"size-full wp-image-28186 aligncenter\" src=\"https:\/\/fpvoleibol.pt\/fpv\/wp-content\/uploads\/2023\/10\/slbenfica_supertaca_11_d.jpg\" alt=\"\" width=\"960\" height=\"640\" srcset=\"https:\/\/fpvoleibol.pt\/fpv\/wp-content\/uploads\/2023\/10\/slbenfica_supertaca_11_d.jpg 960w, https:\/\/fpvoleibol.pt\/fpv\/wp-content\/uploads\/2023\/10\/slbenfica_supertaca_11_d-300x200.jpg 300w, https:\/\/fpvoleibol.pt\/fpv\/wp-content\/uploads\/2023\/10\/slbenfica_supertaca_11_d-768x512.jpg 768w\" sizes=\"auto, (max-width: 960px) 100vw, 960px\" \/>A equipa de seniores masculinos do <strong>Sport Lisboa e Benfica<\/strong> ergueu hoje o trof\u00e9u da Superta\u00e7a pela 11.\u00aa vez ao vencer, por 3-0 (25-17, 25-21 e 25-14), a <strong>Associa\u00e7\u00e3o de Jovens da Fonte do Bastardo<\/strong>, em jogo arbitrado por Lu\u00eds Meireles (AVP) e\u00a0 Pedro Pinto (AVP) no Pavilh\u00e3o Desportivo de Santo Tirso, numa organiza\u00e7\u00e3o da Federa\u00e7\u00e3o Portuguesa de Voleibol, em colabora\u00e7\u00e3o com a C\u00e2mara Municipal local, que este ano congregou, pela primeira vez, no mesmo dia e no mesmo local, a competi\u00e7\u00e3o de femininos e de masculinos.<\/p>\n<p>Com este triunfo na\u00a0<u>Superta\u00e7a 2023 de seniores masculinos<\/u>, \u2013 ditado sobretudo pela efic\u00e1cia no servi\u00e7o (9 <em>ases<\/em> contra zero) \u2013 o SL Benfica refor\u00e7ou a posi\u00e7\u00e3o de l\u00edder na competi\u00e7\u00e3o: \u00e9 o clube que mais vezes ergueu o trof\u00e9u da Superta\u00e7a, 11, \u00e0 frente do Cast\u00ealo da Maia GC e do SC Espinho com 5,\u00a0 do Sporting CP com 3, e do Leix\u00f5es SC e da AJ Fonte do Bastardo com 1. Ver <a href=\"https:\/\/fpvoleibol.pt\/fpv\/menu-voleibol\/historico-supertaca\/\">HISTORIAL<\/a> da Superta\u00e7a.<br \/>\nEm 2022, a equipa de seniores masculinos da AJ Fonte do Bastardo tinha erguido o seu primeiro trof\u00e9u da Superta\u00e7a ao vencer, por 3-1 (12-25, 25-19, 25-22 e 25-19), o SL Benfica no Pavilh\u00e3o Desportivo Municipal de Santo Tirso.<\/p>\n<p style=\"text-align: center;\"><strong><img loading=\"lazy\" decoding=\"async\" class=\"size-full wp-image-28187 aligncenter\" src=\"https:\/\/fpvoleibol.pt\/fpv\/wp-content\/uploads\/2023\/10\/slbenfica_supertaca_11_d2.jpg\" alt=\"\" width=\"960\" height=\"640\" srcset=\"https:\/\/fpvoleibol.pt\/fpv\/wp-content\/uploads\/2023\/10\/slbenfica_supertaca_11_d2.jpg 960w, https:\/\/fpvoleibol.pt\/fpv\/wp-content\/uploads\/2023\/10\/slbenfica_supertaca_11_d2-300x200.jpg 300w, https:\/\/fpvoleibol.pt\/fpv\/wp-content\/uploads\/2023\/10\/slbenfica_supertaca_11_d2-768x512.jpg 768w\" sizes=\"auto, (max-width: 960px) 100vw, 960px\" \/>SL Benfica x AJ Fonte do Bastardo, <a href=\"https:\/\/fpv-web.dataproject.com\/MatchStatistics.aspx?mID=8098&amp;ID=88&amp;CID=289&amp;PID=128&amp;type=LegList\">3-0 (25-17, 25-21 e 25-14<\/a>)<\/strong><\/p>\n<p>A AJ Fonte do Bastardo entrou melhor no jogo (2-0), mas o SL Benfica igualou rapidamente e, de seguida, passou para a frente do marcador e afastou-se um pouco com um servi\u00e7o directo de Pablo Machado (6-4).<br \/>\nUm servi\u00e7o do oposto brasileiro Felipe Bander\u00f3 aumentou a diferen\u00e7a (12-9), mas a equipa a\u00e7oriana recuperou o terreno perdido e igualou com um erro dos <em>encarnados<\/em> (12-12).<br \/>\nNovo assomo da equipa orientada por Marcel Matz (16-12) e nova recupera\u00e7\u00e3o dos a\u00e7orianos (16-14)&#8230;<br \/>\nCom os servi\u00e7os de Peter Wohlfahrtstatter a criarem mossas na recep\u00e7\u00e3o contr\u00e1ria, o SL Benfica afastou-se novamente (20-14).<br \/>\nAndr\u00e9 Aleixo, conhecido por <em>Japa<\/em>, com uma ac\u00e7\u00e3o ofensiva, aumentou a contagem (22-15) e Peter Wohlfahrtstatter selou-a, igualmente no ataque: 25-17.<\/p>\n<p>A equipa da Luz entrou de rompante no segundo set (3-0, 4-1), mas a AJF Bastardo aguentou o golpe e reaproximou-se (5-6).<br \/>\nFortemente apoiado pelo p\u00fablico, o Benfica somou pontos no ataque (9-6), atrav\u00e9s de Andr\u00e9 Aleixo, ap\u00f3s passe a uma m\u00e3o de&#8230; Felipe Bander\u00f3.<br \/>\n<em>Japa<\/em>, sempre muito eficaz no ataque, manteve a dist\u00e2ncia (11-8). Pablo Machado, com um ataque de segunda linha, aumentou a diferen\u00e7a (17-12), obrigando Nuno Abrantes a parar o jogo e redefinir a estrat\u00e9gia da equipa a\u00e7oriana.<br \/>\nDois blocos consecutivos a Felipe Bander\u00f3 permitiram a reaproxima\u00e7\u00e3o no marcador (14-17).<br \/>\nUm servi\u00e7o directo de Bernardo Westermann e um ataque Peter Wohlfahrtstatter fixaram novo triunfo: 25-21.<\/p>\n<p>A forma\u00e7\u00e3o lisboeta entrou bem no terceiro set, com o seu servi\u00e7o a criar problemas \u00e0 recep\u00e7\u00e3o contr\u00e1ria e a permitir os ataques ao primeiro toque de Felipe Bander\u00f3 e de Peter Wohlfahrtstatter (3-1).<br \/>\nNovo servi\u00e7o do possante oposto brasileiro a aumentar a diferen\u00e7a (5-1).<br \/>\nUm ataque de Andr\u00e9 Aleixo (Japa), primeiro, e um bloco de Felipe Bander\u00f3 cavaram ainda mais o fosso pontual (9-4, 12-6).<br \/>\nFelipe Bander\u00f3, com um servi\u00e7o habilidoso e feliz, afastou ainda mais os benfiquistas (15-7) e Nuno Abrantes pediu tempo, conseguindo parar assim o \u00edmpeto do seu advers\u00e1rio.<br \/>\nContudo, o Benfica respirava confian\u00e7a e Pablo Machado fez o 17-8 com um potente servi\u00e7o, aproximando ainda mais a equipa de Marcel Matz de mais uma vit\u00f3ria na Superta\u00e7a.<br \/>\nFeito que acabou por ser concretizado ao fazer o 25.\u00ba ponto, selado com a rubrica de Tiago Violas (ataque) e um erro da AJF Bastardo: 25-14.<\/p>\n<p>Os benfiquistas <strong>Pablo Natan Machado<\/strong>, com 14 pontos, <strong>Felipe Bander\u00f3 <\/strong>e<strong> Andr\u00e9 Aleixo<\/strong>, ambos com 12, foram os melhores pontuadores do jogo, enquanto <span style=\"text-decoration: underline;\">Jos\u00e9 Gonz\u00e1lez<\/span>, com 8, foi o jogador mais concretizador da AJF Bastardo. Ver estat\u00edstica <a href=\"https:\/\/fpv-web.dataproject.com\/MatchStatistics.aspx?mID=8098&amp;ID=88&amp;CID=289&amp;PID=128&amp;type=LegList\">AQUI<\/a><\/p>\n<p>No final, <strong>Marcel Matz<\/strong>, Treinador do SL Benfica, salientou:<br \/>\n&#8220;<em>Foi o nosso servi\u00e7o que acabou por fazer a diferen\u00e7a. Tivemos um servi\u00e7o bem forte, muito agressivo, o que permitiu que desse tudo certo, porque a equipa p\u00f4de jogar com outra tranquilidade nos outros sistemas do jogo, j\u00e1 que o servi\u00e7o foi mesmo muito forte.<\/em><br \/>\n<em>A equipa estava a jogar bem e n\u00e3o precis\u00e1mos de fazer grandes altera\u00e7\u00f5es, apesar do Felipe (Bander\u00f3) estar a chegar agora. A temporada est\u00e1 s\u00f3 a come\u00e7ar mas j\u00e1 d\u00e1 para ver que temos um grupo forte e amplo e que quando as coisas n\u00e3o correrem bem, t\u00eam colegas para ajudar.<\/em><br \/>\n<em>\u00c9 bom come\u00e7ar a \u00e9poca com a conquista de um trof\u00e9u, ao contr\u00e1rio do que aconteceu na \u00e9poca passada. Ganhar \u00e9 sempre bom, trabalhamos para isso. Constru\u00edmos a equipa, desenvolvemos os jogadores, mas tamb\u00e9m trabalhamos para vencer. E a rapaziada merece os parab\u00e9ns pelo que fez hoje. Estou muito orgulhoso deles<\/em>&#8220;.<\/p>\n<p>O libero <strong>Ivo Casas<\/strong> afinou pelo mesmo diapas\u00e3o:<br \/>\n&#8220;<em>Creio que fomos superiores ao longo do jogo todo. Servimos bem, cri\u00e1mos muitas dificuldades \u00e0 recep\u00e7\u00e3o da Fonte Bastardo, o nosso side-out funcionou bem e o nosso break ainda melhor. Quando isso acontece e o nosso servi\u00e7o entra, \u00e9 muito dif\u00edcil jogar contra n\u00f3s, porque temos um bom trabalho bloco\/defesa.<\/em><br \/>\n<em>Come\u00e7\u00e1mos com o p\u00e9 direito, \u00e9 sempre a melhor forma de come\u00e7ar a \u00e9poca, com uma vit\u00f3ria e a conquista de um trof\u00e9u<\/em>&#8220;.<\/p>\n","protected":false},"excerpt":{"rendered":"<p>A equipa de seniores masculinos do Sport Lisboa e Benfica ergueu hoje o trof\u00e9u da Superta\u00e7a pela 11.\u00aa vez ao vencer, por 3-0 (25-17, 25-21 e 25-14), a Associa\u00e7\u00e3o de [&hellip;]<\/p>\n","protected":false},"author":2,"featured_media":28185,"comment_status":"open","ping_status":"open","sticky":false,"template":"","format":"standard","meta":{"_monsterinsights_skip_tracking":false,"_monsterinsights_sitenote_active":false,"_monsterinsights_sitenote_note":"","_monsterinsights_sitenote_category":0,"footnotes":""},"categories":[13,8],"tags":[110],"class_list":{"0":"post-28162","1":"post","2":"type-post","3":"status-publish","4":"format-standard","5":"has-post-thumbnail","7":"category-arbitragem","8":"category-voleibol","9":"tag-supertaca-2023","10":"czr-hentry"},"aioseo_notices":[],"_links":{"self":[{"href":"https:\/\/fpvoleibol.pt\/fpv\/wp-json\/wp\/v2\/posts\/28162","targetHints":{"allow":["GET"]}}],"collection":[{"href":"https:\/\/fpvoleibol.pt\/fpv\/wp-json\/wp\/v2\/posts"}],"about":[{"href":"https:\/\/fpvoleibol.pt\/fpv\/wp-json\/wp\/v2\/types\/post"}],"author":[{"embeddable":true,"href":"https:\/\/fpvoleibol.pt\/fpv\/wp-json\/wp\/v2\/users\/2"}],"replies":[{"embeddable":true,"href":"https:\/\/fpvoleibol.pt\/fpv\/wp-json\/wp\/v2\/comments?post=28162"}],"version-history":[{"count":16,"href":"https:\/\/fpvoleibol.pt\/fpv\/wp-json\/wp\/v2\/posts\/28162\/revisions"}],"predecessor-version":[{"id":29808,"href":"https:\/\/fpvoleibol.pt\/fpv\/wp-json\/wp\/v2\/posts\/28162\/revisions\/29808"}],"wp:featuredmedia":[{"embeddable":true,"href":"https:\/\/fpvoleibol.pt\/fpv\/wp-json\/wp\/v2\/media\/28185"}],"wp:attachment":[{"href":"https:\/\/fpvoleibol.pt\/fpv\/wp-json\/wp\/v2\/media?parent=28162"}],"wp:term":[{"taxonomy":"category","embeddable":true,"href":"https:\/\/fpvoleibol.pt\/fpv\/wp-json\/wp\/v2\/categories?post=28162"},{"taxonomy":"post_tag","embeddable":true,"href":"https:\/\/fpvoleibol.pt\/fpv\/wp-json\/wp\/v2\/tags?post=28162"}],"curies":[{"name":"wp","href":"https:\/\/api.w.org\/{rel}","templated":true}]}}