{"id":27999,"date":"2023-09-26T19:14:40","date_gmt":"2023-09-26T19:14:40","guid":{"rendered":"https:\/\/fpvoleibol.pt\/fpv\/?p=27999"},"modified":"2023-09-28T08:37:07","modified_gmt":"2023-09-28T08:37:07","slug":"voleibol-nacional-de-luto-2","status":"publish","type":"post","link":"https:\/\/fpvoleibol.pt\/fpv\/2023\/09\/26\/voleibol-nacional-de-luto-2\/","title":{"rendered":"VOLEIBOL NACIONAL DE LUTO"},"content":{"rendered":"<p><img loading=\"lazy\" decoding=\"async\" class=\"size-full wp-image-28001 aligncenter\" src=\"https:\/\/fpvoleibol.pt\/fpv\/wp-content\/uploads\/2023\/09\/pedro-fiuza-new_slb.jpg\" alt=\"\" width=\"960\" height=\"570\" srcset=\"https:\/\/fpvoleibol.pt\/fpv\/wp-content\/uploads\/2023\/09\/pedro-fiuza-new_slb.jpg 960w, https:\/\/fpvoleibol.pt\/fpv\/wp-content\/uploads\/2023\/09\/pedro-fiuza-new_slb-300x178.jpg 300w, https:\/\/fpvoleibol.pt\/fpv\/wp-content\/uploads\/2023\/09\/pedro-fiuza-new_slb-768x456.jpg 768w\" sizes=\"auto, (max-width: 960px) 100vw, 960px\" \/>\u00c9 com profundo pesar que a Federa\u00e7\u00e3o Portuguesa de Voleibol (FPV) endere\u00e7a \u00e0 fam\u00edlia de <strong>Pedro Fi\u00faza<\/strong> e ao Sport Lisboa e Benfica os mais sentidos p\u00easames, associando-se desta forma ao momento de luto* que atravessa o Voleibol e o Desporto portugu\u00eas.<\/p>\n<p>O antigo jogador do Sport Lisboa e Benfica faleceu hoje, aos 42 anos, ap\u00f3s doen\u00e7a prolongada [<span style=\"font-size: 8pt;\"><strong>Foto: SL Benfica<\/strong><\/span>].<\/p>\n<p>Internacional pela Selec\u00e7\u00e3o Nacional de Seniores Masculinos, <strong>Pedro Fi\u00faza<\/strong> (n.\u00ba 7) representou por mais de uma d\u00e9cada (at\u00e9 2012) o emblema da \u00e1guia, ao servi\u00e7o do qual conquistou por uma vez o Campeonato Nacional e por cinco vezes a Ta\u00e7a de Portugal, bem como duas Superta\u00e7as.<\/p>\n<p><img loading=\"lazy\" decoding=\"async\" class=\"size-full wp-image-28000 aligncenter\" src=\"https:\/\/fpvoleibol.pt\/fpv\/wp-content\/uploads\/2023\/09\/snsm_pedro_fiuza2.jpg\" alt=\"\" width=\"960\" height=\"705\" srcset=\"https:\/\/fpvoleibol.pt\/fpv\/wp-content\/uploads\/2023\/09\/snsm_pedro_fiuza2.jpg 960w, https:\/\/fpvoleibol.pt\/fpv\/wp-content\/uploads\/2023\/09\/snsm_pedro_fiuza2-300x220.jpg 300w, https:\/\/fpvoleibol.pt\/fpv\/wp-content\/uploads\/2023\/09\/snsm_pedro_fiuza2-768x564.jpg 768w\" sizes=\"auto, (max-width: 960px) 100vw, 960px\" \/><span style=\"font-size: 10pt;\"><strong>*O funeral realiza-se na sexta-feira, a partir das 10h30, no Centro Paroquial de Santa Maria de Bel\u00e9m, em Lisboa.<\/strong><\/span><\/p>\n","protected":false},"excerpt":{"rendered":"<p>\u00c9 com profundo pesar que a Federa\u00e7\u00e3o Portuguesa de Voleibol (FPV) endere\u00e7a \u00e0 fam\u00edlia de Pedro Fi\u00faza e ao Sport Lisboa e Benfica os mais sentidos p\u00easames, associando-se desta forma [&hellip;]<\/p>\n","protected":false},"author":2,"featured_media":28002,"comment_status":"open","ping_status":"open","sticky":false,"template":"","format":"standard","meta":{"_monsterinsights_skip_tracking":false,"_monsterinsights_sitenote_active":false,"_monsterinsights_sitenote_note":"","_monsterinsights_sitenote_category":0,"footnotes":""},"categories":[20,15,8],"tags":[],"class_list":{"0":"post-27999","1":"post","2":"type-post","3":"status-publish","4":"format-standard","5":"has-post-thumbnail","7":"category-destaque","8":"category-diversos","9":"category-voleibol","10":"czr-hentry"},"aioseo_notices":[],"_links":{"self":[{"href":"https:\/\/fpvoleibol.pt\/fpv\/wp-json\/wp\/v2\/posts\/27999","targetHints":{"allow":["GET"]}}],"collection":[{"href":"https:\/\/fpvoleibol.pt\/fpv\/wp-json\/wp\/v2\/posts"}],"about":[{"href":"https:\/\/fpvoleibol.pt\/fpv\/wp-json\/wp\/v2\/types\/post"}],"author":[{"embeddable":true,"href":"https:\/\/fpvoleibol.pt\/fpv\/wp-json\/wp\/v2\/users\/2"}],"replies":[{"embeddable":true,"href":"https:\/\/fpvoleibol.pt\/fpv\/wp-json\/wp\/v2\/comments?post=27999"}],"version-history":[{"count":5,"href":"https:\/\/fpvoleibol.pt\/fpv\/wp-json\/wp\/v2\/posts\/27999\/revisions"}],"predecessor-version":[{"id":28042,"href":"https:\/\/fpvoleibol.pt\/fpv\/wp-json\/wp\/v2\/posts\/27999\/revisions\/28042"}],"wp:featuredmedia":[{"embeddable":true,"href":"https:\/\/fpvoleibol.pt\/fpv\/wp-json\/wp\/v2\/media\/28002"}],"wp:attachment":[{"href":"https:\/\/fpvoleibol.pt\/fpv\/wp-json\/wp\/v2\/media?parent=27999"}],"wp:term":[{"taxonomy":"category","embeddable":true,"href":"https:\/\/fpvoleibol.pt\/fpv\/wp-json\/wp\/v2\/categories?post=27999"},{"taxonomy":"post_tag","embeddable":true,"href":"https:\/\/fpvoleibol.pt\/fpv\/wp-json\/wp\/v2\/tags?post=27999"}],"curies":[{"name":"wp","href":"https:\/\/api.w.org\/{rel}","templated":true}]}}