{"id":27778,"date":"2023-09-21T10:10:39","date_gmt":"2023-09-21T10:10:39","guid":{"rendered":"https:\/\/fpvoleibol.pt\/fpv\/?p=27778"},"modified":"2023-09-21T13:28:25","modified_gmt":"2023-09-21T13:28:25","slug":"taca-iberica-masculinos-2","status":"publish","type":"post","link":"https:\/\/fpvoleibol.pt\/fpv\/2023\/09\/21\/taca-iberica-masculinos-2\/","title":{"rendered":"TA\u00c7A IB\u00c9RICA \u2013 MASCULINOS"},"content":{"rendered":"<p style=\"text-align: center;\"><img loading=\"lazy\" decoding=\"async\" class=\"size-full wp-image-27780 aligncenter\" src=\"https:\/\/fpvoleibol.pt\/fpv\/wp-content\/uploads\/2023\/09\/Taca_Iberica_Espanha_rfevb.jpg\" alt=\"\" width=\"960\" height=\"1358\" srcset=\"https:\/\/fpvoleibol.pt\/fpv\/wp-content\/uploads\/2023\/09\/Taca_Iberica_Espanha_rfevb.jpg 960w, https:\/\/fpvoleibol.pt\/fpv\/wp-content\/uploads\/2023\/09\/Taca_Iberica_Espanha_rfevb-212x300.jpg 212w, https:\/\/fpvoleibol.pt\/fpv\/wp-content\/uploads\/2023\/09\/Taca_Iberica_Espanha_rfevb-724x1024.jpg 724w, https:\/\/fpvoleibol.pt\/fpv\/wp-content\/uploads\/2023\/09\/Taca_Iberica_Espanha_rfevb-768x1086.jpg 768w\" sizes=\"auto, (max-width: 960px) 100vw, 960px\" \/><strong><span style=\"font-size: 8pt;\">Imagem: <a href=\"https:\/\/www.facebook.com\/cvguaguas\">CV Guaguas<\/a><\/span><\/strong><\/p>\n<p>A primeira edi\u00e7\u00e3o da <strong>Ta\u00e7a Ib\u00e9rica de Voleibol<\/strong> tem o seu in\u00edcio marcado para este fim-de-semana em <strong>Viana do Castelo<\/strong> (femininos) e <strong>Las Palmas de Gran Canaria<\/strong> (masculinos).<\/p>\n<p>Em masculinos, Las Palmas, a capital da Gran Canaria, acolhe \u2013 no Centro Desportivo Municipal El Bat\u00e1n e no Centro Desportivo Insular de Las Palmas de Gran Canaria \u2013 a primeira edi\u00e7\u00e3o da Ta\u00e7a Ib\u00e9rica, agendada para os dias 23 e 24 de Setembro.<\/p>\n<p>Quatro das melhores equipas das principais competi\u00e7\u00f5es portuguesas e espanholas de Voleibol ter\u00e3o assim o primeiro e desafiante compromisso antes do arranque das competi\u00e7\u00f5es nacionais da\u00a0 \u00e9poca de 2023\/2024, para al\u00e9m dos excelentes momentos competitivos que ir\u00e3o certamente protagonizar.<\/p>\n<p>O <a href=\"https:\/\/clubvoleibolguaguas.com\/\"><strong>Club Voleibol Guaguas<\/strong><\/a>, anfitri\u00e3o da prova e campe\u00e3o espanhol em 2022\/2023, e o <strong>Grupo Herce Soria<\/strong> (<a href=\"https:\/\/www.rioduerovoley.com\/\"><strong>R\u00edo Duero Soria<\/strong><\/a>), vencedor da Ta\u00e7a do Rei 2023, por Espanha, e o <a href=\"https:\/\/www.slbenfica.pt\/\"><strong>Sport Lisboa e Benfica <\/strong><\/a>e o<a href=\"https:\/\/www.sporting.pt\/pt\"><strong> Sporting Clube de Portugal<\/strong><\/a>, em representa\u00e7\u00e3o do nosso Pa\u00eds, ser\u00e3o os quatro protagonistas da 1.\u00aa Ta\u00e7a Ib\u00e9rica.<\/p>\n<p>O <span style=\"text-decoration: underline;\">Centro Desportivo Municipal El Bat\u00e1n<\/span> acolhe o primeiro confronto entre os tetracampe\u00f5es portugueses e o R\u00edo Duero Soria na tarde de s\u00e1bado, pelas 15h00<em> portuguesas<\/em>. No mesmo pavilh\u00e3o, mas pelas 17h30, ter\u00e1 lugar o duelo entre o CV Guaguas e os <em>le\u00f5es<\/em> de Alvalade.<br \/>\nNo domingo, no <span style=\"text-decoration: underline;\">Centro Desportivo Insular de Las Palmas de Gran Canaria<\/span>, os vencedores destes dois <em>pr\u00e9lios<\/em> ir\u00e3o lutar (17h30) para conquistarem a primeira Ta\u00e7a Ib\u00e9rica, logo ap\u00f3s o jogo de\u00a0 atribui\u00e7\u00e3o dos 3.\u00ba e 4.\u00ba lugares (15h00).<\/p>\n<p>A 1.\u00aa edi\u00e7\u00e3o da Ta\u00e7a Ib\u00e9rica de masculinos conta com a participa\u00e7\u00e3o do \u00e1rbitro portugu\u00eas internacional <strong>Ricardo Ferreira.<\/strong><\/p>\n<p><span style=\"text-decoration: underline;\">Marcel Matz<\/span> e <span style=\"text-decoration: underline;\">Hugo Gaspar<\/span>, respectivamente treinador e capit\u00e3o dos <em>encarnados<\/em>, fizeram a antevis\u00e3o do embate com o R\u00edo Duero Soria, vencedor da Ta\u00e7a do Rei espanhola, ao <a href=\"https:\/\/www.slbenfica.pt\/pt-pt\/agora\/noticias\/2023\/09\/21\/voleibol-benfica-antevisao-marcel-matz-hugo-gaspar-taca-iberica-meia-final-rio-duero-soria\">site<\/a> do SL Benfica.<\/p>\n<p style=\"text-align: center;\"><strong>Las Palmas, Gran Can\u00e1ria, Espanha<\/strong><br \/>\n<strong>(23 e 24 de Setembro 2023)<\/strong><\/p>\n<p style=\"text-align: center;\"><strong>23.09.2023<\/strong><br \/>\n<strong>15h00<\/strong> \u2013 Sport Lisboa e Benfica x R\u00edo Duero Soria<br \/>\n<strong>17h30<\/strong> \u2013 CV Guaguas x Sporting Clube de Portugal<\/p>\n<p style=\"text-align: center;\"><strong>24.09.2023<\/strong><br \/>\n<strong>15h00<\/strong> \u2013 Jogo de atribui\u00e7\u00e3o dos 3.\u00ba e 4.\u00ba lugares<br \/>\n<strong>17h30<\/strong> \u2013 Final<\/p>\n<p style=\"text-align: center;\"><span style=\"text-decoration: underline;\">Mais informa\u00e7\u00f5es em <a href=\"http:\/\/www.rfevb.com\">www.rfevb.com<\/a> e <a href=\"https:\/\/www.youtube.com\/user\/voleytv\">AQUI<\/a><\/span><\/p>\n","protected":false},"excerpt":{"rendered":"<p>Imagem: CV Guaguas A primeira edi\u00e7\u00e3o da Ta\u00e7a Ib\u00e9rica de Voleibol tem o seu in\u00edcio marcado para este fim-de-semana em Viana do Castelo (femininos) e Las Palmas de Gran Canaria [&hellip;]<\/p>\n","protected":false},"author":2,"featured_media":27781,"comment_status":"open","ping_status":"open","sticky":false,"template":"","format":"standard","meta":{"_monsterinsights_skip_tracking":false,"_monsterinsights_sitenote_active":false,"_monsterinsights_sitenote_note":"","_monsterinsights_sitenote_category":0,"footnotes":""},"categories":[13,8],"tags":[108],"class_list":{"0":"post-27778","1":"post","2":"type-post","3":"status-publish","4":"format-standard","5":"has-post-thumbnail","7":"category-arbitragem","8":"category-voleibol","9":"tag-taca-iberica","10":"czr-hentry"},"aioseo_notices":[],"_links":{"self":[{"href":"https:\/\/fpvoleibol.pt\/fpv\/wp-json\/wp\/v2\/posts\/27778","targetHints":{"allow":["GET"]}}],"collection":[{"href":"https:\/\/fpvoleibol.pt\/fpv\/wp-json\/wp\/v2\/posts"}],"about":[{"href":"https:\/\/fpvoleibol.pt\/fpv\/wp-json\/wp\/v2\/types\/post"}],"author":[{"embeddable":true,"href":"https:\/\/fpvoleibol.pt\/fpv\/wp-json\/wp\/v2\/users\/2"}],"replies":[{"embeddable":true,"href":"https:\/\/fpvoleibol.pt\/fpv\/wp-json\/wp\/v2\/comments?post=27778"}],"version-history":[{"count":9,"href":"https:\/\/fpvoleibol.pt\/fpv\/wp-json\/wp\/v2\/posts\/27778\/revisions"}],"predecessor-version":[{"id":27804,"href":"https:\/\/fpvoleibol.pt\/fpv\/wp-json\/wp\/v2\/posts\/27778\/revisions\/27804"}],"wp:featuredmedia":[{"embeddable":true,"href":"https:\/\/fpvoleibol.pt\/fpv\/wp-json\/wp\/v2\/media\/27781"}],"wp:attachment":[{"href":"https:\/\/fpvoleibol.pt\/fpv\/wp-json\/wp\/v2\/media?parent=27778"}],"wp:term":[{"taxonomy":"category","embeddable":true,"href":"https:\/\/fpvoleibol.pt\/fpv\/wp-json\/wp\/v2\/categories?post=27778"},{"taxonomy":"post_tag","embeddable":true,"href":"https:\/\/fpvoleibol.pt\/fpv\/wp-json\/wp\/v2\/tags?post=27778"}],"curies":[{"name":"wp","href":"https:\/\/api.w.org\/{rel}","templated":true}]}}