{"id":27685,"date":"2023-10-20T14:59:19","date_gmt":"2023-10-20T14:59:19","guid":{"rendered":"https:\/\/fpvoleibol.pt\/fpv\/?p=27685"},"modified":"2023-10-26T15:30:38","modified_gmt":"2023-10-26T15:30:38","slug":"portugueses-no-mundo-81","status":"publish","type":"post","link":"https:\/\/fpvoleibol.pt\/fpv\/2023\/10\/20\/portugueses-no-mundo-81\/","title":{"rendered":"PORTUGUESES NO MUNDO"},"content":{"rendered":"<p><em><img loading=\"lazy\" decoding=\"async\" class=\"size-full wp-image-28562 aligncenter\" src=\"https:\/\/fpvoleibol.pt\/fpv\/wp-content\/uploads\/2023\/10\/portugueses_no_mundo_publ.jpg\" alt=\"\" width=\"960\" height=\"570\" srcset=\"https:\/\/fpvoleibol.pt\/fpv\/wp-content\/uploads\/2023\/10\/portugueses_no_mundo_publ.jpg 960w, https:\/\/fpvoleibol.pt\/fpv\/wp-content\/uploads\/2023\/10\/portugueses_no_mundo_publ-300x178.jpg 300w, https:\/\/fpvoleibol.pt\/fpv\/wp-content\/uploads\/2023\/10\/portugueses_no_mundo_publ-768x456.jpg 768w\" sizes=\"auto, (max-width: 960px) 100vw, 960px\" \/>\u00c9poca nova, novos clubes<\/em>.<br \/>\n<strong>Miguel Tavares Rodrigues<\/strong>, no Aluron Warta Zawiercie (Pol\u00f3nia), e <strong>Louren\u00e7o Martins,<\/strong> no Saint-Nazaire VB Atlantique (Fran\u00e7a), foram dos poucos que mantiveram a aposta no clube que representaram em temporadas anteriores.<br \/>\nA maioria dos outros internacionais <em>mudaram de ares<\/em>, casos de <strong>Alexandre Ferreir<\/strong>a, capit\u00e3o da Selec\u00e7\u00e3o Nacional, que trocou a Turquia pela Pol\u00f3nia, onde ir\u00e1 representar as cores do Bogdanka Luk Lublin, de <strong>J\u00falia Kavalenka<\/strong>, agora no CDA Volley Talmassons (It\u00e1lia), <strong>Jos\u00e9 Neves<\/strong>, no Kladno Volejbal cz (Ch\u00e9quia), <strong>Bruno Cunha<\/strong>, no CDV R\u00edo Duero Soria (Espanha), <strong>Miguel Sinfr\u00f3nio<\/strong>, no SK Zadruga Aich\/Dob (\u00c1ustria), ou <strong>Bruno Dias<\/strong>, ex-distribuidor do Esmoriz GC, internacional Sub-22, que enverga esta \u00e9poca as cores dos italianos do Gas Sales Bluenergy Piacenza, onde ter\u00e1 a \u00abconcorr\u00eancia\u00bb do franc\u00eas Antoine Brizard e jogar\u00e1 com nomes bem conhecidos do voleibol mundial, entre outros, Ricardo Lucarelli (Brasil), Robbert Andringa (Pa\u00edses Baixos) ou Robertlandy Simon (Cuba).<\/p>\n<p>Ap\u00f3s na edi\u00e7\u00e3o da Liga Polaca (PlusLiga) ter conseguido um meret\u00f3rio 4.\u00ba lugar, o Aluron CMC Warta Zawiercie, de <strong>Miguel Tavares Rodrigues<\/strong>, inicia a \u00e9poca de 2023\/2024 com a visita ao Indykpol AZS Olsztyn, enquanto o Bogdanka Luk Lublin, de <strong>Alexandre Ferreira<\/strong>, 10.\u00ba classificado na \u00e9poca passada, recebe hoje o Enea Czarni Radom.<br \/>\nO capit\u00e3o da Selec\u00e7\u00e3o Nacional representou o Aluron CMC Warta Zawiercie em 2018\/19 e 2019\/2020.<\/p>\n<p>Na Liga Francesa, agora apelidada <a href=\"https:\/\/lnv-web.dataproject.com\/CompetitionMatches.aspx?ID=105&amp;PID=142\">Marmara Spikeligue<\/a>, o Saint-Nazaire VBA, de <strong>Louren\u00e7o Martins<\/strong>, visita amanh\u00e3 o vice-campe\u00e3o Chaumont Volley-Ball 52, com quem\u00a0perdeu nos Play-offs dos quartos-de-final na temporada passada, terminado o campeonato na 5.\u00aa posi\u00e7\u00e3o.<\/p>\n<p>Em It\u00e1lia, o Gas Sales Bluenergy Piacenza, de <strong>Bruno Dias<\/strong>, recebe depois de amanh\u00e3 o Pallavolo Padova, na SuperLega Credem Banca, o principal campeonato italiano de seniores masculinos, enquanto o CDA Volley Talmassonso, de <strong>J\u00falia Kavalenka<\/strong>, inicia igualmente no domingo a sua participa\u00e7\u00e3o na Liga A2 A italiana com a recep\u00e7\u00e3o ao Bartoccini-Fortinfissi Perugia.<\/p>\n<p><span style=\"text-decoration: underline;\">Atletas \/ t\u00e9cnicos que actuam no estrangeiro e\/ou com<b> *inscri\u00e7\u00e3o iniciada em 2023\/2024<\/b>:<\/span><\/p>\n<p><strong><span style=\"text-decoration: underline;\">Processo conclu\u00eddo<\/span><\/strong><\/p>\n<p><a href=\"https:\/\/lkpslublin.pl\">Bogdanka Luk Lublin (Pol\u00f3nia)<\/a> \u2013 Alexandre Ferreira<br \/>\n<a href=\"http:\/\/www.plusliga.pl\/en\/teams\/id\/30288.html\" target=\"_blank\" rel=\"noopener noreferrer\">Aluron Warta Zawiercie (Pol\u00f3nia)<\/a> \u2013 Miguel Tavares Rodrigues<br \/>\n<a href=\"http:\/\/www.snvba.net\/\" target=\"_blank\" rel=\"noopener noreferrer\">Saint-Nazaire VB Atlantique (Fran\u00e7a)<\/a> \u2013 Louren\u00e7o Martins<br \/>\n<a href=\"https:\/\/kladno.volejbal.cz\/\">Kladno Volejbal cz (Ch\u00e9quia)<\/a> \u2013 Jos\u00e9 Neves<br \/>\n<a href=\"https:\/\/www.rioduerovoley.com\/\">CDV R\u00edo Duero Soria (Espanha)<\/a> \u2013 Bruno Cunha<br \/>\n<a href=\"https:\/\/www.volley2001garlasco.it\/\">Volley 2001 Garlasco (It\u00e1lia)<\/a>\u00a0\u2013 Gustavo Cavalcanti<br \/>\n<a href=\"https:\/\/volleytalmassons.it\/\">CDA Volley Talmassons (It\u00e1lia)<\/a> \u2013 J\u00falia Kavalenka<br \/>\n<a href=\"https:\/\/www.gassalespiacenza.it\/\">You Energy Volley Piacenza (It\u00e1lia)<\/a> \u2013 Bruno Dias<br \/>\n<a href=\"https:\/\/www.facebook.com\/pallavoloazzurra.alessano?locale=it_IT\">Pallavolo Azzurra Alessano \u2013 Aurispa Delcar Lecce (It\u00e1lia)<\/a>\u00a0\u2013 Jos\u00e9 Pedro Monteiro<br \/>\n<a style=\"color: #001b2e;\" href=\"https:\/\/www.aich-dob.at\/\">SK Zadruga Aich\/Dob (\u00c1ustria)<\/a>\u00a0\u2013 Miguel Sinfr\u00f3nio<br \/>\n<a href=\"https:\/\/www.uvcgraz.at\/\">UVC Holding Graz (\u00c1ustria)<\/a>\u00a0\u2013 Jos\u00e9 Jardim<br \/>\n<a href=\"https:\/\/www.facebook.com\/ASDTreviglioPallavolo\">ASD Treviglio Pallavolo (It\u00e1lia)<\/a> \u2013 Ana Rita Branco<br \/>\n<a href=\"https:\/\/knrc.hu\/\">KNRC Kaposv\u00e1r (Hungria)<\/a> \u2013 Marta Hurst<br \/>\n<a href=\"https:\/\/cambraivolley.com\/\">Volley Club de Cambrai (Fran\u00e7a)<\/a> \u2013 Guilherme Maia<br \/>\n<a href=\"https:\/\/laillevolley.fr\/\">Union Sportive Laille (Fran\u00e7a)<\/a>\u00a0\u2013 Tiago Fernandes<br \/>\n<a href=\"https:\/\/www.facebook.com\/AlCaudryVolleyBall\/\" target=\"_blank\" rel=\"noopener noreferrer\">Al Caudry Volley-Ball (Fran\u00e7a)<\/a>\u00a0\u2013 Joana Gonzalez<br \/>\n<a href=\"https:\/\/www.facebook.com\/AlCaudryVolleyBall\/\" target=\"_blank\" rel=\"noopener noreferrer\">Al Caudry Volley-Ball (Fran\u00e7a)<\/a> \u2013 Ana Matos<br \/>\n<a href=\"https:\/\/www.vnvb.fr\/\">Vand\u0153uvre Nancy Volley-Ball (Fran\u00e7a)<\/a> \u2013 Jo\u00e3o Scheltinga<br \/>\n<a href=\"https:\/\/www.facebook.com\/EVVSM\/\">Volley Vernon St. Marcel (Fran\u00e7a)<\/a> \u2013 Ecaterina Ursu<br \/>\n<a href=\"https:\/\/www.charleroivolley.be\/\">ES Charleroi Volley (B\u00e9lgica)<\/a>\u00a0\u2013 Beatriz Santos<br \/>\n<a href=\"http:\/\/www.le-volleys.de\/regionalliga-ost.html\" target=\"_blank\" rel=\"noopener noreferrer\">LE Volleys (Alemanha)<\/a> \u2013 Lorena Matilde Silveira<br \/>\n<a href=\"http:\/\/www.vbc-kl.de\/\">VBC Kaiserslautern (Alemanha)<\/a> \u2013 J\u00e9ssica Soares<br \/>\n<a href=\"https:\/\/southamptonvolleyball.co.uk\/\">Southampton Volleyball Clube (Inglaterra)<\/a>\u00a0\u2013 Ema Sofia Carneiro<br \/>\n<a href=\"http:\/\/www.darkstarvolleyball.com\/our-teams\/male-player\/\">Darkstar Derbyshire (Inglaterra)<\/a> \u2013 Marcelo Goulart<br \/>\n<a href=\"https:\/\/www.dartfordvolleyballclub.co.uk\/\">Dartford Volleyball Club (Inglaterra)<\/a> \u2013 Mariana Cruz Santos<br \/>\n<a href=\"https:\/\/southamptonvolleyball.co.uk\/\">Southampton Volleyball Club (Inglaterra)<\/a>\u00a0\u2013 Maria Lima Antunes<br \/>\n<a href=\"https:\/\/southamptonvolleyball.co.uk\/\">Southampton Volleyball Club (Inglaterra)<\/a> \u2013 Iara Amaral<br \/>\n<a href=\"https:\/\/www.facebook.com\/IBBPoloniaVC\">IBB Polonia London Volleyball Club (Inglaterra)<\/a> \u2013 Jo\u00e3o Alves<br \/>\n<a href=\"https:\/\/www.iksu.se\/sv\/sektioner\/iksu-volleyboll2\/\">IKSU (Su\u00e9cia)<\/a> \u2013 Daniela Macedo Fangueiro<br \/>\n<a href=\"https:\/\/cityvolleybasel.ch\/\">Traktor Basel Volley (Su\u00ed\u00e7a)<\/a> \u2013 Diogo Figueiredo<br \/>\n<a href=\"https:\/\/www.facebook.com\/VolleyballEchternach\">VB Echternach (Luxemburgo<\/a>) \u2013 Daniel Dias Amorim<br \/>\n<a href=\"https:\/\/www.facebook.com\/birkirkaravolleyball\">Birkirkara Volleyball Club (Malta)<\/a> \u2013 Ashley Rose Fantazia<\/p>\n<p>&#8230;&#8230;&#8230;&#8230;&#8230;&#8230;&#8230;&#8230;&#8230;&#8230;&#8230;&#8230;&#8230;&#8230;&#8230;&#8230;&#8230;&#8230;&#8230;&#8230;&#8230;&#8230;&#8230;&#8230;&#8230;&#8230;&#8230;&#8230;&#8230;&#8230;&#8230;<\/p>\n<p><a href=\"https:\/\/www.facebook.com\/syrosvolleyball\/\">Foinikas Syros (Gr\u00e9cia)<\/a> \u2013 Jos\u00e9 Pedro Gomes<\/p>\n<p><span style=\"text-decoration: underline;\"><span class=\"auto-style7\"><strong>Treinadores<\/strong><\/span><\/span>:<br \/>\n<a href=\"https:\/\/www.facebook.com\/toursvolleyball\">Tours VB (Fran\u00e7a)<\/a> \u2013 David Sousa<br \/>\n<a href=\"https:\/\/www.vnvb.fr\/\">Vand\u0153uvre Nancy Volley-Ball (Fran\u00e7a)<\/a> \u2013 Andr\u00e9 S\u00e1<br \/>\n<a href=\"https:\/\/www.vnvb.fr\/\">Vand\u0153uvre Nancy Volley-Ball (Fran\u00e7a)<\/a> \u2013 Jo\u00e3o Scheltinga<br \/>\n<a href=\"https:\/\/www.volleya.ch\/\">Raiffeisen Volleya Obwalden NLB (Alemanha)<\/a>\u00a0\u2013 Filipe Carrasco Soares<br \/>\n<a href=\"https:\/\/www.facebook.com\/ZESARVFM\/\">Volleyball Franches-Montagnes (Su\u00ed\u00e7a)<\/a> &#8211; Eduardo Faustino<br \/>\n<a href=\"https:\/\/www.facebook.com\/Cork-Volleyball-Academy-100484505416947\/\">Cork Volleyball Academy (Irlanda)<\/a> \u2013 Ant\u00f3nio Barros<\/p>\n<p style=\"text-align: center;\"><span style=\"text-decoration: underline;\"><strong>\u00c1rbitros portugueses em ac\u00e7\u00e3o<\/strong><\/span><\/p>\n<p style=\"text-align: left;\"><strong>V\u00edtor Gon\u00e7alves<br \/>\n<\/strong>Pool IV da 1.\u00aa Ronda da Liga dos Campe\u00f5es, que envolve as equipas de CS Arcada Galati (Rom\u00e9nia), Guaguas Las Palmas (Espanha) e Mladost Zagreb (Cro\u00e1cia), em Las Palmas, de 24 a 26 de Outubro de 2023.<\/p>\n<p style=\"text-align: left;\"><strong>Nuno Maia<\/strong><br \/>\nReale Mutua Fenera Chieri&#8217;76 (It\u00e1lia) x FKB Power Cats Dudingen (Su\u00ed\u00e7a), 2.\u00aa m\u00e3o dos 16 avos-de-final da Ta\u00e7a CEV &#8211; femininos, 14 de Novembro de 2023.<\/p>\n<p><strong>Nuno Teixeira<\/strong><br \/>\nTenerife Libby\u2019s La Laguna (Espanha) x Crvena Zvezda Beograd (S\u00e9rvia), 2.\u00aa m\u00e3o dos 16 avos-de-final da Ta\u00e7a CEV &#8211; femininos, 15 de Novembro de 2023.<\/p>\n<p><strong>Raquel Portela<\/strong><br \/>\nBeziers VB (Fran\u00e7a) x Bimal-Jedinstvo Brcko (B\u00f3snia Herzegovina), 2.\u00aa m\u00e3o dos 16 avos-de-final da Ta\u00e7a CEV &#8211; femininos, 15 de Novembro de 2023.<\/p>\n<p style=\"text-align: center;\"><span style=\"text-decoration: underline;\"><strong>Voleibol de Praia<\/strong><\/span><\/p>\n<p><strong>Maria Michelle Ferreira<\/strong><br \/>\n48.\u00ba Inter-Agency Games \/ ONU, em Vila Real de Santo Ant\u00f3nio, de 18 a 22 de Outubro de 2023.<\/p>\n<p><strong>Sandra Deveza<\/strong><br \/>\nBeach Pro Tour Challenge de Chiang Mai, na Tail\u00e2ndia, 14 a 19 de Novembro de 2023.<br \/>\nBeach Pro Tour Elite 16 \u2013 Austr\u00e1lia, de 21 a 26 Novembro de 2023.<\/p>\n<p><strong>Rui Carvalho<\/strong><br \/>\nFinais BPT 2023 \u2013 Doha (Catar), de 6 a 9 de Dezembro de 2023.<\/p>\n<p><strong>Jos\u00e9 Casanova (Delegado de Arbitragem)<\/strong><br \/>\nBPT Challenge Chiang Mai (Tail\u00e2ndia), de 16 a 19 de Novembro de 2023<\/p>\n","protected":false},"excerpt":{"rendered":"<p>\u00c9poca nova, novos clubes. Miguel Tavares Rodrigues, no Aluron Warta Zawiercie (Pol\u00f3nia), e Louren\u00e7o Martins, no Saint-Nazaire VB Atlantique (Fran\u00e7a), foram dos poucos que mantiveram a aposta no clube que [&hellip;]<\/p>\n","protected":false},"author":2,"featured_media":28560,"comment_status":"open","ping_status":"open","sticky":false,"template":"","format":"standard","meta":{"_monsterinsights_skip_tracking":false,"_monsterinsights_sitenote_active":false,"_monsterinsights_sitenote_note":"","_monsterinsights_sitenote_category":0,"footnotes":""},"categories":[13,8],"tags":[52],"class_list":{"0":"post-27685","1":"post","2":"type-post","3":"status-publish","4":"format-standard","5":"has-post-thumbnail","7":"category-arbitragem","8":"category-voleibol","9":"tag-portugueses-no-mundo","10":"czr-hentry"},"aioseo_notices":[],"_links":{"self":[{"href":"https:\/\/fpvoleibol.pt\/fpv\/wp-json\/wp\/v2\/posts\/27685","targetHints":{"allow":["GET"]}}],"collection":[{"href":"https:\/\/fpvoleibol.pt\/fpv\/wp-json\/wp\/v2\/posts"}],"about":[{"href":"https:\/\/fpvoleibol.pt\/fpv\/wp-json\/wp\/v2\/types\/post"}],"author":[{"embeddable":true,"href":"https:\/\/fpvoleibol.pt\/fpv\/wp-json\/wp\/v2\/users\/2"}],"replies":[{"embeddable":true,"href":"https:\/\/fpvoleibol.pt\/fpv\/wp-json\/wp\/v2\/comments?post=27685"}],"version-history":[{"count":34,"href":"https:\/\/fpvoleibol.pt\/fpv\/wp-json\/wp\/v2\/posts\/27685\/revisions"}],"predecessor-version":[{"id":28675,"href":"https:\/\/fpvoleibol.pt\/fpv\/wp-json\/wp\/v2\/posts\/27685\/revisions\/28675"}],"wp:featuredmedia":[{"embeddable":true,"href":"https:\/\/fpvoleibol.pt\/fpv\/wp-json\/wp\/v2\/media\/28560"}],"wp:attachment":[{"href":"https:\/\/fpvoleibol.pt\/fpv\/wp-json\/wp\/v2\/media?parent=27685"}],"wp:term":[{"taxonomy":"category","embeddable":true,"href":"https:\/\/fpvoleibol.pt\/fpv\/wp-json\/wp\/v2\/categories?post=27685"},{"taxonomy":"post_tag","embeddable":true,"href":"https:\/\/fpvoleibol.pt\/fpv\/wp-json\/wp\/v2\/tags?post=27685"}],"curies":[{"name":"wp","href":"https:\/\/api.w.org\/{rel}","templated":true}]}}