{"id":27620,"date":"2023-09-13T17:06:24","date_gmt":"2023-09-13T17:06:24","guid":{"rendered":"https:\/\/fpvoleibol.pt\/fpv\/?p=27620"},"modified":"2023-09-13T17:06:24","modified_gmt":"2023-09-13T17:06:24","slug":"taca-iberica-femininos","status":"publish","type":"post","link":"https:\/\/fpvoleibol.pt\/fpv\/2023\/09\/13\/taca-iberica-femininos\/","title":{"rendered":"TA\u00c7A IB\u00c9RICA \u2013 FEMININOS"},"content":{"rendered":"<p><img loading=\"lazy\" decoding=\"async\" class=\"size-full wp-image-27471 aligncenter\" src=\"https:\/\/fpvoleibol.pt\/fpv\/wp-content\/uploads\/2023\/09\/cartaz_taca_iberica_d.jpg\" alt=\"\" width=\"960\" height=\"1359\" srcset=\"https:\/\/fpvoleibol.pt\/fpv\/wp-content\/uploads\/2023\/09\/cartaz_taca_iberica_d.jpg 960w, https:\/\/fpvoleibol.pt\/fpv\/wp-content\/uploads\/2023\/09\/cartaz_taca_iberica_d-212x300.jpg 212w, https:\/\/fpvoleibol.pt\/fpv\/wp-content\/uploads\/2023\/09\/cartaz_taca_iberica_d-723x1024.jpg 723w, https:\/\/fpvoleibol.pt\/fpv\/wp-content\/uploads\/2023\/09\/cartaz_taca_iberica_d-768x1087.jpg 768w\" sizes=\"auto, (max-width: 960px) 100vw, 960px\" \/>O <span style=\"text-decoration: underline;\">Centro Cultural de Viana do Castelo<\/span>, Cidade Europeia do Desporto 2023, acolhe nos dias 23 e 24 de Setembro a primeira edi\u00e7\u00e3o Ta\u00e7a Ib\u00e9rica de femininos, que coloca frente a frente as equipas portuguesas do <strong>Sporting Clube de Portugal <\/strong>e do<strong> Leix\u00f5es Sport Club<\/strong> e as representantes espanholas <strong>CV Hidramar Gran Canaria <\/strong>e<strong> CV Tenerife Libby\u2019s La Laguna<\/strong>, respectivamente campe\u00e3 nacional e finalista vencida da Superliga Iberdrola 2022\/2023.<\/p>\n<p>A Ta\u00e7a Ib\u00e9rica de femininos \u00e9 organizada pela Federa\u00e7\u00e3o Portuguesa de Voleibol com a colabora\u00e7\u00e3o da C\u00e2mara Municipal de Viana do Castelo e todos os jogos ser\u00e3o transmitidos em directo pela <a href=\"https:\/\/www.volei.tv\/\">Volei TV<\/a>.<\/p>\n<p style=\"text-align: center;\"><span style=\"background-color: #000000; color: #ffffff;\"><strong>Centro Cultural de Viana do Castelo<\/strong><\/span><br \/>\n<span style=\"background-color: #000000; color: #ffffff;\"><strong>(23 e 24 de Setembro)<\/strong><\/span><\/p>\n<p style=\"text-align: center;\"><strong>23.09.2023<\/strong><br \/>\n<strong>15h00<\/strong> \u2013 CV Hidramar Gran Canaria x Leix\u00f5es SC<br \/>\n<strong>18h00<\/strong> \u2013 Sporting CP x CV Tenerife Libby\u2019s La Laguna<\/p>\n<p style=\"text-align: center;\"><strong>24.09.2023<\/strong><br \/>\n<strong>15h00<\/strong> \u2013 Jogo de atribui\u00e7\u00e3o do 3.\u00ba e 4.\u00ba lugar<br \/>\n<strong>18h00<\/strong> \u2013 Final<\/p>\n<p style=\"text-align: left;\">A 1.\u00aa edi\u00e7\u00e3o da Ta\u00e7a Ib\u00e9rica de femininos conta com a participa\u00e7\u00e3o dos \u00e1rbitros portugueses internacionais <strong>Jos\u00e9 Caramez, Nuno Teixeira <\/strong>e<strong> V\u00edtor Gon\u00e7alves<\/strong>.<\/p>\n<p style=\"text-align: center;\"><span style=\"color: #000000;\">Ver todas as informa\u00e7\u00f5es em <a href=\"https:\/\/fpvoleibol.pt\/fpv\/competicoes\/taca-iberica-2023\">Ta\u00e7a Ib\u00e9rica 2023<\/a> (<a href=\"https:\/\/fpvoleibol.pt\/fpv\/competicoes\/taca-iberica-2023\">fpvoleibol.pt\/fpv\/competicoes\/taca-iberica-2023<\/a>)<\/span><\/p>\n<p>A acredita\u00e7\u00e3o dos jornalistas pode ser efectuada <a href=\"https:\/\/fpvoleibol.pt\/fpv\/competicoes\/imprensa\/\">AQUI<\/a><\/p>\n<p>A <strong>Ta\u00e7a Ib\u00e9rica de Voleibol<\/strong> estreia-se este ano, com a competi\u00e7\u00e3o feminina a realizar-se em Portugal e a masculina em Espanha (ver not\u00edcia <a href=\"https:\/\/fpvoleibol.pt\/fpv\/2023\/09\/13\/taca-iberica-masculinos\/\">AQUI<\/a>).<\/p>\n","protected":false},"excerpt":{"rendered":"<p>O Centro Cultural de Viana do Castelo, Cidade Europeia do Desporto 2023, acolhe nos dias 23 e 24 de Setembro a primeira edi\u00e7\u00e3o Ta\u00e7a Ib\u00e9rica de femininos, que coloca frente [&hellip;]<\/p>\n","protected":false},"author":2,"featured_media":27470,"comment_status":"open","ping_status":"open","sticky":false,"template":"","format":"standard","meta":{"_monsterinsights_skip_tracking":false,"_monsterinsights_sitenote_active":false,"_monsterinsights_sitenote_note":"","_monsterinsights_sitenote_category":0,"footnotes":""},"categories":[13,8],"tags":[108],"class_list":{"0":"post-27620","1":"post","2":"type-post","3":"status-publish","4":"format-standard","5":"has-post-thumbnail","7":"category-arbitragem","8":"category-voleibol","9":"tag-taca-iberica","10":"czr-hentry"},"aioseo_notices":[],"_links":{"self":[{"href":"https:\/\/fpvoleibol.pt\/fpv\/wp-json\/wp\/v2\/posts\/27620","targetHints":{"allow":["GET"]}}],"collection":[{"href":"https:\/\/fpvoleibol.pt\/fpv\/wp-json\/wp\/v2\/posts"}],"about":[{"href":"https:\/\/fpvoleibol.pt\/fpv\/wp-json\/wp\/v2\/types\/post"}],"author":[{"embeddable":true,"href":"https:\/\/fpvoleibol.pt\/fpv\/wp-json\/wp\/v2\/users\/2"}],"replies":[{"embeddable":true,"href":"https:\/\/fpvoleibol.pt\/fpv\/wp-json\/wp\/v2\/comments?post=27620"}],"version-history":[{"count":7,"href":"https:\/\/fpvoleibol.pt\/fpv\/wp-json\/wp\/v2\/posts\/27620\/revisions"}],"predecessor-version":[{"id":27632,"href":"https:\/\/fpvoleibol.pt\/fpv\/wp-json\/wp\/v2\/posts\/27620\/revisions\/27632"}],"wp:featuredmedia":[{"embeddable":true,"href":"https:\/\/fpvoleibol.pt\/fpv\/wp-json\/wp\/v2\/media\/27470"}],"wp:attachment":[{"href":"https:\/\/fpvoleibol.pt\/fpv\/wp-json\/wp\/v2\/media?parent=27620"}],"wp:term":[{"taxonomy":"category","embeddable":true,"href":"https:\/\/fpvoleibol.pt\/fpv\/wp-json\/wp\/v2\/categories?post=27620"},{"taxonomy":"post_tag","embeddable":true,"href":"https:\/\/fpvoleibol.pt\/fpv\/wp-json\/wp\/v2\/tags?post=27620"}],"curies":[{"name":"wp","href":"https:\/\/api.w.org\/{rel}","templated":true}]}}