{"id":27618,"date":"2023-09-13T15:47:11","date_gmt":"2023-09-13T15:47:11","guid":{"rendered":"https:\/\/fpvoleibol.pt\/fpv\/?p=27618"},"modified":"2023-09-13T15:47:11","modified_gmt":"2023-09-13T15:47:11","slug":"taca-iberica-masculinos","status":"publish","type":"post","link":"https:\/\/fpvoleibol.pt\/fpv\/2023\/09\/13\/taca-iberica-masculinos\/","title":{"rendered":"TA\u00c7A IB\u00c9RICA &#8211; MASCULINOS"},"content":{"rendered":"<p><img loading=\"lazy\" decoding=\"async\" class=\"size-full wp-image-27624 aligncenter\" src=\"https:\/\/fpvoleibol.pt\/fpv\/wp-content\/uploads\/2023\/09\/Copa_Iberica-esp_d2.jpg\" alt=\"\" width=\"960\" height=\"604\" srcset=\"https:\/\/fpvoleibol.pt\/fpv\/wp-content\/uploads\/2023\/09\/Copa_Iberica-esp_d2.jpg 960w, https:\/\/fpvoleibol.pt\/fpv\/wp-content\/uploads\/2023\/09\/Copa_Iberica-esp_d2-300x189.jpg 300w, https:\/\/fpvoleibol.pt\/fpv\/wp-content\/uploads\/2023\/09\/Copa_Iberica-esp_d2-768x483.jpg 768w\" sizes=\"auto, (max-width: 960px) 100vw, 960px\" \/>A <strong>Ta\u00e7a Ib\u00e9rica de Voleibol<\/strong> estreia-se este ano, com a competi\u00e7\u00e3o feminina a realizar-se em Portugal e a masculina em Espanha, mais concretamente em <span style=\"text-decoration: underline;\">Las Palmas de Gran Canaria<\/span>, nos dias 23 e 24 de Setembro.<\/p>\n<p>Esta competi\u00e7\u00e3o surge no <em>momento certo<\/em>, tanto para portugueses como espanh\u00f3is, ao ser disputada pouco antes do arranque das competi\u00e7\u00f5es nacionais 2023\/2024, mais concretamente da Superta\u00e7a (5 de Outubro) e Supercopa (1 de Outubro) e da Liga Una Seguros e Superliga Masculina espanhola, ambas com a 1.\u00aa jornada agendada para o dia 7 de Outubro.<\/p>\n<p>Na capital da ilha Gran Canaria, o <strong>Club Voleibol Guaguas<\/strong>, anfitri\u00e3o da prova e campe\u00e3o espanhol em 2022\/2023, e o <strong>R\u00edo Duero Soria<\/strong>, vencedor da Ta\u00e7a do Rei 2023, medem for\u00e7as com o <strong>Sport Lisboa e Benfica <\/strong>e o<strong> Sporting Clube de Portugal<\/strong>.<\/p>\n<p>O <span style=\"text-decoration: underline;\">Centro Desportivo Municipal El Bat\u00e1n<\/span> acolhe o primeiro confronto entre os tetracampe\u00f5es portugueses e o R\u00edo Duero Soria na tarde de s\u00e1bado, pelas 15h00<em> portuguesas<\/em>. No mesmo pavilh\u00e3o, mas pelas 17h30, ter\u00e1 lugar o duelo entre o CV Guaguas e os <em>le\u00f5es<\/em> de Alvalade.<br \/>\nNo domingo, no <span style=\"text-decoration: underline;\">Centro Desportivo Insular de Las Palmas de Gran Canaria<\/span>, os vencedores destes dois <em>pr\u00e9lios<\/em> ir\u00e3o lutar (17h30) para conquistarem a primeira Ta\u00e7a Ib\u00e9rica, logo ap\u00f3s o jogo de atribui\u00e7\u00e3o dos 3.\u00ba e 4.\u00ba lugares (15h00).<\/p>\n<p style=\"text-align: center;\"><strong>Las Palmas, Gran Can\u00e1ria, Espanha<\/strong><br \/>\n<strong>(23 e 24 de Setembro 2023 locais)<\/strong><\/p>\n<p style=\"text-align: center;\"><strong>23.09.2023<\/strong><br \/>\n<strong>16h00<\/strong> \u2013 Sport Lisboa e Benfica x R\u00edo Duero Soria<br \/>\n<strong>18h30<\/strong> \u2013 CV Guaguas x Sporting Clube de Portugal<\/p>\n<p style=\"text-align: center;\"><strong>24.09.2023<\/strong><br \/>\n<strong>16h00<\/strong> \u2013 Jogo de atribui\u00e7\u00e3o dos 3.\u00ba e 4.\u00ba lugares<br \/>\n<strong>18h30<\/strong> \u2013 Final<\/p>\n<p>A 1.\u00aa edi\u00e7\u00e3o da Ta\u00e7a Ib\u00e9rica de masculinos conta com a participa\u00e7\u00e3o do \u00e1rbitro portugu\u00eas internacional <strong>Ricardo Ferreira.<\/strong><\/p>\n<p>Mais informa\u00e7\u00f5es em <a href=\"http:\/\/www.rfevb.com\">www.rfevb.com<\/a><\/p>\n","protected":false},"excerpt":{"rendered":"<p>A Ta\u00e7a Ib\u00e9rica de Voleibol estreia-se este ano, com a competi\u00e7\u00e3o feminina a realizar-se em Portugal e a masculina em Espanha, mais concretamente em Las Palmas de Gran Canaria, nos [&hellip;]<\/p>\n","protected":false},"author":2,"featured_media":27623,"comment_status":"open","ping_status":"open","sticky":false,"template":"","format":"standard","meta":{"_monsterinsights_skip_tracking":false,"_monsterinsights_sitenote_active":false,"_monsterinsights_sitenote_note":"","_monsterinsights_sitenote_category":0,"footnotes":""},"categories":[13,8],"tags":[108],"class_list":{"0":"post-27618","1":"post","2":"type-post","3":"status-publish","4":"format-standard","5":"has-post-thumbnail","7":"category-arbitragem","8":"category-voleibol","9":"tag-taca-iberica","10":"czr-hentry"},"aioseo_notices":[],"_links":{"self":[{"href":"https:\/\/fpvoleibol.pt\/fpv\/wp-json\/wp\/v2\/posts\/27618","targetHints":{"allow":["GET"]}}],"collection":[{"href":"https:\/\/fpvoleibol.pt\/fpv\/wp-json\/wp\/v2\/posts"}],"about":[{"href":"https:\/\/fpvoleibol.pt\/fpv\/wp-json\/wp\/v2\/types\/post"}],"author":[{"embeddable":true,"href":"https:\/\/fpvoleibol.pt\/fpv\/wp-json\/wp\/v2\/users\/2"}],"replies":[{"embeddable":true,"href":"https:\/\/fpvoleibol.pt\/fpv\/wp-json\/wp\/v2\/comments?post=27618"}],"version-history":[{"count":3,"href":"https:\/\/fpvoleibol.pt\/fpv\/wp-json\/wp\/v2\/posts\/27618\/revisions"}],"predecessor-version":[{"id":27626,"href":"https:\/\/fpvoleibol.pt\/fpv\/wp-json\/wp\/v2\/posts\/27618\/revisions\/27626"}],"wp:featuredmedia":[{"embeddable":true,"href":"https:\/\/fpvoleibol.pt\/fpv\/wp-json\/wp\/v2\/media\/27623"}],"wp:attachment":[{"href":"https:\/\/fpvoleibol.pt\/fpv\/wp-json\/wp\/v2\/media?parent=27618"}],"wp:term":[{"taxonomy":"category","embeddable":true,"href":"https:\/\/fpvoleibol.pt\/fpv\/wp-json\/wp\/v2\/categories?post=27618"},{"taxonomy":"post_tag","embeddable":true,"href":"https:\/\/fpvoleibol.pt\/fpv\/wp-json\/wp\/v2\/tags?post=27618"}],"curies":[{"name":"wp","href":"https:\/\/api.w.org\/{rel}","templated":true}]}}