{"id":26993,"date":"2023-08-20T13:22:51","date_gmt":"2023-08-20T13:22:51","guid":{"rendered":"https:\/\/fpvoleibol.pt\/fpv\/?p=26993"},"modified":"2023-10-19T08:19:54","modified_gmt":"2023-10-19T08:19:54","slug":"portugueses-em-9-o-no-europeu","status":"publish","type":"post","link":"https:\/\/fpvoleibol.pt\/fpv\/2023\/08\/20\/portugueses-em-9-o-no-europeu\/","title":{"rendered":"PORTUGUESES EM 9.\u00ba NO EUROPEU"},"content":{"rendered":"<p><img loading=\"lazy\" decoding=\"async\" class=\"size-full wp-image-26995 aligncenter\" src=\"https:\/\/fpvoleibol.pt\/fpv\/wp-content\/uploads\/2023\/08\/Tomas-Arturs-Stiebrins_dd4.jpg\" alt=\"\" width=\"957\" height=\"1337\" srcset=\"https:\/\/fpvoleibol.pt\/fpv\/wp-content\/uploads\/2023\/08\/Tomas-Arturs-Stiebrins_dd4.jpg 957w, https:\/\/fpvoleibol.pt\/fpv\/wp-content\/uploads\/2023\/08\/Tomas-Arturs-Stiebrins_dd4-215x300.jpg 215w, https:\/\/fpvoleibol.pt\/fpv\/wp-content\/uploads\/2023\/08\/Tomas-Arturs-Stiebrins_dd4-733x1024.jpg 733w, https:\/\/fpvoleibol.pt\/fpv\/wp-content\/uploads\/2023\/08\/Tomas-Arturs-Stiebrins_dd4-768x1073.jpg 768w\" sizes=\"auto, (max-width: 957px) 100vw, 957px\" \/>A dupla portuguesa de Voleibol de Praia <strong>Tom\u00e1s Teixeira e Tom\u00e1s Sousa<\/strong> classificou-se hoje no 9.\u00ba lugar no <strong>Campeonato da Europa de Sub-20 de Voleibol de Praia<\/strong>, em Riga, na Let\u00f3nia, ao vencer os alem\u00e3es <span style=\"text-decoration: underline;\">Tristan Frobel e Tamo Wust<\/span> por 2-1 (21-19, 14-21 e 30-28).<\/p>\n<p><strong>Tom\u00e1s Teixeira e Tom\u00e1s Sousa<\/strong>, que come\u00e7aram por disputar a fase de qualifica\u00e7\u00e3o, chegaram ao fim da competi\u00e7\u00e3o com seis vit\u00f3rias e apenas duas derrotas.<\/p>\n<p>Em femininos, <strong>Ana Monteiro <\/strong>e<strong> Margarida Santos<\/strong> classificaram-se no 25.\u00ba lugar.<\/p>\n<p>Para al\u00e9m das duplas <strong>Tom\u00e1s Sousa\/Tom\u00e1s Teixeira <\/strong>e<strong> Ana Monteiro\/Margarida Santos<\/strong>, est\u00e3o presentes no Europeu de Sub-20 o treinador <strong>Pedro C<\/strong><strong>arvalho<\/strong> e a \u00e1rbitra <strong>Maria<\/strong> <strong>Michelle Ferreira<\/strong>.<\/p>\n<p>As finais do Europeu ser\u00e3o disputadas esta tarde:\u00a0 Ciezkowska\/Lunio (Pol\u00f3nia) x Bossart\/Kernen Su\u00ed\u00e7a), em femininos, e Canet\/Rotar (Fran\u00e7a) x Hammarberg\/Berger T. (\u00c1ustria), em masculinos.<\/p>\n<p style=\"text-align: center;\"><img loading=\"lazy\" decoding=\"async\" class=\"size-full wp-image-27048 aligncenter\" src=\"https:\/\/fpvoleibol.pt\/fpv\/wp-content\/uploads\/2023\/08\/BVU20_ana_margarida_f8.jpg\" alt=\"\" width=\"960\" height=\"768\" srcset=\"https:\/\/fpvoleibol.pt\/fpv\/wp-content\/uploads\/2023\/08\/BVU20_ana_margarida_f8.jpg 960w, https:\/\/fpvoleibol.pt\/fpv\/wp-content\/uploads\/2023\/08\/BVU20_ana_margarida_f8-300x240.jpg 300w, https:\/\/fpvoleibol.pt\/fpv\/wp-content\/uploads\/2023\/08\/BVU20_ana_margarida_f8-768x614.jpg 768w\" sizes=\"auto, (max-width: 960px) 100vw, 960px\" \/><span style=\"font-size: 8pt;\"><strong>Fotos: Arturs-Stiebrins \/ CEV<\/strong><\/span><\/p>\n<p style=\"text-align: left;\">Pese embora a sua juventude, os atletas lusitanos t\u00eam j\u00e1 experi\u00eancia a n\u00edvel internacional.<\/p>\n<p><strong>Tom\u00e1s Teixeira <\/strong>e<strong> Tom\u00e1s Sousa<\/strong> (vice-campe\u00e3o nacional em 2023) foram 17.\u00ba classificados no Europeu de Sub-18 (Eslov\u00e9nia, 2021). Tom\u00e1s Teixeira e Francisco Mendes foram 13.\u00bas classificados no Europeu de Sub-18 (Gr\u00e9cia, 2022).<br \/>\nEm femininos, e apesar de repartirem o seu percurso desportivo pela praia e pelo indoor, <strong>Ana Monteiro <\/strong>e<strong> Margarida Santos<\/strong> \u2013 vice-campe\u00e3s nacionais de Voleibol de Praia em 2022 \u2013 tamb\u00e9m apresentam j\u00e1 resultados de relevo: foram 3.\u00aas classificadas na Pool E da Ta\u00e7a das Na\u00e7\u00f5es (Gr\u00e9cia, 2023) e 13.\u00aa classificadas no Europeu de Sub-18 (Gr\u00e9cia, 2022), no Beach Pro Tour Challenge de Cortega\u00e7a (Portugal, 2022) e no Campeonato da Europa de Sub-20 (Turquia, 2022).<\/p>\n<p>Este ano, a dupla <strong>Tom\u00e1s Teixeira\/<\/strong><strong>Ricardo Pedrosa<\/strong> conquistou a medalha de bronze no Torneio Internacional de Sub-19 da WEVZA, disputado em Bilthoven, nos Pa\u00edses Baixos, enquanto Guilherme Maia e Filipe Leite foram 17.\u00bas classificados no Europeu de Sub-22 masculinos, disputado nos finais de Julho na cidade romena de Timisoara.<br \/>\nNo Campeonato da Europa de Sub-18, a realizar no Parque Deportivo Puerta de Hierro, em Espanha, Ricardo Pedrosa (3.\u00ba lugar na WEVZA)\/Gustavo Reis (masculinos) e Ema Torres\/Beatriz Cerveira s\u00e3o as duplas que representar\u00e3o Portugal na competi\u00e7\u00e3o.<\/p>\n<p style=\"text-align: center;\">Mais informa\u00e7\u00f5es sobre o Europeu de Sub-20 <a href=\"https:\/\/www.cev.eu\/beach\/age-groups\/2023\/u20\/\">AQUI<\/a><\/p>\n","protected":false},"excerpt":{"rendered":"<p>A dupla portuguesa de Voleibol de Praia Tom\u00e1s Teixeira e Tom\u00e1s Sousa classificou-se hoje no 9.\u00ba lugar no Campeonato da Europa de Sub-20 de Voleibol de Praia, em Riga, na [&hellip;]<\/p>\n","protected":false},"author":2,"featured_media":26996,"comment_status":"open","ping_status":"open","sticky":false,"template":"","format":"standard","meta":{"_monsterinsights_skip_tracking":false,"_monsterinsights_sitenote_active":false,"_monsterinsights_sitenote_note":"","_monsterinsights_sitenote_category":0,"footnotes":""},"categories":[13,9],"tags":[44],"class_list":{"0":"post-26993","1":"post","2":"type-post","3":"status-publish","4":"format-standard","5":"has-post-thumbnail","7":"category-arbitragem","8":"category-voleibol-de-praia","9":"tag-europeu-sub-20-voleibol-de-praia","10":"czr-hentry"},"aioseo_notices":[],"_links":{"self":[{"href":"https:\/\/fpvoleibol.pt\/fpv\/wp-json\/wp\/v2\/posts\/26993","targetHints":{"allow":["GET"]}}],"collection":[{"href":"https:\/\/fpvoleibol.pt\/fpv\/wp-json\/wp\/v2\/posts"}],"about":[{"href":"https:\/\/fpvoleibol.pt\/fpv\/wp-json\/wp\/v2\/types\/post"}],"author":[{"embeddable":true,"href":"https:\/\/fpvoleibol.pt\/fpv\/wp-json\/wp\/v2\/users\/2"}],"replies":[{"embeddable":true,"href":"https:\/\/fpvoleibol.pt\/fpv\/wp-json\/wp\/v2\/comments?post=26993"}],"version-history":[{"count":5,"href":"https:\/\/fpvoleibol.pt\/fpv\/wp-json\/wp\/v2\/posts\/26993\/revisions"}],"predecessor-version":[{"id":28523,"href":"https:\/\/fpvoleibol.pt\/fpv\/wp-json\/wp\/v2\/posts\/26993\/revisions\/28523"}],"wp:featuredmedia":[{"embeddable":true,"href":"https:\/\/fpvoleibol.pt\/fpv\/wp-json\/wp\/v2\/media\/26996"}],"wp:attachment":[{"href":"https:\/\/fpvoleibol.pt\/fpv\/wp-json\/wp\/v2\/media?parent=26993"}],"wp:term":[{"taxonomy":"category","embeddable":true,"href":"https:\/\/fpvoleibol.pt\/fpv\/wp-json\/wp\/v2\/categories?post=26993"},{"taxonomy":"post_tag","embeddable":true,"href":"https:\/\/fpvoleibol.pt\/fpv\/wp-json\/wp\/v2\/tags?post=26993"}],"curies":[{"name":"wp","href":"https:\/\/api.w.org\/{rel}","templated":true}]}}