{"id":26986,"date":"2023-08-19T19:43:29","date_gmt":"2023-08-19T19:43:29","guid":{"rendered":"https:\/\/fpvoleibol.pt\/fpv\/?p=26986"},"modified":"2023-08-19T19:43:29","modified_gmt":"2023-08-19T19:43:29","slug":"voleibol-de-praia-europeu-de-sub-20-2","status":"publish","type":"post","link":"https:\/\/fpvoleibol.pt\/fpv\/2023\/08\/19\/voleibol-de-praia-europeu-de-sub-20-2\/","title":{"rendered":"VOLEIBOL DE PRAIA: EUROPEU DE SUB-20"},"content":{"rendered":"<p><img loading=\"lazy\" decoding=\"async\" class=\"size-full wp-image-26969 aligncenter\" src=\"https:\/\/fpvoleibol.pt\/fpv\/wp-content\/uploads\/2023\/08\/BVU20_michelle_atletas_tecn.jpg\" alt=\"\" width=\"960\" height=\"1280\" srcset=\"https:\/\/fpvoleibol.pt\/fpv\/wp-content\/uploads\/2023\/08\/BVU20_michelle_atletas_tecn.jpg 960w, https:\/\/fpvoleibol.pt\/fpv\/wp-content\/uploads\/2023\/08\/BVU20_michelle_atletas_tecn-225x300.jpg 225w, https:\/\/fpvoleibol.pt\/fpv\/wp-content\/uploads\/2023\/08\/BVU20_michelle_atletas_tecn-768x1024.jpg 768w\" sizes=\"auto, (max-width: 960px) 100vw, 960px\" \/>Os portugueses regressaram \u00e0s vit\u00f3rias no quarto dia de competi\u00e7\u00e3o do <strong>Campeonato da Europa de Sub-20 de Voleibol de Praia<\/strong>, a decorrer em Riga, na Let\u00f3nia.<\/p>\n<p>Em\u00a0masculinos, <strong>Tom\u00e1s Teixeira e Tom\u00e1s Sousa<\/strong> come\u00e7aram por vencer \u2013 em jogo de repeti\u00e7\u00e3o \u2013 os israelitas Yahli Hidekel Yari e Ilai Day (2-0: 21-14 e 21-11). Depois, derrotaram, por 2-1 (21-11, 18-21 e 15-12), os est\u00f3nios Tristan Taht e Joosep Poldma (Ronda de 24 Equipas), mas, infelizmente, n\u00e3o conseguiram superar (0-2: 12-21 e 11-21) os austr\u00edacos Timo Hammarberg e Tim Berger na Ronda de 16 Equipas pelo que v\u00e3o defrontar amanh\u00e3 (8h00) os alem\u00e3es Tristan Frobel e Tamo Wust, para a classifica\u00e7\u00e3o final.<\/p>\n<p>Em femininos, <strong>Ana Monteiro <\/strong>e<strong> Margarida Santos<\/strong> venceram hoje, por 2-1 (23-21, 16-21 e 15-13) as <a href=\"https:\/\/www.cev.eu\/beach\/age-groups\/2023\/u20\/women\/#matches-results\"><span style=\"text-decoration: underline;\">b\u00falgaras Ivet Gavrailova e Eleonora Gicheva<\/span><\/a>.<\/p>\n<p>Para al\u00e9m das duplas <strong>Tom\u00e1s Sousa\/Tom\u00e1s Teixeira <\/strong>e<strong> Ana Monteiro\/Margarida Santos<\/strong>, est\u00e3o presentes no Europeu de Sub-20 o treinador <strong>Pedro C<\/strong><strong>arvalho<\/strong> e a \u00e1rbitra <strong>Maria<\/strong> <strong>Michelle Ferreira<\/strong>.<\/p>\n<p style=\"text-align: center;\"><img loading=\"lazy\" decoding=\"async\" class=\"size-full wp-image-26937 aligncenter\" src=\"https:\/\/fpvoleibol.pt\/fpv\/wp-content\/uploads\/2023\/08\/BVU20_ana_margarida_d0.jpg\" alt=\"\" width=\"960\" height=\"640\" srcset=\"https:\/\/fpvoleibol.pt\/fpv\/wp-content\/uploads\/2023\/08\/BVU20_ana_margarida_d0.jpg 960w, https:\/\/fpvoleibol.pt\/fpv\/wp-content\/uploads\/2023\/08\/BVU20_ana_margarida_d0-300x200.jpg 300w, https:\/\/fpvoleibol.pt\/fpv\/wp-content\/uploads\/2023\/08\/BVU20_ana_margarida_d0-768x512.jpg 768w\" sizes=\"auto, (max-width: 960px) 100vw, 960px\" \/><span style=\"font-size: 8pt;\"><strong>Foto: Arturs-Stiebrins \/ CEV<\/strong><\/span><\/p>\n<p style=\"text-align: left;\">Pese embora a sua juventude, os atletas lusitanos t\u00eam j\u00e1 experi\u00eancia a n\u00edvel internacional.<\/p>\n<p><strong>Tom\u00e1s Teixeira <\/strong>e<strong> Tom\u00e1s Sousa<\/strong> (vice-campe\u00e3o nacional em 2023) foram 17.\u00ba classificados no Europeu de Sub-18 (Eslov\u00e9nia, 2021). Tom\u00e1s Teixeira e Francisco Mendes foram 13.\u00bas classificados no Europeu de Sub-18 (Gr\u00e9cia, 2022).<br \/>\nEm femininos, e apesar de repartirem o seu percurso desportivo pela praia e pelo indoor, <strong>Ana Monteiro <\/strong>e<strong> Margarida Santos<\/strong> \u2013 vice-campe\u00e3s nacionais de Voleibol de Praia em 2022 \u2013 tamb\u00e9m apresentam j\u00e1 resultados de relevo: foram 3.\u00aas classificadas na Pool E da Ta\u00e7a das Na\u00e7\u00f5es (Gr\u00e9cia, 2023) e 13.\u00aa classificadas no Europeu de Sub-18 (Gr\u00e9cia, 2022), no Beach Pro Tour Challenge de Cortega\u00e7a (Portugal, 2022) e no Campeonato da Europa de Sub-20 (Turquia, 2022).<\/p>\n<p>Este ano, a dupla <strong>Tom\u00e1s Teixeira\/<\/strong><strong>Ricardo Pedrosa<\/strong> conquistou a medalha de bronze no Torneio Internacional de Sub-19 da WEVZA, disputado em Bilthoven, nos Pa\u00edses Baixos, enquanto Guilherme Maia e Filipe Leite foram 17.\u00bas classificados no Europeu de Sub-22 masculinos, disputado nos finais de Julho na cidade romena de Timisoara.<br \/>\nNo Campeonato da Europa de Sub-18, a realizar no Parque Deportivo Puerta de Hierro, em Espanha, Ricardo Pedrosa (3.\u00ba lugar na WEVZA)\/Gustavo Reis (masculinos) e Ema Torres\/Beatriz Cerveira s\u00e3o as duplas que representar\u00e3o Portugal na competi\u00e7\u00e3o.<\/p>\n<p style=\"text-align: center;\">Mais informa\u00e7\u00f5es sobre o Europeu de Sub-20 <a href=\"https:\/\/www.cev.eu\/beach\/age-groups\/2023\/u20\/\">AQUI<\/a><\/p>\n","protected":false},"excerpt":{"rendered":"<p>Os portugueses regressaram \u00e0s vit\u00f3rias no quarto dia de competi\u00e7\u00e3o do Campeonato da Europa de Sub-20 de Voleibol de Praia, a decorrer em Riga, na Let\u00f3nia. Em\u00a0masculinos, Tom\u00e1s Teixeira e [&hellip;]<\/p>\n","protected":false},"author":2,"featured_media":26988,"comment_status":"open","ping_status":"open","sticky":false,"template":"","format":"standard","meta":{"_monsterinsights_skip_tracking":false,"_monsterinsights_sitenote_active":false,"_monsterinsights_sitenote_note":"","_monsterinsights_sitenote_category":0,"footnotes":""},"categories":[13,9],"tags":[44],"class_list":{"0":"post-26986","1":"post","2":"type-post","3":"status-publish","4":"format-standard","5":"has-post-thumbnail","7":"category-arbitragem","8":"category-voleibol-de-praia","9":"tag-europeu-sub-20-voleibol-de-praia","10":"czr-hentry"},"aioseo_notices":[],"_links":{"self":[{"href":"https:\/\/fpvoleibol.pt\/fpv\/wp-json\/wp\/v2\/posts\/26986","targetHints":{"allow":["GET"]}}],"collection":[{"href":"https:\/\/fpvoleibol.pt\/fpv\/wp-json\/wp\/v2\/posts"}],"about":[{"href":"https:\/\/fpvoleibol.pt\/fpv\/wp-json\/wp\/v2\/types\/post"}],"author":[{"embeddable":true,"href":"https:\/\/fpvoleibol.pt\/fpv\/wp-json\/wp\/v2\/users\/2"}],"replies":[{"embeddable":true,"href":"https:\/\/fpvoleibol.pt\/fpv\/wp-json\/wp\/v2\/comments?post=26986"}],"version-history":[{"count":5,"href":"https:\/\/fpvoleibol.pt\/fpv\/wp-json\/wp\/v2\/posts\/26986\/revisions"}],"predecessor-version":[{"id":26992,"href":"https:\/\/fpvoleibol.pt\/fpv\/wp-json\/wp\/v2\/posts\/26986\/revisions\/26992"}],"wp:featuredmedia":[{"embeddable":true,"href":"https:\/\/fpvoleibol.pt\/fpv\/wp-json\/wp\/v2\/media\/26988"}],"wp:attachment":[{"href":"https:\/\/fpvoleibol.pt\/fpv\/wp-json\/wp\/v2\/media?parent=26986"}],"wp:term":[{"taxonomy":"category","embeddable":true,"href":"https:\/\/fpvoleibol.pt\/fpv\/wp-json\/wp\/v2\/categories?post=26986"},{"taxonomy":"post_tag","embeddable":true,"href":"https:\/\/fpvoleibol.pt\/fpv\/wp-json\/wp\/v2\/tags?post=26986"}],"curies":[{"name":"wp","href":"https:\/\/api.w.org\/{rel}","templated":true}]}}