{"id":26899,"date":"2023-08-06T21:44:40","date_gmt":"2023-08-06T21:44:40","guid":{"rendered":"https:\/\/fpvoleibol.pt\/fpv\/?p=26899"},"modified":"2023-08-17T09:55:11","modified_gmt":"2023-08-17T09:55:11","slug":"os-novos-campeoes-de-gira-praia","status":"publish","type":"post","link":"https:\/\/fpvoleibol.pt\/fpv\/2023\/08\/06\/os-novos-campeoes-de-gira-praia\/","title":{"rendered":"OS NOVOS CAMPE\u00d5ES DE GIRA-PRAIA"},"content":{"rendered":"<p style=\"text-align: center;\"><img loading=\"lazy\" decoding=\"async\" class=\"size-full wp-image-26903 aligncenter\" src=\"https:\/\/fpvoleibol.pt\/fpv\/wp-content\/uploads\/2023\/08\/GPraia_todos_d.jpg\" alt=\"\" width=\"960\" height=\"640\" srcset=\"https:\/\/fpvoleibol.pt\/fpv\/wp-content\/uploads\/2023\/08\/GPraia_todos_d.jpg 960w, https:\/\/fpvoleibol.pt\/fpv\/wp-content\/uploads\/2023\/08\/GPraia_todos_d-300x200.jpg 300w, https:\/\/fpvoleibol.pt\/fpv\/wp-content\/uploads\/2023\/08\/GPraia_todos_d-768x512.jpg 768w\" sizes=\"auto, (max-width: 960px) 100vw, 960px\" \/><\/p>\n<p style=\"text-align: left;\">As <strong>finais Gira-Praia 2023 dos escal\u00f5es de Sub-14, Sub-16 e Sub-18 masculinos e femininos<\/strong>, organizadas pela Federa\u00e7\u00e3o Portuguesa de Voleibol em colabora\u00e7\u00e3o com a C\u00e2mara Municipal de Esposende e Associa\u00e7\u00e3o de Voleibol de Braga na Praia Suave Mar, em Esposende, registaram os seguintes p\u00f3dios:<\/p>\n<p style=\"text-align: center;\"><span style=\"background-color: #000000; color: #ffffff;\"><img loading=\"lazy\" decoding=\"async\" class=\"size-full wp-image-26904 aligncenter\" src=\"https:\/\/fpvoleibol.pt\/fpv\/wp-content\/uploads\/2023\/08\/GP_sub14fem.jpg\" alt=\"\" width=\"960\" height=\"640\" srcset=\"https:\/\/fpvoleibol.pt\/fpv\/wp-content\/uploads\/2023\/08\/GP_sub14fem.jpg 960w, https:\/\/fpvoleibol.pt\/fpv\/wp-content\/uploads\/2023\/08\/GP_sub14fem-300x200.jpg 300w, https:\/\/fpvoleibol.pt\/fpv\/wp-content\/uploads\/2023\/08\/GP_sub14fem-768x512.jpg 768w\" sizes=\"auto, (max-width: 960px) 100vw, 960px\" \/><\/span><\/p>\n<p style=\"text-align: center;\"><span style=\"background-color: #000000; color: #ffffff;\">SUB-14 \u2013 FEMININOS<\/span><\/p>\n<p style=\"text-align: center;\">1.\u00aa Lara Pacheco\/Francisca Lima (AV Porto)<br \/>\n2.\u00aa Eva Miranda\/Eduarda Marques (AV Braga)<br \/>\n3.\u00aa Beatriz Pereira\/Maria Marques (AV Lisboa)<\/p>\n<p style=\"text-align: center;\"><span style=\"background-color: #000000; color: #ffffff;\"><img loading=\"lazy\" decoding=\"async\" class=\"size-full wp-image-26905 aligncenter\" src=\"https:\/\/fpvoleibol.pt\/fpv\/wp-content\/uploads\/2023\/08\/GP_sub14mas.jpg\" alt=\"\" width=\"960\" height=\"640\" srcset=\"https:\/\/fpvoleibol.pt\/fpv\/wp-content\/uploads\/2023\/08\/GP_sub14mas.jpg 960w, https:\/\/fpvoleibol.pt\/fpv\/wp-content\/uploads\/2023\/08\/GP_sub14mas-300x200.jpg 300w, https:\/\/fpvoleibol.pt\/fpv\/wp-content\/uploads\/2023\/08\/GP_sub14mas-768x512.jpg 768w\" sizes=\"auto, (max-width: 960px) 100vw, 960px\" \/>SUB-14 \u2013 MASCULINOS<\/span><\/p>\n<p style=\"text-align: center;\">1.\u00ba Rafael Santos\/Sebasti\u00e3o Os\u00f3rio (AV Lisboa)<br \/>\n2.\u00ba Juliano Sousa\/David Dur\u00e3o (AV Lisboa)<br \/>\n3.\u00ba Guilherme Resende\/Vasco Oliveira (AV Porto)<\/p>\n<p style=\"text-align: center;\"><span style=\"background-color: #000000; color: #ffffff;\"><img loading=\"lazy\" decoding=\"async\" class=\"size-full wp-image-26906 aligncenter\" src=\"https:\/\/fpvoleibol.pt\/fpv\/wp-content\/uploads\/2023\/08\/GP_sub16fem.jpg\" alt=\"\" width=\"960\" height=\"640\" srcset=\"https:\/\/fpvoleibol.pt\/fpv\/wp-content\/uploads\/2023\/08\/GP_sub16fem.jpg 960w, https:\/\/fpvoleibol.pt\/fpv\/wp-content\/uploads\/2023\/08\/GP_sub16fem-300x200.jpg 300w, https:\/\/fpvoleibol.pt\/fpv\/wp-content\/uploads\/2023\/08\/GP_sub16fem-768x512.jpg 768w\" sizes=\"auto, (max-width: 960px) 100vw, 960px\" \/>SUB-16 \u2013 FEMININOS<\/span><\/p>\n<p style=\"text-align: center;\">1.\u00aa Lara Fonseca\/Marisa Marinho (AV Porto)<br \/>\n2.\u00aa Mafalda Catita\/Margarida Silva (AV Braga)<br \/>\n3.\u00aa Diana Carmo\/Sara Vargas (AV Lisboa)<\/p>\n<p style=\"text-align: center;\"><span style=\"background-color: #000000; color: #ffffff;\"><img loading=\"lazy\" decoding=\"async\" class=\"size-full wp-image-26907 aligncenter\" src=\"https:\/\/fpvoleibol.pt\/fpv\/wp-content\/uploads\/2023\/08\/GP_sub16mas.jpg\" alt=\"\" width=\"960\" height=\"640\" srcset=\"https:\/\/fpvoleibol.pt\/fpv\/wp-content\/uploads\/2023\/08\/GP_sub16mas.jpg 960w, https:\/\/fpvoleibol.pt\/fpv\/wp-content\/uploads\/2023\/08\/GP_sub16mas-300x200.jpg 300w, https:\/\/fpvoleibol.pt\/fpv\/wp-content\/uploads\/2023\/08\/GP_sub16mas-768x512.jpg 768w\" sizes=\"auto, (max-width: 960px) 100vw, 960px\" \/>SUB-16 \u2013 MASCULINOS<\/span><\/p>\n<p style=\"text-align: center;\">1.\u00ba Alexandre Cola\u00e7o\/Diogo Almeida (AV Porto)<br \/>\n2.\u00ba Andr\u00e9 Coelho\/Gustavo Silva (AV Braga)<br \/>\n3.\u00ba Lu\u00eds Melo\/Filipe Neves (AV Porto)<\/p>\n<p style=\"text-align: center;\"><span style=\"background-color: #000000; color: #ffffff;\"><img loading=\"lazy\" decoding=\"async\" class=\"size-full wp-image-26908 aligncenter\" src=\"https:\/\/fpvoleibol.pt\/fpv\/wp-content\/uploads\/2023\/08\/GP_sub18fem.jpg\" alt=\"\" width=\"960\" height=\"640\" srcset=\"https:\/\/fpvoleibol.pt\/fpv\/wp-content\/uploads\/2023\/08\/GP_sub18fem.jpg 960w, https:\/\/fpvoleibol.pt\/fpv\/wp-content\/uploads\/2023\/08\/GP_sub18fem-300x200.jpg 300w, https:\/\/fpvoleibol.pt\/fpv\/wp-content\/uploads\/2023\/08\/GP_sub18fem-768x512.jpg 768w\" sizes=\"auto, (max-width: 960px) 100vw, 960px\" \/>SUB-18 \u2013 FEMININOS<\/span><\/p>\n<p style=\"text-align: center;\">1.\u00aa Eva Rodrigues\/Rafaela Brenha (AV Braga)<br \/>\n2.\u00aa Beatriz Mimoso\/Maria Barros (AV Braga)<br \/>\n3.\u00aa Sara Tina\/Catarina Lucas (AV Lisboa)<\/p>\n<p style=\"text-align: center;\"><span style=\"background-color: #000000; color: #ffffff;\"><img loading=\"lazy\" decoding=\"async\" class=\"size-full wp-image-26909 aligncenter\" src=\"https:\/\/fpvoleibol.pt\/fpv\/wp-content\/uploads\/2023\/08\/GP_sub18mas.jpg\" alt=\"\" width=\"960\" height=\"640\" srcset=\"https:\/\/fpvoleibol.pt\/fpv\/wp-content\/uploads\/2023\/08\/GP_sub18mas.jpg 960w, https:\/\/fpvoleibol.pt\/fpv\/wp-content\/uploads\/2023\/08\/GP_sub18mas-300x200.jpg 300w, https:\/\/fpvoleibol.pt\/fpv\/wp-content\/uploads\/2023\/08\/GP_sub18mas-768x512.jpg 768w\" sizes=\"auto, (max-width: 960px) 100vw, 960px\" \/><span style=\"font-size: 8pt;\"><strong>Fotos: Lu\u00eds P. Almeida<\/strong><\/span><\/span><\/p>\n<p style=\"text-align: center;\"><span style=\"background-color: #000000; color: #ffffff;\">SUB-18 \u2013 MASCULINOS<\/span><\/p>\n<p style=\"text-align: center;\">1.\u00ba Andr\u00e9 Leal\/Rodrigo Fernandes (AV Porto)<br \/>\n2.\u00ba Gon\u00e7alo Mariano\/Miguel Mariano (AV Leiria)<br \/>\n3.\u00ba Jo\u00e3o Coelho\/Francisco Resende (AV Braga)<\/p>\n<p style=\"text-align: center;\"><strong><span style=\"text-decoration: underline;\">Todos os resultados<\/span> <a href=\"https:\/\/fpvoleibol.pt\/fpv\/competicoes\/final-gira-praia-2023\/\">AQUI<\/a><\/strong><\/p>\n","protected":false},"excerpt":{"rendered":"<p>As finais Gira-Praia 2023 dos escal\u00f5es de Sub-14, Sub-16 e Sub-18 masculinos e femininos, organizadas pela Federa\u00e7\u00e3o Portuguesa de Voleibol em colabora\u00e7\u00e3o com a C\u00e2mara Municipal de Esposende e Associa\u00e7\u00e3o [&hellip;]<\/p>\n","protected":false},"author":2,"featured_media":26910,"comment_status":"open","ping_status":"open","sticky":false,"template":"","format":"standard","meta":{"_monsterinsights_skip_tracking":false,"_monsterinsights_sitenote_active":false,"_monsterinsights_sitenote_note":"","_monsterinsights_sitenote_category":0,"footnotes":""},"categories":[16],"tags":[71],"class_list":{"0":"post-26899","1":"post","2":"type-post","3":"status-publish","4":"format-standard","5":"has-post-thumbnail","7":"category-gira-praia","8":"tag-epoca-2022-2023","9":"czr-hentry"},"aioseo_notices":[],"_links":{"self":[{"href":"https:\/\/fpvoleibol.pt\/fpv\/wp-json\/wp\/v2\/posts\/26899","targetHints":{"allow":["GET"]}}],"collection":[{"href":"https:\/\/fpvoleibol.pt\/fpv\/wp-json\/wp\/v2\/posts"}],"about":[{"href":"https:\/\/fpvoleibol.pt\/fpv\/wp-json\/wp\/v2\/types\/post"}],"author":[{"embeddable":true,"href":"https:\/\/fpvoleibol.pt\/fpv\/wp-json\/wp\/v2\/users\/2"}],"replies":[{"embeddable":true,"href":"https:\/\/fpvoleibol.pt\/fpv\/wp-json\/wp\/v2\/comments?post=26899"}],"version-history":[{"count":8,"href":"https:\/\/fpvoleibol.pt\/fpv\/wp-json\/wp\/v2\/posts\/26899\/revisions"}],"predecessor-version":[{"id":26915,"href":"https:\/\/fpvoleibol.pt\/fpv\/wp-json\/wp\/v2\/posts\/26899\/revisions\/26915"}],"wp:featuredmedia":[{"embeddable":true,"href":"https:\/\/fpvoleibol.pt\/fpv\/wp-json\/wp\/v2\/media\/26910"}],"wp:attachment":[{"href":"https:\/\/fpvoleibol.pt\/fpv\/wp-json\/wp\/v2\/media?parent=26899"}],"wp:term":[{"taxonomy":"category","embeddable":true,"href":"https:\/\/fpvoleibol.pt\/fpv\/wp-json\/wp\/v2\/categories?post=26899"},{"taxonomy":"post_tag","embeddable":true,"href":"https:\/\/fpvoleibol.pt\/fpv\/wp-json\/wp\/v2\/tags?post=26899"}],"curies":[{"name":"wp","href":"https:\/\/api.w.org\/{rel}","templated":true}]}}