{"id":26830,"date":"2023-08-13T20:26:41","date_gmt":"2023-08-13T20:26:41","guid":{"rendered":"https:\/\/fpvoleibol.pt\/fpv\/?p=26830"},"modified":"2023-08-16T13:24:30","modified_gmt":"2023-08-16T13:24:30","slug":"campos-pedrosa-e-beatriz-ines-bicampeoes-nacionais","status":"publish","type":"post","link":"https:\/\/fpvoleibol.pt\/fpv\/2023\/08\/13\/campos-pedrosa-e-beatriz-ines-bicampeoes-nacionais\/","title":{"rendered":"CAMPOS\/PEDROSA E BEATRIZ\/IN\u00caS BICAMPE\u00d5ES NACIONAIS"},"content":{"rendered":"<p><img loading=\"lazy\" decoding=\"async\" class=\"size-full wp-image-26833 aligncenter\" src=\"https:\/\/fpvoleibol.pt\/fpv\/wp-content\/uploads\/2023\/08\/cnvp2023_portimao_podio_d.jpg\" alt=\"\" width=\"960\" height=\"718\" srcset=\"https:\/\/fpvoleibol.pt\/fpv\/wp-content\/uploads\/2023\/08\/cnvp2023_portimao_podio_d.jpg 960w, https:\/\/fpvoleibol.pt\/fpv\/wp-content\/uploads\/2023\/08\/cnvp2023_portimao_podio_d-300x224.jpg 300w, https:\/\/fpvoleibol.pt\/fpv\/wp-content\/uploads\/2023\/08\/cnvp2023_portimao_podio_d-768x574.jpg 768w\" sizes=\"auto, (max-width: 960px) 100vw, 960px\" \/>As duplas <strong>Hugo Campos\/Jo\u00e3o Nuno Pedrosa<\/strong> e <strong>Beatriz Pinheiro<\/strong>\/<strong>In\u00eas Castro<\/strong>\u00a0sagraram-se hoje bicampe\u00e3s nacionais de Voleibol de Praia ao vencerem a sexta e \u00faltima etapa do Campeonato Nacional de Voleibol de Praia (CNVP), disputada na Praia da Rocha, em Portim\u00e3o, Algarve.<\/p>\n<p style=\"text-align: center;\"><img loading=\"lazy\" decoding=\"async\" class=\"size-full wp-image-26836 aligncenter\" src=\"https:\/\/fpvoleibol.pt\/fpv\/wp-content\/uploads\/2023\/08\/cnvp2023_portimao_podio_d1.jpg\" alt=\"\" width=\"960\" height=\"721\" srcset=\"https:\/\/fpvoleibol.pt\/fpv\/wp-content\/uploads\/2023\/08\/cnvp2023_portimao_podio_d1.jpg 960w, https:\/\/fpvoleibol.pt\/fpv\/wp-content\/uploads\/2023\/08\/cnvp2023_portimao_podio_d1-300x225.jpg 300w, https:\/\/fpvoleibol.pt\/fpv\/wp-content\/uploads\/2023\/08\/cnvp2023_portimao_podio_d1-768x577.jpg 768w\" sizes=\"auto, (max-width: 960px) 100vw, 960px\" \/><strong><span style=\"font-size: 8pt;\">Os pr\u00e9mios foram entregues por Vicente Ara\u00fajo, Presidente da FPV, Teresa Filipa Mendes, Vereadora do Desporto e Juventude da CM Portim\u00e3o, e Teresa Mendon\u00e7a, representante da Una Seguros.<\/span><\/strong><\/p>\n<p>Em masculinos, Campos\/Pedrosa, dupla apoiada pela FPV e campe\u00e3 universit\u00e1ria em t\u00edtulo, revalidou o t\u00edtulo nacional ao superar (2-0: 21-13 e 21-11) Gon\u00e7alo Sousa e Tom\u00e1s Sousa na final.<br \/>\nRefira-se que Tom\u00e1s Sousa, juntamente com Tom\u00e1s Teixeira, vai representar Portugal no Campeonato da Europa de Sub-20, a decorrer em Riga, capital da Let\u00f3nia, de 17 a 20 de Agosto. Em femininos, ser\u00e1 a dupla Ana Monteiro\/Margarida Santos que defender\u00e1 as cores lusitanas.<br \/>\nVer declara\u00e7\u00f5es dos vencedores <a href=\"https:\/\/youtu.be\/ihCdmscfVp0?list=PLZj9Hth2JEaBGxAQiWSuGeJS157HqF06-\">AQUI<\/a><\/p>\n<p>Em 3.\u00ba lugar ficaram Gabriel Cardoso e Francisco Pombeiro, que derrotaram (2-0: 21-19 e 21-14) Guilherme Maia\/Filipe Leite, outra dupla das Selec\u00e7\u00f5es Nacionais.<\/p>\n<p><img loading=\"lazy\" decoding=\"async\" class=\"size-full wp-image-26835 aligncenter\" src=\"https:\/\/fpvoleibol.pt\/fpv\/wp-content\/uploads\/2023\/08\/cnvp2023_portimao_podio_d2.jpg\" alt=\"\" width=\"960\" height=\"654\" srcset=\"https:\/\/fpvoleibol.pt\/fpv\/wp-content\/uploads\/2023\/08\/cnvp2023_portimao_podio_d2.jpg 960w, https:\/\/fpvoleibol.pt\/fpv\/wp-content\/uploads\/2023\/08\/cnvp2023_portimao_podio_d2-300x204.jpg 300w, https:\/\/fpvoleibol.pt\/fpv\/wp-content\/uploads\/2023\/08\/cnvp2023_portimao_podio_d2-768x523.jpg 768w\" sizes=\"auto, (max-width: 960px) 100vw, 960px\" \/>Em femininos, Beatriz e In\u00eas revalidaram o t\u00edtulo depois de se superiorizarem (2-1: 21-14, 20-22 e 15-7) a Maria Val\u00e9rio e Maria Tavares.<br \/>\nVer declara\u00e7\u00f5es das vencedoras <a href=\"https:\/\/youtu.be\/ihCdmscfVp0?list=PLZj9Hth2JEaBGxAQiWSuGeJS157HqF06-\">AQUI<\/a><\/p>\n<p>Ao \u00faltimo degrau do p\u00f3dio subiram Raquel Lacerda\/Eunice Almeida, que venceram (2-0: 21-18 e 21-17) as irm\u00e3s Carolina e Margarida Maia.<\/p>\n<p>A\u00a06.\u00aa e derradeira etapa do Campeonato Nacional de Voleibol de Praia (CNVP 2023) disputou-se na Praia da Rocha, em Portim\u00e3o, numa organiza\u00e7\u00e3o da Federa\u00e7\u00e3o Portuguesa de Voleibol em colabora\u00e7\u00e3o com a C\u00e2mara Municipal de Portim\u00e3o.<br \/>\nAs finais foram transmitidas em directo na <a href=\"https:\/\/www.volei.tv\/\">Volei TV<\/a>\u00a0e n&#8217; A Bola TV.<\/p>\n<p>Ver todas as informa\u00e7\u00f5es em <a href=\"https:\/\/fpvoleibol.pt\/cnvp2023\/\">fpvoleibol.pt\/cnvp2023<\/a> e <a href=\"https:\/\/www.facebook.com\/fpvoleibol\">www.facebook.com\/fpvoleibol<\/a><\/p>\n<p>Ao todo, no Campeonato Nacional de Voleibol de Praia foram realizadas seis etapas:<\/p>\n<p style=\"text-align: center;\"><strong>1.\u00aa Etapa (Porto)<br \/>\n<\/strong>23 a 25 de Junho \u2013 <strong>Praia Internacional<\/strong><\/p>\n<p style=\"text-align: center;\"><strong>2.\u00aa Etapa (Espinho)<\/strong><br \/>\n7 a 9 de Julho \u2013 Praia da Ba\u00eda<\/p>\n<p style=\"text-align: center;\"><strong>3.\u00aa Etapa (Cascais)<\/strong><br \/>\n21 a 23 de Julho \u2013 Praia de Carcavelos<\/p>\n<p style=\"text-align: center;\"><strong>4.\u00aa Etapa (Freixo de Espada \u00e0 Cinta)<br \/>\n<\/strong>28 a 30 de Julho \u2013 Praia da Congida<\/p>\n<p style=\"text-align: center;\"><strong>5.\u00aa Etapa (Ovar)<\/strong><br \/>\n4 a 6 de Agosto \u2013 Praia de Esmoriz<\/p>\n<p style=\"text-align: center;\"><strong>6.\u00aa Etapa (Portim\u00e3o)<\/strong><br \/>\n11 a 13 de Agosto \u2013 Praia da Rocha<\/p>\n<p style=\"text-align: center;\"><span style=\"background-color: #000000; color: #ffffff;\">Em 2022<\/span><\/p>\n<p>As duplas de Voleibol de Praia <strong>Jo\u00e3o Pedrosa\/Hugo Campos <\/strong>e\u00a0<strong>Beatriz Pinheiro\/In\u00eas Castro<\/strong> venceram a Final (5.\u00aa Etapa) do <a href=\"https:\/\/fpvoleibol.pt\/cnvp2022\/\">Campeonato Nacional 2022<\/a> , disputada no Centro de Alto Rendimento de Voleibol de Praia (CARVP) da Federa\u00e7\u00e3o Portuguesa de Voleibol (FPV), em Cortega\u00e7a, Ovar. Toda a informa\u00e7\u00e3o <a href=\"https:\/\/fpvoleibol.pt\/cnvp2022\/\">AQUI<\/a><\/p>\n<p>Para conseguir o seu primeiro <em>ceptro<\/em> nacional, <strong>Beatriz Pinheiro\/In\u00eas Castro<\/strong>, jovem dupla apoiada pela Federa\u00e7\u00e3o Portuguesa de Voleibol (FPV), derrotou (2-0: 21-10 e 21-19), na final, <strong>Ana Rui Monteiro\/Margarida Santos<\/strong>, dupla formada por duas jovens que representam a Selec\u00e7\u00e3o Nacional.<br \/>\nNo \u00faltimo lugar do p\u00f3dio ficou a dupla campe\u00e3 em 2021, <strong>Juliana Antunes\/T\u00e2nia Oliveira<\/strong> ao superar (2-0: 22-20 e 23-21) <strong>Raquel Lacerda\/Marta Hurst<\/strong>.<\/p>\n<p>Em masculinos, <strong>Jo\u00e3o Pedrosa\/Hugo Campos<\/strong>, dupla apoiada pela FPV, tamb\u00e9m conseguiu o seu primeiro t\u00edtulo nacional, depois de vencer, na final, outra jovem dupla que faz parte das Selec\u00e7\u00f5es Nacionais, <strong>Guilherme Maia\/Filipe Leite<\/strong> por 2-0: 21-16 e 21-15.<br \/>\nNo terceiro lugar ficaram <strong>Jos\u00e9 Monteiro e Sim\u00e3o Teixeira<\/strong>, ap\u00f3s derrotarem (2-0: 21-18 e 21-16) <strong>Guilherme Costa e Andr\u00e9 Sapina<\/strong>.<\/p>\n<p style=\"text-align: center;\">As finais de femininos e de masculinos foram transmitidas em directo na <a href=\"https:\/\/www.volei.tv\/\">Volei TV<\/a> e A Bola TV.<\/p>\n<p>Ver lista dos anteriores <a href=\"https:\/\/fpvoleibol.pt\/fpv\/wp-content\/uploads\/2023\/08\/Voleibol_de_Praia_Vencedores_Podios_2023.pdf\">campe\u00f5es nacionais de Voleibol de Praia AQUI<\/a><\/p>\n","protected":false},"excerpt":{"rendered":"<p>As duplas Hugo Campos\/Jo\u00e3o Nuno Pedrosa e Beatriz Pinheiro\/In\u00eas Castro\u00a0sagraram-se hoje bicampe\u00e3s nacionais de Voleibol de Praia ao vencerem a sexta e \u00faltima etapa do Campeonato Nacional de Voleibol de [&hellip;]<\/p>\n","protected":false},"author":2,"featured_media":26834,"comment_status":"open","ping_status":"open","sticky":false,"template":"","format":"standard","meta":{"_monsterinsights_skip_tracking":false,"_monsterinsights_sitenote_active":false,"_monsterinsights_sitenote_note":"","_monsterinsights_sitenote_category":0,"footnotes":""},"categories":[9,31],"tags":[93,71],"class_list":{"0":"post-26830","1":"post","2":"type-post","3":"status-publish","4":"format-standard","5":"has-post-thumbnail","7":"category-voleibol-de-praia","8":"category-voleitv","9":"tag-cnvp2023","10":"tag-epoca-2022-2023","11":"czr-hentry"},"aioseo_notices":[],"_links":{"self":[{"href":"https:\/\/fpvoleibol.pt\/fpv\/wp-json\/wp\/v2\/posts\/26830","targetHints":{"allow":["GET"]}}],"collection":[{"href":"https:\/\/fpvoleibol.pt\/fpv\/wp-json\/wp\/v2\/posts"}],"about":[{"href":"https:\/\/fpvoleibol.pt\/fpv\/wp-json\/wp\/v2\/types\/post"}],"author":[{"embeddable":true,"href":"https:\/\/fpvoleibol.pt\/fpv\/wp-json\/wp\/v2\/users\/2"}],"replies":[{"embeddable":true,"href":"https:\/\/fpvoleibol.pt\/fpv\/wp-json\/wp\/v2\/comments?post=26830"}],"version-history":[{"count":6,"href":"https:\/\/fpvoleibol.pt\/fpv\/wp-json\/wp\/v2\/posts\/26830\/revisions"}],"predecessor-version":[{"id":26865,"href":"https:\/\/fpvoleibol.pt\/fpv\/wp-json\/wp\/v2\/posts\/26830\/revisions\/26865"}],"wp:featuredmedia":[{"embeddable":true,"href":"https:\/\/fpvoleibol.pt\/fpv\/wp-json\/wp\/v2\/media\/26834"}],"wp:attachment":[{"href":"https:\/\/fpvoleibol.pt\/fpv\/wp-json\/wp\/v2\/media?parent=26830"}],"wp:term":[{"taxonomy":"category","embeddable":true,"href":"https:\/\/fpvoleibol.pt\/fpv\/wp-json\/wp\/v2\/categories?post=26830"},{"taxonomy":"post_tag","embeddable":true,"href":"https:\/\/fpvoleibol.pt\/fpv\/wp-json\/wp\/v2\/tags?post=26830"}],"curies":[{"name":"wp","href":"https:\/\/api.w.org\/{rel}","templated":true}]}}