{"id":26736,"date":"2023-07-29T10:10:24","date_gmt":"2023-07-29T10:10:24","guid":{"rendered":"https:\/\/fpvoleibol.pt\/fpv\/?p=26736"},"modified":"2023-07-29T10:10:24","modified_gmt":"2023-07-29T10:10:24","slug":"campeonato-nacional-de-voleibol-de-praia","status":"publish","type":"post","link":"https:\/\/fpvoleibol.pt\/fpv\/2023\/07\/29\/campeonato-nacional-de-voleibol-de-praia\/","title":{"rendered":"CAMPEONATO NACIONAL DE VOLEIBOL DE PRAIA"},"content":{"rendered":"<p><img loading=\"lazy\" decoding=\"async\" class=\"size-full wp-image-25794 aligncenter\" src=\"https:\/\/fpvoleibol.pt\/fpv\/wp-content\/uploads\/2023\/06\/poster_cnvp_2023a_d_vero.jpg\" alt=\"\" width=\"960\" height=\"1358\" srcset=\"https:\/\/fpvoleibol.pt\/fpv\/wp-content\/uploads\/2023\/06\/poster_cnvp_2023a_d_vero.jpg 960w, https:\/\/fpvoleibol.pt\/fpv\/wp-content\/uploads\/2023\/06\/poster_cnvp_2023a_d_vero-212x300.jpg 212w, https:\/\/fpvoleibol.pt\/fpv\/wp-content\/uploads\/2023\/06\/poster_cnvp_2023a_d_vero-724x1024.jpg 724w, https:\/\/fpvoleibol.pt\/fpv\/wp-content\/uploads\/2023\/06\/poster_cnvp_2023a_d_vero-768x1086.jpg 768w\" sizes=\"auto, (max-width: 960px) 100vw, 960px\" \/>A <a href=\"https:\/\/fpvoleibol.pt\/cnvp2023\/etapas.html#features16-18\"><strong>4.\u00aa Etapa<\/strong><\/a> do <a href=\"https:\/\/fpvoleibol.pt\/cnvp2023\"><strong>Campeonato Nacional de Voleibol de Praia 2023<\/strong><\/a> est\u00e1 a ser disputada na <span style=\"text-decoration: underline;\">Praia da Congida, em Freixo de Espada \u00e0 Cinta<\/span>.<\/p>\n<p>Ver todas as informa\u00e7\u00f5es em <a href=\"https:\/\/fpvoleibol.pt\/cnvp2023\/\">fpvoleibol.pt\/cnvp2023<\/a> e <a href=\"https:\/\/www.facebook.com\/fpvoleibol\">www.facebook.com\/fpvoleibol<\/a><\/p>\n<p>As finais ser\u00e3o transmitidas em directo na <a href=\"https:\/\/www.volei.tv\/\">Volei TV<\/a> e n&#8217; A Bola TV.<\/p>\n<p>Ao todo, ser\u00e3o realizadas seis etapas, sendo que a 6.\u00aa e \u00faltima etapa ser\u00e1 considerada a Final do <a href=\"https:\/\/fpvoleibol.pt\/cnvp2023\"><strong>CNVP 2023<\/strong> <\/a>e ser\u00e1 disputada na Praia da Rocha, em Portim\u00e3o, Algarve, nos dias 11, 12 e 13 de Agosto.<\/p>\n<p style=\"text-align: center;\">As finais ser\u00e3o transmitidas em directo na <a href=\"https:\/\/www.volei.tv\/\">Volei TV<\/a> e n&#8217; A Bola TV.<\/p>\n<p style=\"text-align: center;\"><span style=\"text-decoration: underline;\"><strong>Todas as informa\u00e7\u00f5es <a href=\"https:\/\/fpvoleibol.pt\/cnvp2023\">AQUI<\/a><\/strong><\/span><\/p>\n<p style=\"text-align: center;\"><span style=\"text-decoration: underline;\"><strong>Calend\u00e1rio<\/strong><\/span><\/p>\n<p style=\"text-align: center;\"><strong>1.\u00aa Etapa (Porto)<br \/>\n<\/strong>23 a 25 de Junho \u2013 <strong>Praia Internacional<\/strong><\/p>\n<p style=\"text-align: center;\"><strong>2.\u00aa Etapa (Espinho)<\/strong><br \/>\n7 a 9 de Julho \u2013 Praia da Ba\u00eda<\/p>\n<p style=\"text-align: center;\"><strong>3.\u00aa Etapa (Cascais)<\/strong><br \/>\n21 a 23 de Julho \u2013 Praia de Carcavelos<\/p>\n<p style=\"text-align: center;\"><strong>4.\u00aa Etapa (Freixo de Espada \u00e0 Cinta)<br \/>\n<\/strong>28 a 30 de Julho \u2013 Praia da Congida<\/p>\n<p style=\"text-align: center;\"><strong>5.\u00aa Etapa (Ovar)<\/strong><br \/>\n4 a 6 de Agosto \u2013 Praia de Esmoriz<\/p>\n<p style=\"text-align: center;\"><strong>6.\u00aa Etapa (Portim\u00e3o)<\/strong><br \/>\n11 a 13 de Agosto \u2013 Praia da Rocha<\/p>\n<p style=\"text-align: center;\"><span style=\"background-color: #000000; color: #ffffff;\"><img loading=\"lazy\" decoding=\"async\" class=\"size-full wp-image-18136 aligncenter\" src=\"https:\/\/fpvoleibol.pt\/fpv\/wp-content\/uploads\/2022\/08\/VP2022_podio-nacional-d.jpg\" alt=\"\" width=\"1040\" height=\"693\" srcset=\"https:\/\/fpvoleibol.pt\/fpv\/wp-content\/uploads\/2022\/08\/VP2022_podio-nacional-d.jpg 1040w, https:\/\/fpvoleibol.pt\/fpv\/wp-content\/uploads\/2022\/08\/VP2022_podio-nacional-d-300x200.jpg 300w, https:\/\/fpvoleibol.pt\/fpv\/wp-content\/uploads\/2022\/08\/VP2022_podio-nacional-d-1024x682.jpg 1024w, https:\/\/fpvoleibol.pt\/fpv\/wp-content\/uploads\/2022\/08\/VP2022_podio-nacional-d-768x512.jpg 768w\" sizes=\"auto, (max-width: 1040px) 100vw, 1040px\" \/>Em 2022<\/span><\/p>\n<p>As duplas de Voleibol de Praia <strong>Jo\u00e3o Pedrosa\/Hugo Campos <\/strong>e\u00a0<strong>Beatriz Pinheiro\/In\u00eas Castro<\/strong> venceram a Final (5.\u00aa Etapa) do <a href=\"https:\/\/fpvoleibol.pt\/cnvp2022\/\">Campeonato Nacional 2022<\/a> , disputada no Centro de Alto Rendimento de Voleibol de Praia (CARVP) da Federa\u00e7\u00e3o Portuguesa de Voleibol (FPV), em Cortega\u00e7a, Ovar. Toda a informa\u00e7\u00e3o <a href=\"https:\/\/fpvoleibol.pt\/cnvp2022\/\">AQUI<\/a><\/p>\n<p>Para conseguir o seu primeiro <em>ceptro<\/em> nacional, <strong>Beatriz Pinheiro\/In\u00eas Castro<\/strong>, jovem dupla apoiada pela Federa\u00e7\u00e3o Portuguesa de Voleibol (FPV), derrotou (2-0: 21-10 e 21-19), na final, <strong>Ana Rui Monteiro\/Margarida Santos<\/strong>, dupla formada por duas jovens que representam a Selec\u00e7\u00e3o Nacional.<br \/>\nNo \u00faltimo lugar do p\u00f3dio ficou a dupla campe\u00e3 em 2021, <strong>Juliana Antunes\/T\u00e2nia Oliveira<\/strong> ao superar (2-0: 22-20 e 23-21) <strong>Raquel Lacerda\/Marta Hurst<\/strong>.<\/p>\n<p>Em masculinos, <strong>Jo\u00e3o Pedrosa\/Hugo Campos<\/strong>, dupla apoiada pela FPV, tamb\u00e9m conseguiu o seu primeiro t\u00edtulo nacional, depois de vencer, na final, outra jovem dupla que faz parte das Selec\u00e7\u00f5es Nacionais, <strong>Guilherme Maia\/Filipe Leite<\/strong> por 2-0: 21-16 e 21-15.<br \/>\nNo terceiro lugar ficaram <strong>Jos\u00e9 Monteiro e Sim\u00e3o Teixeira<\/strong>, ap\u00f3s derrotarem (2-0: 21-18 e 21-16) <strong>Guilherme Costa e Andr\u00e9 Sapina<\/strong>.<\/p>\n<p style=\"text-align: center;\">As finais de femininos e de masculinos foram transmitidas em directo na <a href=\"https:\/\/www.volei.tv\/\">Volei TV<\/a> e A Bola TV.<\/p>\n<p>Ver lista dos anteriores <a href=\"https:\/\/fpvoleibol.pt\/fpv\/wp-content\/uploads\/2023\/06\/Voleibol_de_Praia_Vencedores_Podios_2022.pdf\">campe\u00f5es nacionais de Voleibol de Praia AQUI<\/a><\/p>\n","protected":false},"excerpt":{"rendered":"<p>A 4.\u00aa Etapa do Campeonato Nacional de Voleibol de Praia 2023 est\u00e1 a ser disputada na Praia da Congida, em Freixo de Espada \u00e0 Cinta. Ver todas as informa\u00e7\u00f5es em [&hellip;]<\/p>\n","protected":false},"author":2,"featured_media":25792,"comment_status":"open","ping_status":"open","sticky":false,"template":"","format":"standard","meta":{"_monsterinsights_skip_tracking":false,"_monsterinsights_sitenote_active":false,"_monsterinsights_sitenote_note":"","_monsterinsights_sitenote_category":0,"footnotes":""},"categories":[8],"tags":[93,71],"class_list":{"0":"post-26736","1":"post","2":"type-post","3":"status-publish","4":"format-standard","5":"has-post-thumbnail","7":"category-voleibol","8":"tag-cnvp2023","9":"tag-epoca-2022-2023","10":"czr-hentry"},"aioseo_notices":[],"_links":{"self":[{"href":"https:\/\/fpvoleibol.pt\/fpv\/wp-json\/wp\/v2\/posts\/26736","targetHints":{"allow":["GET"]}}],"collection":[{"href":"https:\/\/fpvoleibol.pt\/fpv\/wp-json\/wp\/v2\/posts"}],"about":[{"href":"https:\/\/fpvoleibol.pt\/fpv\/wp-json\/wp\/v2\/types\/post"}],"author":[{"embeddable":true,"href":"https:\/\/fpvoleibol.pt\/fpv\/wp-json\/wp\/v2\/users\/2"}],"replies":[{"embeddable":true,"href":"https:\/\/fpvoleibol.pt\/fpv\/wp-json\/wp\/v2\/comments?post=26736"}],"version-history":[{"count":2,"href":"https:\/\/fpvoleibol.pt\/fpv\/wp-json\/wp\/v2\/posts\/26736\/revisions"}],"predecessor-version":[{"id":26738,"href":"https:\/\/fpvoleibol.pt\/fpv\/wp-json\/wp\/v2\/posts\/26736\/revisions\/26738"}],"wp:featuredmedia":[{"embeddable":true,"href":"https:\/\/fpvoleibol.pt\/fpv\/wp-json\/wp\/v2\/media\/25792"}],"wp:attachment":[{"href":"https:\/\/fpvoleibol.pt\/fpv\/wp-json\/wp\/v2\/media?parent=26736"}],"wp:term":[{"taxonomy":"category","embeddable":true,"href":"https:\/\/fpvoleibol.pt\/fpv\/wp-json\/wp\/v2\/categories?post=26736"},{"taxonomy":"post_tag","embeddable":true,"href":"https:\/\/fpvoleibol.pt\/fpv\/wp-json\/wp\/v2\/tags?post=26736"}],"curies":[{"name":"wp","href":"https:\/\/api.w.org\/{rel}","templated":true}]}}